{"id":110738,"date":"2021-02-06T17:18:02","date_gmt":"2021-02-06T22:18:02","guid":{"rendered":"https:\/\/linitiative.ca\/International\/ua-moussa-faki-rempile-pour-un-2eme-mandat\/"},"modified":"2021-02-06T17:18:02","modified_gmt":"2021-02-06T22:18:02","slug":"ua-moussa-faki-rempile-pour-un-2eme-mandat","status":"publish","type":"post","link":"https:\/\/linitiative.ca\/International\/ua-moussa-faki-rempile-pour-un-2eme-mandat\/","title":{"rendered":"UA : Moussa Faki rempile pour un 2\u00e8me mandat"},"content":{"rendered":"<div readability=\"32\">\n<p>Publi\u00e9 le 06.02.2021 \u00e0 23h18 par APA News<\/p>\n<\/div>\n<div readability=\"68\">\n<p>Le pr\u00e9sident sortant de la Commission de l\u2019Union africaine (CUA), Moussa Faki Mahamat, a \u00e9t\u00e9 r\u00e9\u00e9lu samedi pour un mandat de quatre ans, a annonc\u00e9 sa porte-parole Ebba Kalondo.Lors du vote organis\u00e9 samedi dans le cadre de la 34eme session ordinaire du Sommet de l\u2019UA, le pr\u00e9sident de la Commission a recueilli 51 voix, a-t-elle pr\u00e9cis\u00e9 dans un tweet.<\/p>\n<p>\u00ab Profond\u00e9ment honor\u00e9 par ce vote de confiance historique et \u00e9crasant \u00bb, a comment\u00e9 peu apr\u00e8s M. Faki sur le m\u00eame r\u00e9seau social, f\u00e9licitant au passage Monique Nsanzabaganwa, vice-gouverneur de la Banque nationale du Rwanda, \u00e9lue son adjointe \u00e0 la t\u00eate de la Commission.<\/p>\n<p>La nouvelle Commission de l\u2019Union africaine qui sera issue du 34eme Sommet de l\u2019Union devra parachever la r\u00e9forme et s\u2019atteler avec c\u00e9l\u00e9rit\u00e9 \u00e0 la mise en \u0153uvre des projets phares de l\u2019agenda 2063, avait affirm\u00e9 dans la journ\u00e9e le Pr\u00e9sident de la Commission de l\u2019UA.<\/p>\n<p>\u00abLa session de cette assembl\u00e9e aura la particularit\u00e9 historique d\u2019\u00e9lire le leadership de la Commission. Ainsi refond\u00e9e, la nouvelle Commission, devra parachever la r\u00e9forme, r\u00e9pondre sans tarder aux attentes pressentes des Etats et s\u2019atteler avec c\u00e9l\u00e9rit\u00e9 \u00e0 la mise en \u0153uvre des projets phares de l\u2019agenda 2063\u00bb, a soulign\u00e9 Moussa Faki Mahamat lors de la s\u00e9ance d\u2019ouverture par visioconf\u00e9rence de la 34eme session ordinaire du Sommet de l\u2019UA.<\/p>\n<p>Revenant sur son mandat \u00e0 la t\u00eate de la Commission qui arrive \u00e0 terme, M. Faki Mahamat a relev\u00e9 que toute son action au cours de ces quatre derni\u00e8res ann\u00e9es a \u00e9t\u00e9 guid\u00e9e par le souci du renforcement de l\u2019Union africaine dans ses structures internes et dans sa pr\u00e9sence sur la sc\u00e8ne internationale.<\/p>\n<\/div>\n<p>Auteur: APA News<br \/>\n<a href=\"https:\/\/www.journalducameroun.com\/ua-moussa-faki-rempile-pour-un-2eme-mandat\/\">Cliquez ici pour lire l&rsquo;article depuis sa source.<\/a><\/p>\n","protected":false},"excerpt":{"rendered":"<p>Publi\u00e9 le 06.02.2021 \u00e0 23h18 par APA News Le pr\u00e9sident sortant de la Commission de l\u2019Union africaine (CUA), Moussa Faki Mahamat, a \u00e9t\u00e9 r\u00e9\u00e9lu samedi pour un mandat de quatre ans, a annonc\u00e9 sa porte-parole Ebba Kalondo.Lors du vote organis\u00e9 samedi dans le cadre de la 34eme session ordinaire du Sommet de l\u2019UA, le pr\u00e9sident [&hellip;]<\/p>\n","protected":false},"author":1965,"featured_media":0,"comment_status":"closed","ping_status":"closed","sticky":false,"template":"","format":"standard","meta":{"fifu_image_url":"","fifu_image_alt":"","footnotes":""},"categories":[73,82],"tags":[],"class_list":["post-110738","post","type-post","status-publish","format-standard","hentry","category-actualite","category-cameroun"],"_links":{"self":[{"href":"https:\/\/linitiative.ca\/International\/wp-json\/wp\/v2\/posts\/110738","targetHints":{"allow":["GET"]}}],"collection":[{"href":"https:\/\/linitiative.ca\/International\/wp-json\/wp\/v2\/posts"}],"about":[{"href":"https:\/\/linitiative.ca\/International\/wp-json\/wp\/v2\/types\/post"}],"author":[{"embeddable":true,"href":"https:\/\/linitiative.ca\/International\/wp-json\/wp\/v2\/users\/1965"}],"replies":[{"embeddable":true,"href":"https:\/\/linitiative.ca\/International\/wp-json\/wp\/v2\/comments?post=110738"}],"version-history":[{"count":0,"href":"https:\/\/linitiative.ca\/International\/wp-json\/wp\/v2\/posts\/110738\/revisions"}],"wp:attachment":[{"href":"https:\/\/linitiative.ca\/International\/wp-json\/wp\/v2\/media?parent=110738"}],"wp:term":[{"taxonomy":"category","embeddable":true,"href":"https:\/\/linitiative.ca\/International\/wp-json\/wp\/v2\/categories?post=110738"},{"taxonomy":"post_tag","embeddable":true,"href":"https:\/\/linitiative.ca\/International\/wp-json\/wp\/v2\/tags?post=110738"}],"curies":[{"name":"wp","href":"https:\/\/api.w.org\/{rel}","templated":true}]}}