{"id":110740,"date":"2021-02-06T12:25:11","date_gmt":"2021-02-06T17:25:11","guid":{"rendered":"https:\/\/linitiative.ca\/International\/chan-2020-la-delegation-marocaine-refuse-demmenager-dans-un-hotel-de-peur-detre-contaminee-au-coronavirus\/"},"modified":"2021-02-06T12:25:11","modified_gmt":"2021-02-06T17:25:11","slug":"chan-2020-la-delegation-marocaine-refuse-demmenager-dans-un-hotel-de-peur-detre-contaminee-au-coronavirus","status":"publish","type":"post","link":"https:\/\/linitiative.ca\/International\/chan-2020-la-delegation-marocaine-refuse-demmenager-dans-un-hotel-de-peur-detre-contaminee-au-coronavirus\/","title":{"rendered":"CHAN 2020 : la d\u00e9l\u00e9gation marocaine refuse d\u2019emm\u00e9nager dans un h\u00f4tel de peur d\u2019\u00eatre contamin\u00e9e au Coronavirus"},"content":{"rendered":"<p>La d\u00e9l\u00e9gation du Maroc s\u00e9journe depuis le vendredi 5 f\u00e9vrier 2021 \u00e0 Yaound\u00e9, o\u00f9 elle disputera la finale du Championnat d\u2019Afrique des Nations (CHAN) de football 2020 face au Mali ce dimanche 7 f\u00e9vrier 2021. Mais \u00e0 son arriv\u00e9e dans la capitale camerounaise, le Maroc a refus\u00e9 d\u2019emm\u00e9nager \u00e0 l\u2019H\u00f4tel \u00ab\u00a0<em>La<\/em>\u00a0<em>Falaise<\/em>\u00a0\u00bb, que lui avait r\u00e9serv\u00e9 le comit\u00e9 local d\u2019organisation.<\/p>\n<p>Le directeur du tournoi, Michel Dissake Mbarga, l\u2019a fait savoir par courrier vendredi au Secr\u00e9taire g\u00e9n\u00e9ral par int\u00e9rim de la CAF, Abdel Bah, en lui rappelant que ledit h\u00f4tel n\u2019est pas homologu\u00e9 par la CAF, contrairement \u00e0 l\u2019h\u00f4tel\u00a0<em>\u00ab\u00a0La Falaise<\/em>\u00a0\u00bb.<\/p>\n<p>\u00ab\u00a0Le COL (Comit\u00e9 d\u2019organisation local), d\u00e9cline son enti\u00e8re responsabilit\u00e9 pour un quelconque incident qui pourrait survenir \u00e0 la d\u00e9l\u00e9gation marocaine face au non-respect du plan d\u2019h\u00e9bergement valid\u00e9 par la CAF\u00a0\u00bb, a pr\u00e9venu Dissake Mbarga.<\/p>\n<p>Interrog\u00e9 en conf\u00e9rence de presse ce samedi 6 f\u00e9vrier 2021 sur cette attitude qui frise le d\u00e9dain \u00e0 l\u2019endroit des organisateurs, le s\u00e9lectionneur du Maroc, Houcine Ammounata, a laiss\u00e9 entendre que c\u2019est par crainte de contamination au Coronavirus que son \u00e9quipe s\u2019est d\u00e9port\u00e9e \u00e0 Nkometou, \u00e0 une vingtaine de kilom\u00e8tres de la capitale.<\/p>\n<p>\u00ab\u00a0Tout simplement pour limiter les conditions de contamination. On a vu les exp\u00e9riences pr\u00e9c\u00e9dentes avec la RD Congo qui en a souffert mentalement. On a pens\u00e9 opportun d\u2019aller dans un petit h\u00f4tel, tr\u00e8s propre, tr\u00e8s moyen, et qui n\u2019est pas au m\u00eame niveau que *La Falaise*. On a pr\u00e9f\u00e9r\u00e9 rester group\u00e9s dans ce petit h\u00f4tel o\u00f9 on se voit toutes les cinq minutes, contrairement \u00e0 *La Falaise* qui est tr\u00e8s grand. Je crois qu\u2019on a fait un bon choix\u00a0\u00bb, a expliqu\u00e9 le technicien marocain.<\/p>\n<p><strong>Yannick KENNE<\/strong><\/p>\n<p>Auteur: EcoMatin<br \/>\n<a href=\"https:\/\/ecomatin.net\/chan-2020-la-delegation-marocaine-refuse-demmenager-dans-un-hotel-de-peur-detre-contaminee-au-coronavirus\/\">Cliquez ici pour lire l&rsquo;article depuis sa source.<\/a><\/p>\n","protected":false},"excerpt":{"rendered":"<p>La d\u00e9l\u00e9gation du Maroc s\u00e9journe depuis le vendredi 5 f\u00e9vrier 2021 \u00e0 Yaound\u00e9, o\u00f9 elle disputera la finale du Championnat d\u2019Afrique des Nations (CHAN) de football 2020 face au Mali ce dimanche 7 f\u00e9vrier 2021. Mais \u00e0 son arriv\u00e9e dans la capitale camerounaise, le Maroc a refus\u00e9 d\u2019emm\u00e9nager \u00e0 l\u2019H\u00f4tel \u00ab\u00a0La\u00a0Falaise\u00a0\u00bb, que lui avait r\u00e9serv\u00e9 [&hellip;]<\/p>\n","protected":false},"author":1969,"featured_media":0,"comment_status":"closed","ping_status":"closed","sticky":false,"template":"","format":"standard","meta":{"fifu_image_url":"","fifu_image_alt":"","footnotes":""},"categories":[82,78],"tags":[],"class_list":["post-110740","post","type-post","status-publish","format-standard","hentry","category-cameroun","category-economie"],"_links":{"self":[{"href":"https:\/\/linitiative.ca\/International\/wp-json\/wp\/v2\/posts\/110740","targetHints":{"allow":["GET"]}}],"collection":[{"href":"https:\/\/linitiative.ca\/International\/wp-json\/wp\/v2\/posts"}],"about":[{"href":"https:\/\/linitiative.ca\/International\/wp-json\/wp\/v2\/types\/post"}],"author":[{"embeddable":true,"href":"https:\/\/linitiative.ca\/International\/wp-json\/wp\/v2\/users\/1969"}],"replies":[{"embeddable":true,"href":"https:\/\/linitiative.ca\/International\/wp-json\/wp\/v2\/comments?post=110740"}],"version-history":[{"count":0,"href":"https:\/\/linitiative.ca\/International\/wp-json\/wp\/v2\/posts\/110740\/revisions"}],"wp:attachment":[{"href":"https:\/\/linitiative.ca\/International\/wp-json\/wp\/v2\/media?parent=110740"}],"wp:term":[{"taxonomy":"category","embeddable":true,"href":"https:\/\/linitiative.ca\/International\/wp-json\/wp\/v2\/categories?post=110740"},{"taxonomy":"post_tag","embeddable":true,"href":"https:\/\/linitiative.ca\/International\/wp-json\/wp\/v2\/tags?post=110740"}],"curies":[{"name":"wp","href":"https:\/\/api.w.org\/{rel}","templated":true}]}}