{"id":110742,"date":"2021-02-06T14:35:08","date_gmt":"2021-02-06T19:35:08","guid":{"rendered":"https:\/\/linitiative.ca\/International\/une-charte-dhonneur-lie-le-rni-avec-ses-elus\/"},"modified":"2021-02-06T14:35:08","modified_gmt":"2021-02-06T19:35:08","slug":"une-charte-dhonneur-lie-le-rni-avec-ses-elus","status":"publish","type":"post","link":"https:\/\/linitiative.ca\/International\/une-charte-dhonneur-lie-le-rni-avec-ses-elus\/","title":{"rendered":"Une charte\u00a0d\u2019honneur\u00a0lie le RNI avec ses \u00e9lus"},"content":{"rendered":"<p><img decoding=\"async\" class=\"post_layout_5_img\" src=\"http:\/\/aujourdhui.ma\/wp-content\/uploads\/2021\/02\/Proposee-par-le-president-du-parti-lors-de-la-derniere-session-du-conseil-national-Une-charte-dhonneur-lie-le-RNI-avec-ses-elus.jpg\" alt=\"Une charte&#xA0;d&#x2019;honneur&#xA0;lie le RNI avec ses &#xE9;lus\"\/><\/p>\n<p><span class=\"c5\"><strong>Propos\u00e9e par le pr\u00e9sident du parti lors de la derni\u00e8re session du conseil national<br \/><\/strong><\/span><\/p>\n<p>Une charte d\u2019honneur pour servir les int\u00e9r\u00eats de la nation entre le Rassemblement national des ind\u00e9pendants et ses \u00e9lus. L\u2019id\u00e9e vient d\u2019\u00eatre propos\u00e9e par Aziz Akhannouch, pr\u00e9sident du parti, lors de son dernier conseil national. Il s\u2019agit d\u2019une id\u00e9e novatrice qui risque de r\u00e9volutionner l\u2019action politique au Maroc. Il faut dire que le conseil national a \u00e9t\u00e9 marqu\u00e9 par le rapport politique qui aborde des nouveaut\u00e9s politiques et organiques en mettant l\u2019accent sur \u00abla n\u00e9cessit\u00e9 de consolider le parti au niveau interne et de renforcer sa coh\u00e9sion\u00bb. Dans son rapport, M. Akhannouch a \u00e9galement abord\u00e9 des initiatives, projets et programmes lanc\u00e9s avec coh\u00e9sion par le RNI. L\u2019objectif \u00e9tant, pour lui, de \u00abrestaurer la confiance du citoyen en l\u2019action et l\u2019acteur politique\u00bb.<\/p>\n<p><span class=\"c6\"><strong>Campagne de vaccination anti-Covid<\/strong><\/span><\/p>\n<p>Par l\u2019occasion, le parti n\u2019a pas manqu\u00e9 de se f\u00e9liciter du lancement, par le Souverain, de la campagne nationale de la vaccination anti-Covid. Cette formation politique s\u2019exprime \u00e9galement sur sa \u00abfiert\u00e9\u00bb du caract\u00e8re \u00abanticipatif\u00bb de cette campagne qui met, en outre, \u00abnotre pays \u00e0 l\u2019avant-garde des pays b\u00e9n\u00e9ficiaires de l\u2019inoculation au niveau du continent en d\u00e9pit des contraintes des vaccins \u00e0 l\u2019\u00e9chelle internationale\u00bb. Aussi, les ind\u00e9pendants se f\u00e9licitent des mesures anticipatives prises par le Royaume au profit de la sant\u00e9 des citoyens.<\/p>\n<p><a href=\"https:http:\/\/aujourdhui.ma\/wp-content\/uploads\/2021\/02\/Une-charte-dhonneur-lie-le-RNI-avec-ses-elus.jpeg\"><img decoding=\"async\" loading=\"lazy\" class=\"wp-image-367625 aligncenter\" src=\"http:\/\/aujourdhui.ma\/wp-content\/uploads\/2021\/02\/Une-charte-dhonneur-lie-le-RNI-avec-ses-elus.jpeg\" alt=\"\" width=\"800\" height=\"533\" srcset=\"http:\/\/aujourdhui.ma\/wp-content\/uploads\/2021\/02\/Une-charte-dhonneur-lie-le-RNI-avec-ses-elus.jpeg 1024w, \/\/aujourdhui.ma\/wp-content\/uploads\/2021\/02\/Une-charte-dhonneur-lie-le-RNI-avec-ses-elus-300x200.jpeg 300w, \/\/aujourdhui.ma\/wp-content\/uploads\/2021\/02\/Une-charte-dhonneur-lie-le-RNI-avec-ses-elus-768x512.jpeg 768w, \/\/aujourdhui.ma\/wp-content\/uploads\/2021\/02\/Une-charte-dhonneur-lie-le-RNI-avec-ses-elus-80x54.jpeg 80w, \/\/aujourdhui.ma\/wp-content\/uploads\/2021\/02\/Une-charte-dhonneur-lie-le-RNI-avec-ses-elus-130x87.jpeg 130w, \/\/aujourdhui.ma\/wp-content\/uploads\/2021\/02\/Une-charte-dhonneur-lie-le-RNI-avec-ses-elus-359x240.jpeg 359w, \/\/aujourdhui.ma\/wp-content\/uploads\/2021\/02\/Une-charte-dhonneur-lie-le-RNI-avec-ses-elus-85x57.jpeg 85w, \/\/aujourdhui.ma\/wp-content\/uploads\/2021\/02\/Une-charte-dhonneur-lie-le-RNI-avec-ses-elus-112x75.jpeg 112w, \/\/aujourdhui.ma\/wp-content\/uploads\/2021\/02\/Une-charte-dhonneur-lie-le-RNI-avec-ses-elus-179x120.jpeg 179w, \/\/aujourdhui.ma\/wp-content\/uploads\/2021\/02\/Une-charte-dhonneur-lie-le-RNI-avec-ses-elus-170x113.jpeg 170w, \/\/aujourdhui.ma\/wp-content\/uploads\/2021\/02\/Une-charte-dhonneur-lie-le-RNI-avec-ses-elus-81x55.jpeg 81w, \/\/aujourdhui.ma\/wp-content\/uploads\/2021\/02\/Une-charte-dhonneur-lie-le-RNI-avec-ses-elus-765x510.jpeg 765w\" sizes=\"auto, (max-width: 800px) 100vw, 800px\"\/><\/a><\/p>\n<p><span class=\"c6\"><strong>Question du Sahara<\/strong><\/span><\/p>\n<p>Le conseil national a rappel\u00e9 la diplomatie \u00absage\u00bb de SM le Roi. Une d\u00e9marche couronn\u00e9e par la reconnaissance am\u00e9ricaine de la marocanit\u00e9 du Sahara. De surcro\u00eet, il a soulign\u00e9 que la reprise des relations avec Isra\u00ebl concr\u00e9tise \u00abla position constante de notre pays en tant que garant de la paix au Moyen-Orient\u00bb. Le tout en conservant les obligations \u00e0 l\u2019\u00e9gard du peuple palestinien. \u00abEn m\u00eame temps, le Royaume veille \u00e0 conserver des relations solides avec ses ressortissants juifs d\u2019origine marocaine\u00bb.<\/p>\n<p><a href=\"https:http:\/\/aujourdhui.ma\/wp-content\/uploads\/2021\/02\/Une-charte-dhonneur-lie-le-RNI-avec-ses-elussss.jpeg\"><img decoding=\"async\" loading=\"lazy\" class=\"wp-image-367628 aligncenter\" src=\"http:\/\/aujourdhui.ma\/wp-content\/uploads\/2021\/02\/Une-charte-dhonneur-lie-le-RNI-avec-ses-elussss.jpeg\" alt=\"\" width=\"800\" height=\"534\" srcset=\"http:\/\/aujourdhui.ma\/wp-content\/uploads\/2021\/02\/Une-charte-dhonneur-lie-le-RNI-avec-ses-elussss.jpeg 1024w, \/\/aujourdhui.ma\/wp-content\/uploads\/2021\/02\/Une-charte-dhonneur-lie-le-RNI-avec-ses-elussss-300x200.jpeg 300w, \/\/aujourdhui.ma\/wp-content\/uploads\/2021\/02\/Une-charte-dhonneur-lie-le-RNI-avec-ses-elussss-768x512.jpeg 768w, \/\/aujourdhui.ma\/wp-content\/uploads\/2021\/02\/Une-charte-dhonneur-lie-le-RNI-avec-ses-elussss-80x54.jpeg 80w, \/\/aujourdhui.ma\/wp-content\/uploads\/2021\/02\/Une-charte-dhonneur-lie-le-RNI-avec-ses-elussss-130x87.jpeg 130w, \/\/aujourdhui.ma\/wp-content\/uploads\/2021\/02\/Une-charte-dhonneur-lie-le-RNI-avec-ses-elussss-359x240.jpeg 359w, \/\/aujourdhui.ma\/wp-content\/uploads\/2021\/02\/Une-charte-dhonneur-lie-le-RNI-avec-ses-elussss-85x57.jpeg 85w, \/\/aujourdhui.ma\/wp-content\/uploads\/2021\/02\/Une-charte-dhonneur-lie-le-RNI-avec-ses-elussss-266x179.jpeg 266w, \/\/aujourdhui.ma\/wp-content\/uploads\/2021\/02\/Une-charte-dhonneur-lie-le-RNI-avec-ses-elussss-347x233.jpeg 347w, \/\/aujourdhui.ma\/wp-content\/uploads\/2021\/02\/Une-charte-dhonneur-lie-le-RNI-avec-ses-elussss-112x75.jpeg 112w, \/\/aujourdhui.ma\/wp-content\/uploads\/2021\/02\/Une-charte-dhonneur-lie-le-RNI-avec-ses-elussss-179x120.jpeg 179w, \/\/aujourdhui.ma\/wp-content\/uploads\/2021\/02\/Une-charte-dhonneur-lie-le-RNI-avec-ses-elussss-170x113.jpeg 170w, \/\/aujourdhui.ma\/wp-content\/uploads\/2021\/02\/Une-charte-dhonneur-lie-le-RNI-avec-ses-elussss-81x55.jpeg 81w, \/\/aujourdhui.ma\/wp-content\/uploads\/2021\/02\/Une-charte-dhonneur-lie-le-RNI-avec-ses-elussss-765x510.jpeg 765w\" sizes=\"auto, (max-width: 800px) 100vw, 800px\"\/><\/a><\/p>\n<p><span class=\"c6\"><strong>Mobilisation pour l\u2019\u00e9conomie<\/strong><\/span><\/p>\n<p>A propos de la conjoncture socio-\u00e9conomique \u00abdifficile\u00bb au Maroc, les ind\u00e9pendants mettent l\u2019accent sur \u00abla mobilisation des ministres du parti de la colombe et ses \u00e9lus pour concr\u00e9tiser, am\u00e9liorer et d\u00e9velopper le plan d\u2019acc\u00e9l\u00e9ration industrielle lanc\u00e9 par le Souverain via l\u2019appui aux entreprises et la conservation des postes d\u2019emploi\u00bb. Le conseil national a, en outre, insist\u00e9 sur \u00abla n\u00e9cessit\u00e9 de r\u00e9ussir le chantier de g\u00e9n\u00e9ralisation de la protection sociale que le parti a mis au centre de sa conception des politiques publiques dans l\u2019avenir\u00bb. Dans ce sens, il appelle \u00e0 \u00abconsolider la confiance au march\u00e9 national en offrant des incitations \u00e9minentes aux commer\u00e7ants professionnels et prestataires de services tout en lan\u00e7ant plus de programmes \u00e0 leur profit, en dispensant le climat appropri\u00e9 \u00e0 la stabilit\u00e9 de ces march\u00e9s afin qu\u2019ils puissent relancer l\u2019\u00e9conomie et en interagissant avec les attentes l\u00e9gitimes de ces cat\u00e9gories\u00bb. \u00abCe qui permettra de reprendre l\u2019investissement interner et cr\u00e9er une mutation en d\u00e9veloppement attendue conform\u00e9ment aux grands chantiers royaux et Hautes orientations pour la promotion de l\u2019\u00e9conomie\u00bb.<\/p>\n<p><a href=\"https:http:\/\/aujourdhui.ma\/wp-content\/uploads\/2021\/02\/Une-charte-dhonneur-lie-le-RNI-avec-ses-eluss.jpeg\"><img decoding=\"async\" loading=\"lazy\" class=\"wp-image-367626 aligncenter\" src=\"http:\/\/aujourdhui.ma\/wp-content\/uploads\/2021\/02\/Une-charte-dhonneur-lie-le-RNI-avec-ses-eluss.jpeg\" alt=\"\" width=\"800\" height=\"533\" srcset=\"http:\/\/aujourdhui.ma\/wp-content\/uploads\/2021\/02\/Une-charte-dhonneur-lie-le-RNI-avec-ses-eluss.jpeg 1024w, \/\/aujourdhui.ma\/wp-content\/uploads\/2021\/02\/Une-charte-dhonneur-lie-le-RNI-avec-ses-eluss-300x200.jpeg 300w, \/\/aujourdhui.ma\/wp-content\/uploads\/2021\/02\/Une-charte-dhonneur-lie-le-RNI-avec-ses-eluss-768x512.jpeg 768w, \/\/aujourdhui.ma\/wp-content\/uploads\/2021\/02\/Une-charte-dhonneur-lie-le-RNI-avec-ses-eluss-80x54.jpeg 80w, \/\/aujourdhui.ma\/wp-content\/uploads\/2021\/02\/Une-charte-dhonneur-lie-le-RNI-avec-ses-eluss-130x87.jpeg 130w, \/\/aujourdhui.ma\/wp-content\/uploads\/2021\/02\/Une-charte-dhonneur-lie-le-RNI-avec-ses-eluss-359x240.jpeg 359w, \/\/aujourdhui.ma\/wp-content\/uploads\/2021\/02\/Une-charte-dhonneur-lie-le-RNI-avec-ses-eluss-85x57.jpeg 85w, \/\/aujourdhui.ma\/wp-content\/uploads\/2021\/02\/Une-charte-dhonneur-lie-le-RNI-avec-ses-eluss-112x75.jpeg 112w, \/\/aujourdhui.ma\/wp-content\/uploads\/2021\/02\/Une-charte-dhonneur-lie-le-RNI-avec-ses-eluss-179x120.jpeg 179w, \/\/aujourdhui.ma\/wp-content\/uploads\/2021\/02\/Une-charte-dhonneur-lie-le-RNI-avec-ses-eluss-170x113.jpeg 170w, \/\/aujourdhui.ma\/wp-content\/uploads\/2021\/02\/Une-charte-dhonneur-lie-le-RNI-avec-ses-eluss-81x55.jpeg 81w, \/\/aujourdhui.ma\/wp-content\/uploads\/2021\/02\/Une-charte-dhonneur-lie-le-RNI-avec-ses-eluss-765x510.jpeg 765w\" sizes=\"auto, (max-width: 800px) 100vw, 800px\"\/><\/a><\/p>\n<p><strong><span class=\"c6\">Action commune avec le front amazigh<\/span><\/strong><\/p>\n<p>Lors de ce conseil, les membres ont examin\u00e9 \u00abla plate-forme politique commune avec le front d\u2019action politique amazighe\u00bb. Ce conclave a \u00e9t\u00e9 couronn\u00e9 par l\u2019approbation de cette plate-forme en appelant \u00e0 en faire une feuille de route d\u2019une action politique commune. \u00abCette m\u00e9thode de communication a permis de se mettre \u00e0 l\u2019\u00e9coute des priorit\u00e9s des Marocains en dressant leurs revendications et priorit\u00e9s\u00bb, ajoute le parti.<br \/>Cela \u00e9tant, le RNI a approuv\u00e9 ses comptes annuels pour 2020 et son budget au titre de 2021. Concernant les pr\u00e9paratifs des prochaines \u00e9ch\u00e9ances \u00e9lectorales, le conseil national a d\u00e9battu des orientations g\u00e9n\u00e9rales du programme du parti dont les secteurs-cl\u00e9s sont l\u2019enseignement, la sant\u00e9 et l\u2019emploi. A l\u2019issue de cette rencontre, le RNI a, entre autres, appel\u00e9 \u00e0 \u00abencourager les jeunes \u00e0 la participation politique\u00bb.<\/p>\n<p><a href=\"https:http:\/\/aujourdhui.ma\/wp-content\/uploads\/2021\/02\/Une-charte-dhonneur-lie-le-RNI-avec-ses-elussq.jpeg\"><img decoding=\"async\" loading=\"lazy\" class=\"wp-image-367627 aligncenter\" src=\"http:\/\/aujourdhui.ma\/wp-content\/uploads\/2021\/02\/Une-charte-dhonneur-lie-le-RNI-avec-ses-elussq.jpeg\" alt=\"\" width=\"800\" height=\"533\" srcset=\"http:\/\/aujourdhui.ma\/wp-content\/uploads\/2021\/02\/Une-charte-dhonneur-lie-le-RNI-avec-ses-elussq.jpeg 1024w, \/\/aujourdhui.ma\/wp-content\/uploads\/2021\/02\/Une-charte-dhonneur-lie-le-RNI-avec-ses-elussq-300x200.jpeg 300w, \/\/aujourdhui.ma\/wp-content\/uploads\/2021\/02\/Une-charte-dhonneur-lie-le-RNI-avec-ses-elussq-768x512.jpeg 768w, \/\/aujourdhui.ma\/wp-content\/uploads\/2021\/02\/Une-charte-dhonneur-lie-le-RNI-avec-ses-elussq-80x54.jpeg 80w, \/\/aujourdhui.ma\/wp-content\/uploads\/2021\/02\/Une-charte-dhonneur-lie-le-RNI-avec-ses-elussq-130x87.jpeg 130w, \/\/aujourdhui.ma\/wp-content\/uploads\/2021\/02\/Une-charte-dhonneur-lie-le-RNI-avec-ses-elussq-359x240.jpeg 359w, \/\/aujourdhui.ma\/wp-content\/uploads\/2021\/02\/Une-charte-dhonneur-lie-le-RNI-avec-ses-elussq-85x57.jpeg 85w, \/\/aujourdhui.ma\/wp-content\/uploads\/2021\/02\/Une-charte-dhonneur-lie-le-RNI-avec-ses-elussq-112x75.jpeg 112w, \/\/aujourdhui.ma\/wp-content\/uploads\/2021\/02\/Une-charte-dhonneur-lie-le-RNI-avec-ses-elussq-179x120.jpeg 179w, \/\/aujourdhui.ma\/wp-content\/uploads\/2021\/02\/Une-charte-dhonneur-lie-le-RNI-avec-ses-elussq-170x113.jpeg 170w, \/\/aujourdhui.ma\/wp-content\/uploads\/2021\/02\/Une-charte-dhonneur-lie-le-RNI-avec-ses-elussq-81x55.jpeg 81w, \/\/aujourdhui.ma\/wp-content\/uploads\/2021\/02\/Une-charte-dhonneur-lie-le-RNI-avec-ses-elussq-765x510.jpeg 765w\" sizes=\"auto, (max-width: 800px) 100vw, 800px\"\/><\/a><\/p>\n<p>Auteur: Salima Guisser<br \/>\n<a href=\"https:\/\/aujourdhui.ma\/politique\/une-charte-dhonneur-lie-le-rni-avec-ses-elus\">Cliquez ici pour lire l&rsquo;article depuis sa source.<\/a><\/p>\n","protected":false},"excerpt":{"rendered":"<p>Propos\u00e9e par le pr\u00e9sident du parti lors de la derni\u00e8re session du conseil national Une charte d\u2019honneur pour servir les int\u00e9r\u00eats de la nation entre le Rassemblement national des ind\u00e9pendants et ses \u00e9lus. L\u2019id\u00e9e vient d\u2019\u00eatre propos\u00e9e par Aziz Akhannouch, pr\u00e9sident du parti, lors de son dernier conseil national. Il s\u2019agit d\u2019une id\u00e9e novatrice qui [&hellip;]<\/p>\n","protected":false},"author":1759,"featured_media":0,"comment_status":"closed","ping_status":"closed","sticky":false,"template":"","format":"standard","meta":{"fifu_image_url":"http:\/\/aujourdhui.ma\/wp-content\/uploads\/2021\/02\/Proposee-par-le-president-du-parti-lors-de-la-derniere-session-du-conseil-national-Une-charte-dhonneur-lie-le-RNI-avec-ses-elus.jpg","fifu_image_alt":"Une charte\u00a0d\u2019honneur\u00a0lie le RNI avec ses \u00e9lus","footnotes":""},"categories":[73,54],"tags":[],"class_list":["post-110742","post","type-post","status-publish","format-standard","hentry","category-actualite","category-maroc"],"_links":{"self":[{"href":"https:\/\/linitiative.ca\/International\/wp-json\/wp\/v2\/posts\/110742","targetHints":{"allow":["GET"]}}],"collection":[{"href":"https:\/\/linitiative.ca\/International\/wp-json\/wp\/v2\/posts"}],"about":[{"href":"https:\/\/linitiative.ca\/International\/wp-json\/wp\/v2\/types\/post"}],"author":[{"embeddable":true,"href":"https:\/\/linitiative.ca\/International\/wp-json\/wp\/v2\/users\/1759"}],"replies":[{"embeddable":true,"href":"https:\/\/linitiative.ca\/International\/wp-json\/wp\/v2\/comments?post=110742"}],"version-history":[{"count":0,"href":"https:\/\/linitiative.ca\/International\/wp-json\/wp\/v2\/posts\/110742\/revisions"}],"wp:attachment":[{"href":"https:\/\/linitiative.ca\/International\/wp-json\/wp\/v2\/media?parent=110742"}],"wp:term":[{"taxonomy":"category","embeddable":true,"href":"https:\/\/linitiative.ca\/International\/wp-json\/wp\/v2\/categories?post=110742"},{"taxonomy":"post_tag","embeddable":true,"href":"https:\/\/linitiative.ca\/International\/wp-json\/wp\/v2\/tags?post=110742"}],"curies":[{"name":"wp","href":"https:\/\/api.w.org\/{rel}","templated":true}]}}