{"id":110743,"date":"2021-02-06T14:47:55","date_gmt":"2021-02-06T19:47:55","guid":{"rendered":"https:\/\/linitiative.ca\/International\/covid-19-587-nouveaux-cas-et-619-guerisons-en-24-heures\/"},"modified":"2021-02-06T14:47:55","modified_gmt":"2021-02-06T19:47:55","slug":"covid-19-587-nouveaux-cas-et-619-guerisons-en-24-heures","status":"publish","type":"post","link":"https:\/\/linitiative.ca\/International\/covid-19-587-nouveaux-cas-et-619-guerisons-en-24-heures\/","title":{"rendered":"Covid-19 : 587 nouveaux cas et 619 gu\u00e9risons en 24 heures\u00a0"},"content":{"rendered":"<p><img decoding=\"async\" class=\"post_layout_5_img\" src=\"http:\/\/aujourdhui.ma\/wp-content\/uploads\/2020\/11\/Hopital-Tests-Covid-19-Coronavirus-Maroc.jpg\" alt=\"Covid-19 : 587 nouveaux cas et 619 gu&#xE9;risons en 24 heures&#xA0;\"\/><\/p>\n<p><span class=\"c5\"><strong>Un total de 587 nouveaux cas d\u2019infection au coronavirus et de 619 gu\u00e9risons a \u00e9t\u00e9 enregistr\u00e9 au cours des derni\u00e8res 24 heures au Maroc, a annonc\u00e9, samedi, le minist\u00e8re de la Sant\u00e9, soulignant que 463.966 personnes ont \u00e9t\u00e9 vaccin\u00e9es jusqu\u2019\u00e0 ce jour.<\/strong><\/span><span id=\"more-367623\"\/><\/p>\n<p>Le nouveau bilan porte \u00e0 474.966 le nombre total des contaminations depuis le premier cas signal\u00e9 en mars dernier, et \u00e0 453.921 celui des personnes totalement r\u00e9tablies, soit un taux de gu\u00e9rison de 95,6%, a pr\u00e9cis\u00e9 le minist\u00e8re dans son bulletin quotidien sur la situation de la Covid-19.<\/p>\n<p>Le nombre total des d\u00e9c\u00e8s est pass\u00e9 \u00e0 8.381, avec 13 nouveaux cas recens\u00e9s en 24 heures, soit un taux de l\u00e9talit\u00e9 de 1,8%, a relev\u00e9 la m\u00eame source.<\/p>\n<p>Ces d\u00e9c\u00e8s ont \u00e9t\u00e9 enregistr\u00e9s dans les r\u00e9gions de Casablanca-Settat (5), Marrakech-Safi (4), Rabat-Sal\u00e9-K\u00e9nitra (2), Tanger-T\u00e9touan-Al Hoceima (1) et Dakhla-Oued Eddahab (1).<\/p>\n<p>Les nouveaux cas de contamination ont \u00e9t\u00e9 d\u00e9tect\u00e9s dans les r\u00e9gions de Casablanca-Settat (245), Tanger-T\u00e9touan-Al Hoceima (95), Rabat-Sal\u00e9-K\u00e9nitra (73), l\u2019Oriental (58), Souss-Massa (29), Marrakech-Safi (28), La\u00e2youne-Sakia El Hamra (19), Dar\u00e2a-Tafilalet (15), Dakhla-Oued Eddahab (9), F\u00e8s-Mekn\u00e8s (8), Beni Mellal-Kh\u00e9nifra (6) et Guelmim-Oued Noun (2).<\/p>\n<p>Le nombre des cas actifs s\u2019\u00e9l\u00e8ve \u00e0 12.664, alors que les cas s\u00e9v\u00e8res ou critiques sont au nombre de 594, dont 50 plac\u00e9s sous intubation, d\u2019apr\u00e8s le minist\u00e8re, qui indique que le taux d\u2019occupation des lits de r\u00e9animation Covid-19 est de 18,8%.<\/p>\n<p>Auteur: ALM<br \/>\n<a href=\"https:\/\/aujourdhui.ma\/societe\/covid-19-587-nouveaux-cas-et-619-guerisons-en-24-heures\">Cliquez ici pour lire l&rsquo;article depuis sa source.<\/a><\/p>\n","protected":false},"excerpt":{"rendered":"<p>Un total de 587 nouveaux cas d\u2019infection au coronavirus et de 619 gu\u00e9risons a \u00e9t\u00e9 enregistr\u00e9 au cours des derni\u00e8res 24 heures au Maroc, a annonc\u00e9, samedi, le minist\u00e8re de la Sant\u00e9, soulignant que 463.966 personnes ont \u00e9t\u00e9 vaccin\u00e9es jusqu\u2019\u00e0 ce jour. Le nouveau bilan porte \u00e0 474.966 le nombre total des contaminations depuis le [&hellip;]<\/p>\n","protected":false},"author":1759,"featured_media":0,"comment_status":"closed","ping_status":"closed","sticky":false,"template":"","format":"standard","meta":{"fifu_image_url":"http:\/\/aujourdhui.ma\/wp-content\/uploads\/2020\/11\/Hopital-Tests-Covid-19-Coronavirus-Maroc.jpg","fifu_image_alt":"Covid-19 : 587 nouveaux cas et 619 gu\u00e9risons en 24 heures\u00a0","footnotes":""},"categories":[73,54],"tags":[],"class_list":["post-110743","post","type-post","status-publish","format-standard","hentry","category-actualite","category-maroc"],"_links":{"self":[{"href":"https:\/\/linitiative.ca\/International\/wp-json\/wp\/v2\/posts\/110743","targetHints":{"allow":["GET"]}}],"collection":[{"href":"https:\/\/linitiative.ca\/International\/wp-json\/wp\/v2\/posts"}],"about":[{"href":"https:\/\/linitiative.ca\/International\/wp-json\/wp\/v2\/types\/post"}],"author":[{"embeddable":true,"href":"https:\/\/linitiative.ca\/International\/wp-json\/wp\/v2\/users\/1759"}],"replies":[{"embeddable":true,"href":"https:\/\/linitiative.ca\/International\/wp-json\/wp\/v2\/comments?post=110743"}],"version-history":[{"count":0,"href":"https:\/\/linitiative.ca\/International\/wp-json\/wp\/v2\/posts\/110743\/revisions"}],"wp:attachment":[{"href":"https:\/\/linitiative.ca\/International\/wp-json\/wp\/v2\/media?parent=110743"}],"wp:term":[{"taxonomy":"category","embeddable":true,"href":"https:\/\/linitiative.ca\/International\/wp-json\/wp\/v2\/categories?post=110743"},{"taxonomy":"post_tag","embeddable":true,"href":"https:\/\/linitiative.ca\/International\/wp-json\/wp\/v2\/tags?post=110743"}],"curies":[{"name":"wp","href":"https:\/\/api.w.org\/{rel}","templated":true}]}}