{"id":110744,"date":"2021-02-07T06:26:16","date_gmt":"2021-02-07T11:26:16","guid":{"rendered":"https:\/\/linitiative.ca\/International\/alerte-meteo-fortes-rafales-de-vent-de-dimanche-a-mardi\/"},"modified":"2021-02-07T06:26:16","modified_gmt":"2021-02-07T11:26:16","slug":"alerte-meteo-fortes-rafales-de-vent-de-dimanche-a-mardi","status":"publish","type":"post","link":"https:\/\/linitiative.ca\/International\/alerte-meteo-fortes-rafales-de-vent-de-dimanche-a-mardi\/","title":{"rendered":"Alerte m\u00e9t\u00e9o: Fortes rafales de vent de dimanche \u00e0 mardi"},"content":{"rendered":"<p><img decoding=\"async\" class=\"post_layout_5_img\" src=\"http:\/\/aujourdhui.ma\/wp-content\/uploads\/2021\/01\/meteo-vent.jpg\" alt=\"Alerte m&#xE9;t&#xE9;o: Fortes rafales de vent de dimanche &#xE0; mardi\"\/><\/p>\n<p><span class=\"c5\"><strong>De fortes rafales de vent sont attendues de dimanche \u00e0 mardi dans plusieurs provinces du Royaume, a annonc\u00e9 dimanche la Direction g\u00e9n\u00e9rale de la m\u00e9t\u00e9orologie (DGM).<\/strong><\/span><br \/><span id=\"more-367633\"\/><\/p>\n<p>Ainsi, de fortes rafales de vent de niveau orange (75 \u00e0 90 km\/h) sont pr\u00e9vues dimanche de 12h00 \u00e0 22h00 dans les provinces de Boulemane, Chefchaouen, Figuig, Guercif, Ifrane, Jerada, Midelt, Nador, Oujda-Angad, Taza, T\u00e9touan et Taourirt, a pr\u00e9cis\u00e9 la DGM dans un bulletin m\u00e9t\u00e9orologique sp\u00e9cial.<br \/>Ces rafales, poursuit la DGM, sont \u00e9galement attendues lundi et mardi dans les provinces de Tanger-Assilah, Fahs-Anjra, T\u00e9touan, Mdiq-Fnideq, Chefchaouen, Al Hoceima, Nador, Berkane, Oujda-Angad, Taourirt, Guercif, Taza et Taounate.<br \/>Ces vents seront accompagn\u00e9s par des chasses-poussi\u00e8res sur l\u2019Oriental, selon la m\u00eame source.<br \/>Par ailleurs, des pluies mod\u00e9r\u00e9es \u00e0 assez fortes, int\u00e9resseront le lundi de 06h00 \u00e0 13h00 les provinces Tanger-Assilah, Fahs-Anjra, Larache et Chefchaouen, d\u2019apr\u00e8s le bulletin sp\u00e9cial.<\/p>\n<p>Auteur: ALM<br \/>\n<a href=\"https:\/\/aujourdhui.ma\/actualite\/alerte-meteo-fortes-rafales-de-vent-de-dimanche-a-mardi\">Cliquez ici pour lire l&rsquo;article depuis sa source.<\/a><\/p>\n","protected":false},"excerpt":{"rendered":"<p>De fortes rafales de vent sont attendues de dimanche \u00e0 mardi dans plusieurs provinces du Royaume, a annonc\u00e9 dimanche la Direction g\u00e9n\u00e9rale de la m\u00e9t\u00e9orologie (DGM). Ainsi, de fortes rafales de vent de niveau orange (75 \u00e0 90 km\/h) sont pr\u00e9vues dimanche de 12h00 \u00e0 22h00 dans les provinces de Boulemane, Chefchaouen, Figuig, Guercif, Ifrane, [&hellip;]<\/p>\n","protected":false},"author":1759,"featured_media":0,"comment_status":"closed","ping_status":"closed","sticky":false,"template":"","format":"standard","meta":{"fifu_image_url":"http:\/\/aujourdhui.ma\/wp-content\/uploads\/2021\/01\/meteo-vent.jpg","fifu_image_alt":"Alerte m\u00e9t\u00e9o: Fortes rafales de vent de dimanche \u00e0 mardi","footnotes":""},"categories":[73,54],"tags":[],"class_list":["post-110744","post","type-post","status-publish","format-standard","hentry","category-actualite","category-maroc"],"_links":{"self":[{"href":"https:\/\/linitiative.ca\/International\/wp-json\/wp\/v2\/posts\/110744","targetHints":{"allow":["GET"]}}],"collection":[{"href":"https:\/\/linitiative.ca\/International\/wp-json\/wp\/v2\/posts"}],"about":[{"href":"https:\/\/linitiative.ca\/International\/wp-json\/wp\/v2\/types\/post"}],"author":[{"embeddable":true,"href":"https:\/\/linitiative.ca\/International\/wp-json\/wp\/v2\/users\/1759"}],"replies":[{"embeddable":true,"href":"https:\/\/linitiative.ca\/International\/wp-json\/wp\/v2\/comments?post=110744"}],"version-history":[{"count":0,"href":"https:\/\/linitiative.ca\/International\/wp-json\/wp\/v2\/posts\/110744\/revisions"}],"wp:attachment":[{"href":"https:\/\/linitiative.ca\/International\/wp-json\/wp\/v2\/media?parent=110744"}],"wp:term":[{"taxonomy":"category","embeddable":true,"href":"https:\/\/linitiative.ca\/International\/wp-json\/wp\/v2\/categories?post=110744"},{"taxonomy":"post_tag","embeddable":true,"href":"https:\/\/linitiative.ca\/International\/wp-json\/wp\/v2\/tags?post=110744"}],"curies":[{"name":"wp","href":"https:\/\/api.w.org\/{rel}","templated":true}]}}