{"id":110745,"date":"2021-02-07T06:58:30","date_gmt":"2021-02-07T11:58:30","guid":{"rendered":"https:\/\/linitiative.ca\/International\/pluies-les-volumes-enregistres-entre-le-samedi-6-fevrier-a-6h00-et-le-dimanche-7-fevrier-a-6h00\/"},"modified":"2021-02-07T06:58:30","modified_gmt":"2021-02-07T11:58:30","slug":"pluies-les-volumes-enregistres-entre-le-samedi-6-fevrier-a-6h00-et-le-dimanche-7-fevrier-a-6h00","status":"publish","type":"post","link":"https:\/\/linitiative.ca\/International\/pluies-les-volumes-enregistres-entre-le-samedi-6-fevrier-a-6h00-et-le-dimanche-7-fevrier-a-6h00\/","title":{"rendered":"Pluies : Les volumes enregistr\u00e9s entre le samedi 6 f\u00e9vrier \u00e0 6h00 et le dimanche 7 f\u00e9vrier \u00e0 6h00"},"content":{"rendered":"<header>\n<\/header>\n<div class=\"entry-content clearfix\" readability=\"35\"><img decoding=\"async\" class=\"post_layout_5_img\" src=\"http:\/\/aujourdhui.ma\/wp-content\/uploads\/2021\/02\/pluie.jpg\" alt=\"Pluies : Les volumes enregistr&#xE9;s entre le samedi 6 f&#xE9;vrier &#xE0; 6h00 et le dimanche 7 f&#xE9;vrier &#xE0; 6h00\"\/><\/p>\n<p>\u2013 Tanger 28<br \/>\u2013 Larache 20<br \/>\u2013 Kenitra 19<br \/>\u2013 Ifrane 19<br \/>\u2013 B\u00e9ni Mellal 18<br \/>\u2013 Rabat-Sal\u00e9 16<br \/>\u2013 El Jadida 16<br \/>\u2013 Rabat-Ville 14<br \/>\u2013 Mohammedia 13<br \/>\u2013 Casa-Anfa 13<br \/>\u2013 Chefchaouen 12<br \/>\u2013 Essaouira 11<br \/>\u2013 Tetouan 11<br \/>\u2013 Nouaceur 10<br \/>\u2013 Sidi Ifni 10<br \/>\u2013 Guelmim 9<br \/>\u2013 Tan Tan 9<br \/>\u2013 Safi 8<br \/>\u2013 Essaouira port 8<br \/>\u2013 Khouribga 8<br \/>\u2013 Benslimane 7<br \/>\u2013 Errachidia 6<br \/>\u2013 Benguerir 6<br \/>\u2013 F\u00e8s 5<br \/>\u2013 Mekn\u00e8s 5<br \/>\u2013 Tit Mellil 5<br \/>\u2013 Tiznit 4<br \/>\u2013 Nador 3<br \/>\u2013 Agadir-Inzegane 3<br \/>\u2013 Bouarfa 2<br \/>\u2013 Settat 2<br \/>\u2013 Marrakech 2<\/p>\n<\/div>\n<p>Auteur: ALM<br \/>\n<a href=\"https:\/\/aujourdhui.ma\/actualite\/pluies-les-volumes-enregistres-entre-le-samedi-6-fevrier-a-6h00-et-le-dimanche-7-fevrier-a-6h00\">Cliquez ici pour lire l&rsquo;article depuis sa source.<\/a><\/p>\n","protected":false},"excerpt":{"rendered":"<p>\u2013 Tanger 28\u2013 Larache 20\u2013 Kenitra 19\u2013 Ifrane 19\u2013 B\u00e9ni Mellal 18\u2013 Rabat-Sal\u00e9 16\u2013 El Jadida 16\u2013 Rabat-Ville 14\u2013 Mohammedia 13\u2013 Casa-Anfa 13\u2013 Chefchaouen 12\u2013 Essaouira 11\u2013 Tetouan 11\u2013 Nouaceur 10\u2013 Sidi Ifni 10\u2013 Guelmim 9\u2013 Tan Tan 9\u2013 Safi 8\u2013 Essaouira port 8\u2013 Khouribga 8\u2013 Benslimane 7\u2013 Errachidia 6\u2013 Benguerir 6\u2013 F\u00e8s 5\u2013 Mekn\u00e8s [&hellip;]<\/p>\n","protected":false},"author":1759,"featured_media":0,"comment_status":"closed","ping_status":"closed","sticky":false,"template":"","format":"standard","meta":{"fifu_image_url":"http:\/\/aujourdhui.ma\/wp-content\/uploads\/2021\/02\/pluie.jpg","fifu_image_alt":"Pluies : Les volumes enregistr\u00e9s entre le samedi 6 f\u00e9vrier \u00e0 6h00 et le dimanche 7 f\u00e9vrier \u00e0 6h00","footnotes":""},"categories":[73,54],"tags":[],"class_list":["post-110745","post","type-post","status-publish","format-standard","hentry","category-actualite","category-maroc"],"_links":{"self":[{"href":"https:\/\/linitiative.ca\/International\/wp-json\/wp\/v2\/posts\/110745","targetHints":{"allow":["GET"]}}],"collection":[{"href":"https:\/\/linitiative.ca\/International\/wp-json\/wp\/v2\/posts"}],"about":[{"href":"https:\/\/linitiative.ca\/International\/wp-json\/wp\/v2\/types\/post"}],"author":[{"embeddable":true,"href":"https:\/\/linitiative.ca\/International\/wp-json\/wp\/v2\/users\/1759"}],"replies":[{"embeddable":true,"href":"https:\/\/linitiative.ca\/International\/wp-json\/wp\/v2\/comments?post=110745"}],"version-history":[{"count":0,"href":"https:\/\/linitiative.ca\/International\/wp-json\/wp\/v2\/posts\/110745\/revisions"}],"wp:attachment":[{"href":"https:\/\/linitiative.ca\/International\/wp-json\/wp\/v2\/media?parent=110745"}],"wp:term":[{"taxonomy":"category","embeddable":true,"href":"https:\/\/linitiative.ca\/International\/wp-json\/wp\/v2\/categories?post=110745"},{"taxonomy":"post_tag","embeddable":true,"href":"https:\/\/linitiative.ca\/International\/wp-json\/wp\/v2\/tags?post=110745"}],"curies":[{"name":"wp","href":"https:\/\/api.w.org\/{rel}","templated":true}]}}