{"id":110746,"date":"2021-02-07T09:04:18","date_gmt":"2021-02-07T14:04:18","guid":{"rendered":"https:\/\/linitiative.ca\/International\/massacre-au-quartier-rahma-a-sale\/"},"modified":"2021-02-07T09:04:18","modified_gmt":"2021-02-07T14:04:18","slug":"massacre-au-quartier-rahma-a-sale","status":"publish","type":"post","link":"https:\/\/linitiative.ca\/International\/massacre-au-quartier-rahma-a-sale\/","title":{"rendered":"Massacre au quartier \u00abRahma\u00bb \u00e0 Sal\u00e9"},"content":{"rendered":"<header>\n<\/header>\n<div class=\"entry-content clearfix\" readability=\"60\"><img decoding=\"async\" class=\"post_layout_5_img\" src=\"http:\/\/aujourdhui.ma\/wp-content\/uploads\/2021\/02\/Massacre-quartier-Rahma-SALE\u0301-Police-BNPJ.jpg\" alt=\"Massacre au quartier &#xAB;Rahma&#xBB; &#xE0; Sal&#xE9;\"\/><\/p>\n<p><span class=\"c5\"><strong>Ouverture d\u2019une enqu\u00eate suite \u00e0 la d\u00e9couverte des corps de 6 personnes d\u2019une m\u00eame famille<\/strong><\/span><span id=\"more-367642\"\/><\/p>\n<p>La Brigade nationale de la police judiciaire (BNPJ) a, en coordination avec le service provincial de la police judiciaire de Sal\u00e9, ouvert, samedi matin, une enqu\u00eate judiciaire sous la supervision du parquet comp\u00e9tent, pour \u00e9lucider les circonstances de la d\u00e9couverte des corps de six personnes d\u2019une m\u00eame famille, dont un nourrisson et un mineur, portant des traces de blessures et de br\u00fblures de troisi\u00e8me degr\u00e9.<\/p>\n<p>Les officiers de la police judiciaire et les experts en sc\u00e8ne de crime se sont rendus \u00e0 un logement situ\u00e9 au quartier \u00abRahma\u00bb \u00e0 Sal\u00e9, pour effectuer le constat des lieux et les expertises techniques \u00e0 la suite d\u2019un incendie d\u00e9clench\u00e9 dans cette maison, avant de d\u00e9couvrir les corps de cinq personnes d\u2019une m\u00eame famille portant des traces de blessures caus\u00e9es par un objet tranchant et de graves br\u00fblures dues \u00e0 cet incendie qui pourrait \u00eatre provoqu\u00e9 par une substance inflammable, indique un communiqu\u00e9 de la Direction g\u00e9n\u00e9rale de la s\u00fbret\u00e9 nationale (DGSN), ajoutant qu\u2019une sixi\u00e8me personne de la m\u00eame famille qui \u00e9tait dans un \u00e9tat d\u2019asphyxie a du \u00eatre \u00e9vacu\u00e9e \u00e0 l\u2019h\u00f4pital o\u00f9 elle est d\u00e9c\u00e9d\u00e9e.<\/p>\n<p>Les premi\u00e8res constatations font \u00e9tat de l\u2019absence d\u2019indices d\u2019effraction sur les portes et les fen\u00eatres du domicile familial de deux \u00e9tages qui est gard\u00e9 par deux chiens se trouvant sur le toit, pr\u00e9cise la m\u00eame source. Les op\u00e9rations de ratissage et de constat technique sont men\u00e9es sur la sc\u00e8ne du crime par des techniciens de la police scientifique et technique et par les officiers de la BNPJ afin de regrouper tous les pr\u00e9l\u00e8vements biologiques et les preuves mat\u00e9rielles et de recueillir les t\u00e9moignages n\u00e9cessaires en vue de d\u00e9terminer les circonstances de ces actes criminels, conclut la DGSN.<\/p>\n<\/div>\n<p>Auteur: ALM<br \/>\n<a href=\"https:\/\/aujourdhui.ma\/societe\/massacre-au-quartier-rahma-a-sale\">Cliquez ici pour lire l&rsquo;article depuis sa source.<\/a><\/p>\n","protected":false},"excerpt":{"rendered":"<p>Ouverture d\u2019une enqu\u00eate suite \u00e0 la d\u00e9couverte des corps de 6 personnes d\u2019une m\u00eame famille La Brigade nationale de la police judiciaire (BNPJ) a, en coordination avec le service provincial de la police judiciaire de Sal\u00e9, ouvert, samedi matin, une enqu\u00eate judiciaire sous la supervision du parquet comp\u00e9tent, pour \u00e9lucider les circonstances de la d\u00e9couverte [&hellip;]<\/p>\n","protected":false},"author":1759,"featured_media":0,"comment_status":"closed","ping_status":"closed","sticky":false,"template":"","format":"standard","meta":{"fifu_image_url":"http:\/\/aujourdhui.ma\/wp-content\/uploads\/2021\/02\/Massacre-quartier-Rahma-SALE\u0301-Police-BNPJ.jpg","fifu_image_alt":"Massacre au quartier \u00abRahma\u00bb \u00e0 Sal\u00e9","footnotes":""},"categories":[73,54],"tags":[],"class_list":["post-110746","post","type-post","status-publish","format-standard","hentry","category-actualite","category-maroc"],"_links":{"self":[{"href":"https:\/\/linitiative.ca\/International\/wp-json\/wp\/v2\/posts\/110746","targetHints":{"allow":["GET"]}}],"collection":[{"href":"https:\/\/linitiative.ca\/International\/wp-json\/wp\/v2\/posts"}],"about":[{"href":"https:\/\/linitiative.ca\/International\/wp-json\/wp\/v2\/types\/post"}],"author":[{"embeddable":true,"href":"https:\/\/linitiative.ca\/International\/wp-json\/wp\/v2\/users\/1759"}],"replies":[{"embeddable":true,"href":"https:\/\/linitiative.ca\/International\/wp-json\/wp\/v2\/comments?post=110746"}],"version-history":[{"count":0,"href":"https:\/\/linitiative.ca\/International\/wp-json\/wp\/v2\/posts\/110746\/revisions"}],"wp:attachment":[{"href":"https:\/\/linitiative.ca\/International\/wp-json\/wp\/v2\/media?parent=110746"}],"wp:term":[{"taxonomy":"category","embeddable":true,"href":"https:\/\/linitiative.ca\/International\/wp-json\/wp\/v2\/categories?post=110746"},{"taxonomy":"post_tag","embeddable":true,"href":"https:\/\/linitiative.ca\/International\/wp-json\/wp\/v2\/tags?post=110746"}],"curies":[{"name":"wp","href":"https:\/\/api.w.org\/{rel}","templated":true}]}}