{"id":110751,"date":"2021-02-07T09:42:57","date_gmt":"2021-02-07T14:42:57","guid":{"rendered":"https:\/\/linitiative.ca\/International\/%ef%bb%bfcitizen-digital-initiative-cdi-preparer-les-leaders-de-demain\/"},"modified":"2021-02-07T09:42:57","modified_gmt":"2021-02-07T14:42:57","slug":"%ef%bb%bfcitizen-digital-initiative-cdi-preparer-les-leaders-de-demain","status":"publish","type":"post","link":"https:\/\/linitiative.ca\/International\/%ef%bb%bfcitizen-digital-initiative-cdi-preparer-les-leaders-de-demain\/","title":{"rendered":"\ufeffCitizen Digital Initiative (CDI): pr\u00e9parer les leaders de demain"},"content":{"rendered":"<p class=\"has-text-color has-vivid-red-color c2\"><strong>Une action innovante au profit des acteurs digitaux<\/strong><\/p>\n<p class=\"has-text-color c3\"><strong>Citizen Digital Initiative (CDI), une \u200epremi\u00e8re initiative citoyenne qui ambitionne de former les futurs Jeunes leaders digitaux, a \u00e9t\u00e9 lanc\u00e9e, dimanche 07 f\u00e9vrier \u00e0 l\u2019h\u00f4tel Tour Hassan de Rabat, par Moroccan Millennium Leaders et la Fondation Konrad Adenaeur Stiftung- Maroc.<\/strong><\/p>\n<p class=\"c4\"><strong>Aya Lankaoui<\/strong><\/p>\n<p>Moroccan Millennium Leaders (MML), en partenariat avec la Fondation Konrad \u200eAdenaeur Stiftung- Maroc, contribue au d\u00e9bat public autour de la \u200etransformation num\u00e9rique et son r\u00f4le dans le d\u00e9veloppement du Maroc en lan\u00e7ant l\u2019\u200einitiative citoyenne, Citizen Digital Initiative (CDI).<\/p>\n<p>Cette initiative est destin\u00e9e \u00e0 sensibiliser l\u2019ensemble des parties prenantes, \u00e0 savoir les d\u00e9cideurs publics, \u00a0les op\u00e9rateurs \u200e\u00e9conomiques, les associations professionnelles, les acteurs acad\u00e9miques et la communaut\u00e9 scientifique, aux enjeux du digital dans la gestion de la chose publique et de son importance pour le d\u00e9veloppement socio-\u00e9conomique du pays.<\/p>\n<p>Par ailleurs, cette initiative porte sur quatre projets, le \u00ab Digital Lab Day \u00bb ; un espace de r\u00e9flexion entre les diff\u00e9rentes parties prenantes du \u200eDigital au Maroc, durant une journ\u00e9e afin d\u2019\u00e9changer sur l\u2019esprit de citoyennet\u00e9 et les enjeux de la transformation num\u00e9rique. En deuxi\u00e8me lieu \u00ab Experts Round Table\u00bb, est le deuxi\u00e8me projet et vise \u00e0 r\u00e9unir des \u200eacad\u00e9miciens et professionnels pour amorcer une r\u00e9flexion en amont sur une exp\u00e9rience nationale du digital.<\/p>\n<p>Quant aux deux derniers axes, il s\u2019agit respectivement de \u00ab Digital Bootcamp \u00bb, 40 heures de formation \u00e0 \u200el\u2019attention d\u2019une dizaine de futurs jeunes leaders digitaux afin de les accompagner dans la \u200econception de projets propres, et le \u00ab Digital Mentoring \u00bb, portant sur des s\u00e9ances de coaching \u200epersonnalis\u00e9es en faveur des jeunes leaders digitaux dans les diverses \u00e9tapes de r\u00e9alisations \u200ede leurs projets.<\/p>\n<p>Le Digital Bootcamp, d\u00e9marre ce dimanche en pr\u00e9sence de dix jeunes \u200emarocains, choisis au regard de leurs comp\u00e9tences et leur capacit\u00e9 \u00e0 apporter une \u200evaleur ajout\u00e9e au programme. Les participants b\u00e9n\u00e9ficieront de cinq jours de formation afin d\u2019acqu\u00e9rir des comp\u00e9tences en ce sens et pouvoir les conforter \u00a0dans le domaine digital.<\/p>\n<p>Auteur: M&rsquo;hammed rahal<br \/>\n<a href=\"http:\/\/albayane.press.ma\/%EF%BB%BFcitizen-digital-initiative-cdi-preparer-les-leaders-de-demain.html\">Cliquez ici pour lire l&rsquo;article depuis sa source.<\/a><\/p>\n","protected":false},"excerpt":{"rendered":"<p>Une action innovante au profit des acteurs digitaux Citizen Digital Initiative (CDI), une \u200epremi\u00e8re initiative citoyenne qui ambitionne de former les futurs Jeunes leaders digitaux, a \u00e9t\u00e9 lanc\u00e9e, dimanche 07 f\u00e9vrier \u00e0 l\u2019h\u00f4tel Tour Hassan de Rabat, par Moroccan Millennium Leaders et la Fondation Konrad Adenaeur Stiftung- Maroc. Aya Lankaoui Moroccan Millennium Leaders (MML), en [&hellip;]<\/p>\n","protected":false},"author":1760,"featured_media":0,"comment_status":"closed","ping_status":"closed","sticky":false,"template":"","format":"standard","meta":{"fifu_image_url":"","fifu_image_alt":"","footnotes":""},"categories":[73,54],"tags":[],"class_list":["post-110751","post","type-post","status-publish","format-standard","hentry","category-actualite","category-maroc"],"_links":{"self":[{"href":"https:\/\/linitiative.ca\/International\/wp-json\/wp\/v2\/posts\/110751","targetHints":{"allow":["GET"]}}],"collection":[{"href":"https:\/\/linitiative.ca\/International\/wp-json\/wp\/v2\/posts"}],"about":[{"href":"https:\/\/linitiative.ca\/International\/wp-json\/wp\/v2\/types\/post"}],"author":[{"embeddable":true,"href":"https:\/\/linitiative.ca\/International\/wp-json\/wp\/v2\/users\/1760"}],"replies":[{"embeddable":true,"href":"https:\/\/linitiative.ca\/International\/wp-json\/wp\/v2\/comments?post=110751"}],"version-history":[{"count":0,"href":"https:\/\/linitiative.ca\/International\/wp-json\/wp\/v2\/posts\/110751\/revisions"}],"wp:attachment":[{"href":"https:\/\/linitiative.ca\/International\/wp-json\/wp\/v2\/media?parent=110751"}],"wp:term":[{"taxonomy":"category","embeddable":true,"href":"https:\/\/linitiative.ca\/International\/wp-json\/wp\/v2\/categories?post=110751"},{"taxonomy":"post_tag","embeddable":true,"href":"https:\/\/linitiative.ca\/International\/wp-json\/wp\/v2\/tags?post=110751"}],"curies":[{"name":"wp","href":"https:\/\/api.w.org\/{rel}","templated":true}]}}