{"id":110752,"date":"2021-02-07T09:20:00","date_gmt":"2021-02-07T14:20:00","guid":{"rendered":"https:\/\/linitiative.ca\/International\/video-rassemblement-des-etudiants-a-ben-aknoun-apres-le-deces-tragique-de-leur-camarade\/"},"modified":"2021-02-07T09:20:00","modified_gmt":"2021-02-07T14:20:00","slug":"video-rassemblement-des-etudiants-a-ben-aknoun-apres-le-deces-tragique-de-leur-camarade","status":"publish","type":"post","link":"https:\/\/linitiative.ca\/International\/video-rassemblement-des-etudiants-a-ben-aknoun-apres-le-deces-tragique-de-leur-camarade\/","title":{"rendered":"[Vid\u00e9o] Rassemblement des \u00e9tudiants \u00e0 Ben Aknoun apr\u00e8s le d\u00e9c\u00e8s tragique de leur camarade"},"content":{"rendered":"<div id=\"originalText\" readability=\"58\">\n<p class=\"c6\">De nombreux \u00e9tudiantes et \u00e9tudiants se sont rassembl\u00e9s, ce dimanche, \u00e0 l\u2019ext\u00e9rieur de l\u2019universit\u00e9 Alger 3 (ex ITFC), pour d\u00e9noncer leurs conditions d\u2019h\u00e9bergement, apr\u00e8s le d\u00e9c\u00e8s tragique, samedi, de leur jeune camarade, dans la cit\u00e9 universitaire pour filles d&rsquo;Ouled Fayet 2, dans la banlieue sud-ouest d\u2019Alger.<\/p>\n<p class=\"c6\">La jeune \u00e9tudiante de 24 ans, originaire de Tiaret, \u00e0 300 km au sud-ouest de la capitale, a eu lieu\u00a0 \u00ab\u00a0suite \u00e0 une explosion d&rsquo;une bouteille de gaz\u00a0 (camping gaz)\u00a0\u00bb, selon la protection civile.<\/p>\n<p><iframe loading=\"lazy\" allow=\"accelerometer; autoplay; clipboard-write; encrypted-media; gyroscope; picture-in-picture\" allowfullscreen=\"\" frameborder=\"0\" height=\"315\" src=\"https:\/\/www.youtube.com\/embed\/BWh27uBlhKo\" width=\"560\">[embedded content]<\/iframe><\/p>\n<p class=\"c6\">Le\u00a0 minist\u00e8re de l&rsquo;Enseignement sup\u00e9rieur affirme de son c\u00f4t\u00e9 que \u00able d\u00e9c\u00e8s de l&rsquo;\u00e9tudiante Bekkouche Nac\u00e9ra est d\u00fb \u00e0 un court-circuit \u00e9lectrique au niveau d&rsquo;une r\u00e9sistance \u00e0 l&rsquo;int\u00e9rieur de sa chambre et non \u00e0 l&rsquo;explosion d&rsquo;une bouteille de gaz\u00bb.<\/p>\n<p class=\"c6\">Une enqu\u00eate des services de la suret\u00e9 de wilaya d\u2019Alger est en cours pour d\u00e9terminer les circonstances exactes de la mort de la jeune \u00e9tudiante.<\/p>\n<p class=\"c6\">\u00a0<\/p>\n<p class=\"c7\"><strong>R\u00e9daction Web<\/strong><\/p>\n<\/div>\n<div id=\"text_core\" readability=\"58\">\n<p class=\"c6\">De nombreux \u00e9tudiantes et \u00e9tudiants se sont rassembl\u00e9s, ce dimanche, \u00e0 l\u2019ext\u00e9rieur de l\u2019universit\u00e9 Alger 3 (ex ITFC), pour d\u00e9noncer leurs conditions d\u2019h\u00e9bergement, apr\u00e8s le d\u00e9c\u00e8s tragique, samedi, de leur jeune camarade, dans la cit\u00e9 universitaire pour filles d&rsquo;Ouled Fayet 2, dans la banlieue sud-ouest d\u2019Alger.<\/p>\n<p class=\"c6\">La jeune \u00e9tudiante de 24 ans, originaire de Tiaret, \u00e0 300 km au sud-ouest de la capitale, a eu lieu\u00a0 \u00ab\u00a0suite \u00e0 une explosion d&rsquo;une bouteille de gaz\u00a0 (camping gaz)\u00a0\u00bb, selon la protection civile.<\/p>\n<p><iframe loading=\"lazy\" allow=\"accelerometer; autoplay; clipboard-write; encrypted-media; gyroscope; picture-in-picture\" allowfullscreen=\"\" frameborder=\"0\" height=\"315\" src=\"https:\/\/www.youtube.com\/embed\/BWh27uBlhKo\" width=\"560\">[embedded content]<\/iframe><\/p>\n<p class=\"c6\">Le\u00a0 minist\u00e8re de l&rsquo;Enseignement sup\u00e9rieur affirme de son c\u00f4t\u00e9 que \u00able d\u00e9c\u00e8s de l&rsquo;\u00e9tudiante Bekkouche Nac\u00e9ra est d\u00fb \u00e0 un court-circuit \u00e9lectrique au niveau d&rsquo;une r\u00e9sistance \u00e0 l&rsquo;int\u00e9rieur de sa chambre et non \u00e0 l&rsquo;explosion d&rsquo;une bouteille de gaz\u00bb.<\/p>\n<p class=\"c6\">Une enqu\u00eate des services de la suret\u00e9 de wilaya d\u2019Alger est en cours pour d\u00e9terminer les circonstances exactes de la mort de la jeune \u00e9tudiante.<\/p>\n<p class=\"c6\">\u00a0<\/p>\n<p class=\"c7\"><strong>R\u00e9daction Web<\/strong><\/p>\n<\/div>\n<p>Auteur:<br \/>\n<a href=\"https:\/\/www.liberte-algerie.com\/actualite\/video-rassemblement-des-etudiants-a-ben-aknoun-apres-le-deces-tragique-de-leur-camarade-353689\">Cliquez ici pour lire l&rsquo;article depuis sa source.<\/a><\/p>\n","protected":false},"excerpt":{"rendered":"<p>De nombreux \u00e9tudiantes et \u00e9tudiants se sont rassembl\u00e9s, ce dimanche, \u00e0 l\u2019ext\u00e9rieur de l\u2019universit\u00e9 Alger 3 (ex ITFC), pour d\u00e9noncer leurs conditions d\u2019h\u00e9bergement, apr\u00e8s le d\u00e9c\u00e8s tragique, samedi, de leur jeune camarade, dans la cit\u00e9 universitaire pour filles d&rsquo;Ouled Fayet 2, dans la banlieue sud-ouest d\u2019Alger. La jeune \u00e9tudiante de 24 ans, originaire de Tiaret, [&hellip;]<\/p>\n","protected":false},"author":1742,"featured_media":0,"comment_status":"closed","ping_status":"closed","sticky":false,"template":"","format":"standard","meta":{"fifu_image_url":"","fifu_image_alt":"","footnotes":""},"categories":[73,53],"tags":[],"class_list":["post-110752","post","type-post","status-publish","format-standard","hentry","category-actualite","category-algerie"],"_links":{"self":[{"href":"https:\/\/linitiative.ca\/International\/wp-json\/wp\/v2\/posts\/110752","targetHints":{"allow":["GET"]}}],"collection":[{"href":"https:\/\/linitiative.ca\/International\/wp-json\/wp\/v2\/posts"}],"about":[{"href":"https:\/\/linitiative.ca\/International\/wp-json\/wp\/v2\/types\/post"}],"author":[{"embeddable":true,"href":"https:\/\/linitiative.ca\/International\/wp-json\/wp\/v2\/users\/1742"}],"replies":[{"embeddable":true,"href":"https:\/\/linitiative.ca\/International\/wp-json\/wp\/v2\/comments?post=110752"}],"version-history":[{"count":0,"href":"https:\/\/linitiative.ca\/International\/wp-json\/wp\/v2\/posts\/110752\/revisions"}],"wp:attachment":[{"href":"https:\/\/linitiative.ca\/International\/wp-json\/wp\/v2\/media?parent=110752"}],"wp:term":[{"taxonomy":"category","embeddable":true,"href":"https:\/\/linitiative.ca\/International\/wp-json\/wp\/v2\/categories?post=110752"},{"taxonomy":"post_tag","embeddable":true,"href":"https:\/\/linitiative.ca\/International\/wp-json\/wp\/v2\/tags?post=110752"}],"curies":[{"name":"wp","href":"https:\/\/api.w.org\/{rel}","templated":true}]}}