{"id":110753,"date":"2021-02-07T12:45:00","date_gmt":"2021-02-07T17:45:00","guid":{"rendered":"https:\/\/linitiative.ca\/International\/le-parquet-general-ordonne-louverture-dune-enquete-apres-les-revelations-de-walid-nekkiche\/"},"modified":"2021-02-07T12:45:00","modified_gmt":"2021-02-07T17:45:00","slug":"le-parquet-general-ordonne-louverture-dune-enquete-apres-les-revelations-de-walid-nekkiche","status":"publish","type":"post","link":"https:\/\/linitiative.ca\/International\/le-parquet-general-ordonne-louverture-dune-enquete-apres-les-revelations-de-walid-nekkiche\/","title":{"rendered":"Le parquet g\u00e9n\u00e9ral ordonne l\u2019ouverture d\u2019une enqu\u00eate apr\u00e8s les r\u00e9v\u00e9lations de Walid Nekkiche"},"content":{"rendered":"<div id=\"originalText\" readability=\"53\">\n<p>Le parquet g\u00e9n\u00e9ral pr\u00e8s la Cour d\u2019Alger\u00a0 a instruit, ce dimanche, le procureur de la R\u00e9publique pr\u00e8s le tribunal de Bir Mourad Rais d\u2019ouvrir une enqu\u00eate pr\u00e9liminaire sur l\u2019affaire Walid Nekkiche, qui a r\u00e9v\u00e9l\u00e9 lors de son proc\u00e8s, tenu le lundi 1\u00a0f\u00e9vrier, au tribunal de Dar El Beida, avoir subi des \u00abs\u00e9vices sexuels\u00a0\u00bb, des \u00ab menaces\u00a0\u00bb et de la \u00ab\u00a0torture\u00a0\u00bb, lors de sa garde \u00e0 vue dans les locaux de la direction g\u00e9n\u00e9rale de la s\u00e9curit\u00e9 int\u00e9rieure (DGSI), \u00e0\u00a0Ben Aknoun.<\/p>\n<p>Le communiqu\u00e9 du parquet g\u00e9n\u00e9ral, rendu public en fin de journ\u00e9e, pr\u00e9cise que cette enqu\u00eate a \u00e9t\u00e9 instruite au vu \u00ab\u00a0des r\u00e9actions et des commentaires\u00a0\u00bb que les d\u00e9clarations de Walid\u00a0 Nekkiche ont suscit\u00e9 dans la presse nationale, ainsi que \u00ab\u00a0les doutes et les questionnements\u00a0\u00bb qu&rsquo;elles ont soulev\u00e9 parmi \u00ab\u00a0les observateurs du travail judiciaire\u00a0\u00bb, en particulier dans le domaine li\u00e9 \u00ab\u00a0au respect de la libert\u00e9 et de la dignit\u00e9 des citoyens\u00a0\u00bb.<\/p>\n<p class=\"c6\"><strong>R\u00e9daction Web<\/strong><\/p>\n<\/div>\n<div id=\"text_core\" readability=\"53\">\n<p>Le parquet g\u00e9n\u00e9ral pr\u00e8s la Cour d\u2019Alger\u00a0 a instruit, ce dimanche, le procureur de la R\u00e9publique pr\u00e8s le tribunal de Bir Mourad Rais d\u2019ouvrir une enqu\u00eate pr\u00e9liminaire sur l\u2019affaire Walid Nekkiche, qui a r\u00e9v\u00e9l\u00e9 lors de son proc\u00e8s, tenu le lundi 1\u00a0f\u00e9vrier, au tribunal de Dar El Beida, avoir subi des \u00abs\u00e9vices sexuels\u00a0\u00bb, des \u00ab menaces\u00a0\u00bb et de la \u00ab\u00a0torture\u00a0\u00bb, lors de sa garde \u00e0 vue dans les locaux de la direction g\u00e9n\u00e9rale de la s\u00e9curit\u00e9 int\u00e9rieure (DGSI), \u00e0\u00a0Ben Aknoun.<\/p>\n<p>Le communiqu\u00e9 du parquet g\u00e9n\u00e9ral, rendu public en fin de journ\u00e9e, pr\u00e9cise que cette enqu\u00eate a \u00e9t\u00e9 instruite au vu \u00ab\u00a0des r\u00e9actions et des commentaires\u00a0\u00bb que les d\u00e9clarations de Walid\u00a0 Nekkiche ont suscit\u00e9 dans la presse nationale, ainsi que \u00ab\u00a0les doutes et les questionnements\u00a0\u00bb qu&rsquo;elles ont soulev\u00e9 parmi \u00ab\u00a0les observateurs du travail judiciaire\u00a0\u00bb, en particulier dans le domaine li\u00e9 \u00ab\u00a0au respect de la libert\u00e9 et de la dignit\u00e9 des citoyens\u00a0\u00bb.<\/p>\n<p class=\"c6\"><strong>R\u00e9daction Web<\/strong><\/p>\n<\/div>\n<p>Auteur:<br \/>\n<a href=\"https:\/\/www.liberte-algerie.com\/actualite\/le-parquet-general-ordonne-louverture-dune-enquete-apres-les-revelations-de-walid-nekkiche-353690\">Cliquez ici pour lire l&rsquo;article depuis sa source.<\/a><\/p>\n","protected":false},"excerpt":{"rendered":"<p>Le parquet g\u00e9n\u00e9ral pr\u00e8s la Cour d\u2019Alger\u00a0 a instruit, ce dimanche, le procureur de la R\u00e9publique pr\u00e8s le tribunal de Bir Mourad Rais d\u2019ouvrir une enqu\u00eate pr\u00e9liminaire sur l\u2019affaire Walid Nekkiche, qui a r\u00e9v\u00e9l\u00e9 lors de son proc\u00e8s, tenu le lundi 1\u00a0f\u00e9vrier, au tribunal de Dar El Beida, avoir subi des \u00abs\u00e9vices sexuels\u00a0\u00bb, des \u00ab [&hellip;]<\/p>\n","protected":false},"author":1742,"featured_media":0,"comment_status":"closed","ping_status":"closed","sticky":false,"template":"","format":"standard","meta":{"fifu_image_url":"","fifu_image_alt":"","footnotes":""},"categories":[73,53],"tags":[],"class_list":["post-110753","post","type-post","status-publish","format-standard","hentry","category-actualite","category-algerie"],"_links":{"self":[{"href":"https:\/\/linitiative.ca\/International\/wp-json\/wp\/v2\/posts\/110753","targetHints":{"allow":["GET"]}}],"collection":[{"href":"https:\/\/linitiative.ca\/International\/wp-json\/wp\/v2\/posts"}],"about":[{"href":"https:\/\/linitiative.ca\/International\/wp-json\/wp\/v2\/types\/post"}],"author":[{"embeddable":true,"href":"https:\/\/linitiative.ca\/International\/wp-json\/wp\/v2\/users\/1742"}],"replies":[{"embeddable":true,"href":"https:\/\/linitiative.ca\/International\/wp-json\/wp\/v2\/comments?post=110753"}],"version-history":[{"count":0,"href":"https:\/\/linitiative.ca\/International\/wp-json\/wp\/v2\/posts\/110753\/revisions"}],"wp:attachment":[{"href":"https:\/\/linitiative.ca\/International\/wp-json\/wp\/v2\/media?parent=110753"}],"wp:term":[{"taxonomy":"category","embeddable":true,"href":"https:\/\/linitiative.ca\/International\/wp-json\/wp\/v2\/categories?post=110753"},{"taxonomy":"post_tag","embeddable":true,"href":"https:\/\/linitiative.ca\/International\/wp-json\/wp\/v2\/tags?post=110753"}],"curies":[{"name":"wp","href":"https:\/\/api.w.org\/{rel}","templated":true}]}}