{"id":110754,"date":"2021-02-06T18:51:51","date_gmt":"2021-02-06T23:51:51","guid":{"rendered":"https:\/\/linitiative.ca\/International\/le-conseil-communal-evalue-la-gestion-du-service-de-la-proprete\/"},"modified":"2021-02-06T18:51:51","modified_gmt":"2021-02-06T23:51:51","slug":"le-conseil-communal-evalue-la-gestion-du-service-de-la-proprete","status":"publish","type":"post","link":"https:\/\/linitiative.ca\/International\/le-conseil-communal-evalue-la-gestion-du-service-de-la-proprete\/","title":{"rendered":"Le Conseil communal \u00e9value la gestion du service de la propret\u00e9"},"content":{"rendered":"<div readability=\"36\">\n<p>Marrakech \u2013 Le Conseil communal de Marrakech a tenu, vendredi, une r\u00e9union consacr\u00e9e \u00e0 l\u2019\u00e9valuation de la gestion du secteur de la propret\u00e9 et de la collecte des d\u00e9chets m\u00e9nagers dans la cit\u00e9 ocre.<\/p>\n<\/div>\n<div readability=\"77\">\n<p>Pr\u00e9sid\u00e9e par le pr\u00e9sident du conseil de la commune, Mohamed Larbi Belcaid, en pr\u00e9sence des vice-pr\u00e9sidents et pr\u00e9sidents des conseils des arrondissements, des chefs des services techniques des arrondissements ainsi que des repr\u00e9sentants des deux soci\u00e9t\u00e9s d\u00e9l\u00e9gataires de la gestion du service de la propret\u00e9, cette r\u00e9union intervient un mois apr\u00e8s avoir d\u00e9l\u00e9gu\u00e9 la gestion dudit service \u00e0 des entreprises priv\u00e9es qui se sont engag\u00e9es \u00e0 fournir des prestations de qualit\u00e9 en mati\u00e8re de nettoyage et de collecte des d\u00e9chets.<\/p>\n<p>Lors de cette s\u00e9ance de travail, les deux soci\u00e9t\u00e9s d\u00e9l\u00e9gataires ont pr\u00e9sent\u00e9 deux expos\u00e9s mettant en exergue le bilan de leurs actions durant le mois de janvier dernier ainsi que les efforts consentis en vue de hisser la qualit\u00e9 des services, les contraintes et les moyens de les surmonter.<\/p>\n<p>La r\u00e9union a \u00e9t\u00e9 l\u2019occasion pour appeler les soci\u00e9t\u00e9s d\u00e9l\u00e9gataires \u00e0 respecter les clauses des cahiers des charges, \u00e0 acc\u00e9l\u00e9rer l\u2019acquisition de tous les engins et mat\u00e9riels n\u00e9cessaires et \u00e0 veiller \u00e0 am\u00e9liorer la qualit\u00e9 des services dans ce secteur vital.<\/p>\n<p>L\u2019instance \u00e9lue a conclu en 2020 deux conventions relatives \u00e0 la gestion d\u00e9l\u00e9gu\u00e9e du service de la propret\u00e9 (collecte des d\u00e9chets m\u00e9nagers et nettoyage des avenues et des rues) pour une dur\u00e9e de 7 ans, dont la premi\u00e8re tranche (arrondissements de Gu\u00e9liz, la M\u00e9dina, Sidi Youssef Ben Ali et de la Palmeraie) a \u00e9t\u00e9 confi\u00e9e \u00e0 la soci\u00e9t\u00e9 \u00ab\u00a0\u00a0\u00bbArma\u00a0\u00bb, alors que la deuxi\u00e8me concernant l\u2019arrondissement de Menara a \u00e9t\u00e9 c\u00e9d\u00e9e \u00e0 l\u2019entreprise \u00ab\u00a0Mecomar\u00a0\u00bb.<\/p>\n<p>Ce nouveau contrat se d\u00e9marque des pr\u00e9c\u00e9dentes conventions par l\u2019adoption d\u2019un syst\u00e8me int\u00e9gr\u00e9 bas\u00e9 sur des aspects techniques, environnementaux et financiers, comme le doublement de la valeur du programme d\u2019investissement des deux soci\u00e9t\u00e9s (plus de 280 millions de DH), ainsi que de la capacit\u00e9 des bennes \u00e0 ordures, et le remplacement de celles en plastique par d\u2019autres m\u00e9talliques ou souterraines.<\/p>\n<p>Ce contrat pr\u00e9voit aussi l\u2019adoption du contr\u00f4le num\u00e9rique et technologique (syst\u00e8me du GPS) pour la collecte et le tri des d\u00e9chets dans les diff\u00e9rents quartiers, ainsi que de divers modes de collecte (porte-\u00e0-porte, points de collecte, collecte de nuit), outre l\u2019am\u00e9nagement de deux centres d\u00e9di\u00e9s \u00e0 cette op\u00e9ration et leur soumission au contr\u00f4le continu.<\/p>\n<\/div>\n<p>Auteur: Meriem IGASS<br \/>\n<a href=\"http:\/\/www.mapmarrakech.ma\/fr\/le-conseil-communal-evalue-la-gestion-du-service-de-la-proprete\/\">Cliquez ici pour lire l&rsquo;article depuis sa source.<\/a><\/p>\n","protected":false},"excerpt":{"rendered":"<p>Marrakech \u2013 Le Conseil communal de Marrakech a tenu, vendredi, une r\u00e9union consacr\u00e9e \u00e0 l\u2019\u00e9valuation de la gestion du secteur de la propret\u00e9 et de la collecte des d\u00e9chets m\u00e9nagers dans la cit\u00e9 ocre. Pr\u00e9sid\u00e9e par le pr\u00e9sident du conseil de la commune, Mohamed Larbi Belcaid, en pr\u00e9sence des vice-pr\u00e9sidents et pr\u00e9sidents des conseils des [&hellip;]<\/p>\n","protected":false},"author":1788,"featured_media":0,"comment_status":"closed","ping_status":"closed","sticky":false,"template":"","format":"standard","meta":{"fifu_image_url":"","fifu_image_alt":"","footnotes":""},"categories":[54,76],"tags":[],"class_list":["post-110754","post","type-post","status-publish","format-standard","hentry","category-maroc","category-regions"],"_links":{"self":[{"href":"https:\/\/linitiative.ca\/International\/wp-json\/wp\/v2\/posts\/110754","targetHints":{"allow":["GET"]}}],"collection":[{"href":"https:\/\/linitiative.ca\/International\/wp-json\/wp\/v2\/posts"}],"about":[{"href":"https:\/\/linitiative.ca\/International\/wp-json\/wp\/v2\/types\/post"}],"author":[{"embeddable":true,"href":"https:\/\/linitiative.ca\/International\/wp-json\/wp\/v2\/users\/1788"}],"replies":[{"embeddable":true,"href":"https:\/\/linitiative.ca\/International\/wp-json\/wp\/v2\/comments?post=110754"}],"version-history":[{"count":0,"href":"https:\/\/linitiative.ca\/International\/wp-json\/wp\/v2\/posts\/110754\/revisions"}],"wp:attachment":[{"href":"https:\/\/linitiative.ca\/International\/wp-json\/wp\/v2\/media?parent=110754"}],"wp:term":[{"taxonomy":"category","embeddable":true,"href":"https:\/\/linitiative.ca\/International\/wp-json\/wp\/v2\/categories?post=110754"},{"taxonomy":"post_tag","embeddable":true,"href":"https:\/\/linitiative.ca\/International\/wp-json\/wp\/v2\/tags?post=110754"}],"curies":[{"name":"wp","href":"https:\/\/api.w.org\/{rel}","templated":true}]}}