{"id":110755,"date":"2021-02-07T12:10:00","date_gmt":"2021-02-07T17:10:00","guid":{"rendered":"https:\/\/linitiative.ca\/International\/24eme-ag-de-lomt-lespoir-est-de-mise-pour-la-cite-ocre\/"},"modified":"2021-02-07T12:10:00","modified_gmt":"2021-02-07T17:10:00","slug":"24eme-ag-de-lomt-lespoir-est-de-mise-pour-la-cite-ocre","status":"publish","type":"post","link":"https:\/\/linitiative.ca\/International\/24eme-ag-de-lomt-lespoir-est-de-mise-pour-la-cite-ocre\/","title":{"rendered":"24\u00e8me AG de l\u2019OMT: L\u2019espoir est de mise pour la Cit\u00e9 ocre"},"content":{"rendered":"<div readability=\"40\">\n<p>Marrakech, la Cit\u00e9 ocre, s\u2019appr\u00eate \u00e0 accueillir la 24\u00e8me session de l\u2019Assembl\u00e9e G\u00e9n\u00e9rale (AG) de l\u2019Organisation mondiale du tourisme (OMT), pr\u00e9vue en octobre prochain. Un brin d\u2019optimisme qui se dessine \u00e0 l\u2019horizon pour l\u2019ensemble de l\u2019\u00e9cosyst\u00e8me du secteur touristique national qui table, entre autres, sur cette manifestation d\u2019envergure pour amorcer \u00ab\u00a0la v\u00e9ritable\u00a0\u00bb relance de l\u2019activit\u00e9.<\/p>\n<\/div>\n<div readability=\"100\">\n<p>L\u2019espoir s\u2019est renforc\u00e9 davantage avec la r\u00e9cente visite du Secr\u00e9taire G\u00e9n\u00e9rale de l\u2019OMT au Maroc, Zurab Pololikashvili, qui est venu s\u2019assurer du bon d\u00e9roulement des pr\u00e9paratifs de cette AG, laquelle se tiendra pour la premi\u00e8re fois au Maroc. Le responsable onusien n\u2019a pas manqu\u00e9 d\u2019affirmer que cette 24\u00e8me session sera historique et qu\u2019aucun effort ne sera m\u00e9nag\u00e9 pour en faire l\u2019un des \u00e9v\u00e8nements post-pand\u00e9mie les plus r\u00e9ussis.<\/p>\n<p>Et pour confirmer l\u2019engagement du Royaume et de l\u2019OMT quant \u00e0 l\u2019organisation de ladite AG, une lettre d\u2019intention a \u00e9t\u00e9 sign\u00e9e par M. Pololikashvili et la ministre du Tourisme, de l\u2019artisanat, du transport a\u00e9rien et de l\u2019\u00e9conomie sociale, Nadia Fettah Alaoui. Une signature qui a co\u00efncid\u00e9 avec le d\u00e9marrage des campagnes de vaccination \u00e0 travers le monde, ce qui a donn\u00e9 un signal fort et un message d\u2019espoir \u00e0 la communaut\u00e9 touristique internationale et aux op\u00e9rateurs touristiques marocains en particulier.<\/p>\n<p>C\u2019est ce qu\u2019a, d\u2019ailleurs, relev\u00e9 Mme Fettah Alaoui qui a mis en avant la mobilisation totale de son D\u00e9partement et ce, dans le cadre d\u2019une approche de concertation avec les diff\u00e9rentes parties concern\u00e9es en vue de garantir le succ\u00e8s de cet \u00e9v\u00e9nement plan\u00e9taire.<\/p>\n<p>M. Pololikashvili a \u00e9galement salu\u00e9, lors de ses entretiens avec le Chef du gouvernement, Saad Dine El Otmani, et le ministre des Affaires \u00e9trang\u00e8res, de la Coop\u00e9ration africaine et des Marocains r\u00e9sidant \u00e0 l\u2019\u00e9tranger, Nasser Bourita, la qualit\u00e9 des relations de coop\u00e9ration historiques Maroc-OMT qui sont marqu\u00e9es par la r\u00e9ussite d\u2019une s\u00e9rie de programmes mis en place par les deux parties en faveur de diff\u00e9rentes composantes du secteur touristique.<\/p>\n<p>La tourn\u00e9e du responsable onusien s\u2019est poursuivie avec la visite du Mus\u00e9e Mohammed VI d\u2019art moderne et contemporain (MMVI) de Rabat et le Mus\u00e9e Yves Saint Laurent de Marrakech, avant d\u2019explorer le jardin botanique \u00ab\u00a0Majorelle\u00a0\u00bb et la place mythique de Jemaa el-Fna.<\/p>\n<p>En outre, le SG de l\u2019OMT s\u2019est f\u00e9licit\u00e9, lors d\u2019une r\u00e9union avec le Wali de la r\u00e9gion Marrakech-Safi, gouverneur de la pr\u00e9fecture de Marrakech, Karim Kassi-Lahlou, et les partenaires locaux, des atouts dont Marrakech dispose pour accueillir la 24\u00e8me AG dans les meilleures conditions.<\/p>\n<p>Force est de constater que cette visite de travail de M. Pololikashvili tombe \u00e0 point nomm\u00e9 pour promouvoir davantage la destination \u00ab\u00a0Maroc\u00a0\u00bb \u00e0 l\u2019\u00e9chelle mondiale et ce, en pr\u00e9lude de la lev\u00e9e des restrictions de voyages mises en place par les diff\u00e9rents pays.<\/p>\n<p>Et ce n\u2019est pas tout. Cette AG consolidera aussi l\u2019image de marque de la Cit\u00e9 rouge qui a abrit\u00e9 auparavant des \u00e9v\u00e9nements d\u2019envergure internationale, comme la cr\u00e9ation de l\u2019Organisation mondiale du commerce (OMC), la 22\u00e8 conf\u00e9rence des parties de la convention-cadre des Nations Unies sur les changements climatiques (COP22), le Pacte mondial sur les migrations.<\/p>\n<p>En septembre 2019, le Maroc a \u00e9t\u00e9 \u00e9lu pour abriter la 24\u00e8me l\u2019AG de l\u2019OMT lors de la 22\u00e8 session \u00e0 Saint-P\u00e9tersbourg (Russie), avec un total de 74 voix contre respectivement 17 et 11 pour le Kenya et les Philippines.<\/p>\n<\/div>\n<p>Auteur: Meriem IGASS<br \/>\n<a href=\"http:\/\/www.mapmarrakech.ma\/fr\/24eme-ag-de-lomt-lespoir-est-de-mise-pour-la-cite-ocre\/\">Cliquez ici pour lire l&rsquo;article depuis sa source.<\/a><\/p>\n","protected":false},"excerpt":{"rendered":"<p>Marrakech, la Cit\u00e9 ocre, s\u2019appr\u00eate \u00e0 accueillir la 24\u00e8me session de l\u2019Assembl\u00e9e G\u00e9n\u00e9rale (AG) de l\u2019Organisation mondiale du tourisme (OMT), pr\u00e9vue en octobre prochain. Un brin d\u2019optimisme qui se dessine \u00e0 l\u2019horizon pour l\u2019ensemble de l\u2019\u00e9cosyst\u00e8me du secteur touristique national qui table, entre autres, sur cette manifestation d\u2019envergure pour amorcer \u00ab\u00a0la v\u00e9ritable\u00a0\u00bb relance de l\u2019activit\u00e9. [&hellip;]<\/p>\n","protected":false},"author":1788,"featured_media":0,"comment_status":"closed","ping_status":"closed","sticky":false,"template":"","format":"standard","meta":{"fifu_image_url":"","fifu_image_alt":"","footnotes":""},"categories":[54,76],"tags":[],"class_list":["post-110755","post","type-post","status-publish","format-standard","hentry","category-maroc","category-regions"],"_links":{"self":[{"href":"https:\/\/linitiative.ca\/International\/wp-json\/wp\/v2\/posts\/110755","targetHints":{"allow":["GET"]}}],"collection":[{"href":"https:\/\/linitiative.ca\/International\/wp-json\/wp\/v2\/posts"}],"about":[{"href":"https:\/\/linitiative.ca\/International\/wp-json\/wp\/v2\/types\/post"}],"author":[{"embeddable":true,"href":"https:\/\/linitiative.ca\/International\/wp-json\/wp\/v2\/users\/1788"}],"replies":[{"embeddable":true,"href":"https:\/\/linitiative.ca\/International\/wp-json\/wp\/v2\/comments?post=110755"}],"version-history":[{"count":0,"href":"https:\/\/linitiative.ca\/International\/wp-json\/wp\/v2\/posts\/110755\/revisions"}],"wp:attachment":[{"href":"https:\/\/linitiative.ca\/International\/wp-json\/wp\/v2\/media?parent=110755"}],"wp:term":[{"taxonomy":"category","embeddable":true,"href":"https:\/\/linitiative.ca\/International\/wp-json\/wp\/v2\/categories?post=110755"},{"taxonomy":"post_tag","embeddable":true,"href":"https:\/\/linitiative.ca\/International\/wp-json\/wp\/v2\/tags?post=110755"}],"curies":[{"name":"wp","href":"https:\/\/api.w.org\/{rel}","templated":true}]}}