{"id":110756,"date":"2021-02-07T12:20:24","date_gmt":"2021-02-07T17:20:24","guid":{"rendered":"https:\/\/linitiative.ca\/International\/suivi-de-letat-davancement-des-projets-de-developpement\/"},"modified":"2021-02-07T12:20:24","modified_gmt":"2021-02-07T17:20:24","slug":"suivi-de-letat-davancement-des-projets-de-developpement","status":"publish","type":"post","link":"https:\/\/linitiative.ca\/International\/suivi-de-letat-davancement-des-projets-de-developpement\/","title":{"rendered":"Suivi de l\u2019\u00e9tat d\u2019avancement des projets de d\u00e9veloppement"},"content":{"rendered":"<div readability=\"35\">\n<p>Marrakech \u2013 Les autorit\u00e9s de la wilaya de Marrakech-Safi poursuivent leurs visites de terrain aux projets du programme de mise en valeur de l\u2019ancienne m\u00e9dina et ce, dans le cadre du suivi permanent des grands chantiers de d\u00e9veloppement en cours de r\u00e9alisation dans la cit\u00e9 ocre.<\/p>\n<\/div>\n<div readability=\"85\">\n<p>Ainsi, le wali de la r\u00e9gion de Marrakech-Safi, gouverneur de la pr\u00e9fecture de Marrakech, Karim Kassi-Lahlou s\u2019est enquis, r\u00e9cemment, de l\u2019\u00e9tat d\u2019avancement du projet du Mus\u00e9e du patrimoine immat\u00e9riel en cours de r\u00e9alisation dans l\u2019ancien si\u00e8ge de Bank Al-Maghrib, \u00e0 la mythique place de Jem\u00e2a El Fna, sous la supervision de la Fondation Nationale des Mus\u00e9es.<\/p>\n<p>M. Kassi-Lahlou a \u00e9galement visit\u00e9 les chantiers de 14 projets au niveau de l\u2019ancienne m\u00e9dina, l\u2019occasion de prendre connaissance du d\u00e9roulement des travaux et des d\u00e9lais fix\u00e9s pour leur ach\u00e8vement.<\/p>\n<p>Ces projets concernent la place Bab Ftouh en passant par Souk Semmarine, Foundouq Ellebbane, le circuit reliant la place de Jem\u00e2a El Fna et Ben Youssef, Derb Dabachi, Foudouq El Kebbaj, Foundouq Chema\u00e2, le centre de sant\u00e9 Sidi Ishak, Foundouq Boukhabia, la Mosqu\u00e9e Mokhatrine, le circuit reliant Diour Saboun et Bab Taghazout, le circuit Antaki-Ben Youssef, le circuit touristique et la Place Antaki jusqu\u2019au jardin de Bab Khmis.<\/p>\n<p>Le wali a, par la m\u00eame occasion, visit\u00e9 les Foundouqs o\u00f9 les travaux ont \u00e9t\u00e9 achev\u00e9s, alors que les magasins qui en rel\u00e8vent ont \u00e9t\u00e9 remis aux artisans concern\u00e9s qui se pr\u00e9parent ainsi \u00e0 reprendre leurs activit\u00e9s dans des espaces favorables \u00e0 la cr\u00e9ativit\u00e9 et refl\u00e9tant la splendeur, l\u2019attractivit\u00e9 et authenticit\u00e9 de l\u2019architecture marocaine.<\/p>\n<p>Au cours de ces visites, M. Kassi-Lahlou \u00e9tait accompagn\u00e9 du secr\u00e9taire g\u00e9n\u00e9ral de la wilaya, des chefs des services d\u00e9centralis\u00e9s de la direction r\u00e9gionale de l\u2019habitat et de la politique de la ville, de l\u2019agence urbaine, de la soci\u00e9t\u00e9 Al Omrane, de la direction r\u00e9gionale de la culture, de la N\u00e9dharat des Habous, de la RADEEMA, des chefs des services \u00e0 la wilaya et des agents d\u2019autorit\u00e9 concern\u00e9s.<\/p>\n<\/div>\n<p>Auteur: Meriem IGASS<br \/>\n<a href=\"http:\/\/www.mapmarrakech.ma\/fr\/suivi-de-letat-davancement-des-projets-de-developpement\/\">Cliquez ici pour lire l&rsquo;article depuis sa source.<\/a><\/p>\n","protected":false},"excerpt":{"rendered":"<p>Marrakech \u2013 Les autorit\u00e9s de la wilaya de Marrakech-Safi poursuivent leurs visites de terrain aux projets du programme de mise en valeur de l\u2019ancienne m\u00e9dina et ce, dans le cadre du suivi permanent des grands chantiers de d\u00e9veloppement en cours de r\u00e9alisation dans la cit\u00e9 ocre. Ainsi, le wali de la r\u00e9gion de Marrakech-Safi, gouverneur [&hellip;]<\/p>\n","protected":false},"author":1788,"featured_media":0,"comment_status":"closed","ping_status":"closed","sticky":false,"template":"","format":"standard","meta":{"fifu_image_url":"","fifu_image_alt":"","footnotes":""},"categories":[54,76],"tags":[],"class_list":["post-110756","post","type-post","status-publish","format-standard","hentry","category-maroc","category-regions"],"_links":{"self":[{"href":"https:\/\/linitiative.ca\/International\/wp-json\/wp\/v2\/posts\/110756","targetHints":{"allow":["GET"]}}],"collection":[{"href":"https:\/\/linitiative.ca\/International\/wp-json\/wp\/v2\/posts"}],"about":[{"href":"https:\/\/linitiative.ca\/International\/wp-json\/wp\/v2\/types\/post"}],"author":[{"embeddable":true,"href":"https:\/\/linitiative.ca\/International\/wp-json\/wp\/v2\/users\/1788"}],"replies":[{"embeddable":true,"href":"https:\/\/linitiative.ca\/International\/wp-json\/wp\/v2\/comments?post=110756"}],"version-history":[{"count":0,"href":"https:\/\/linitiative.ca\/International\/wp-json\/wp\/v2\/posts\/110756\/revisions"}],"wp:attachment":[{"href":"https:\/\/linitiative.ca\/International\/wp-json\/wp\/v2\/media?parent=110756"}],"wp:term":[{"taxonomy":"category","embeddable":true,"href":"https:\/\/linitiative.ca\/International\/wp-json\/wp\/v2\/categories?post=110756"},{"taxonomy":"post_tag","embeddable":true,"href":"https:\/\/linitiative.ca\/International\/wp-json\/wp\/v2\/tags?post=110756"}],"curies":[{"name":"wp","href":"https:\/\/api.w.org\/{rel}","templated":true}]}}