{"id":110759,"date":"2021-02-07T14:24:14","date_gmt":"2021-02-07T19:24:14","guid":{"rendered":"https:\/\/linitiative.ca\/International\/remise-a-rabat-du-prix-du-maroc-du-livre-pour-lannee-2020\/"},"modified":"2021-02-07T14:24:14","modified_gmt":"2021-02-07T19:24:14","slug":"remise-a-rabat-du-prix-du-maroc-du-livre-pour-lannee-2020","status":"publish","type":"post","link":"https:\/\/linitiative.ca\/International\/remise-a-rabat-du-prix-du-maroc-du-livre-pour-lannee-2020\/","title":{"rendered":"Remise \u00e0 Rabat du Prix du Maroc du livre pour l\u2019ann\u00e9e 2020"},"content":{"rendered":"<p class=\"c4\">Le minist\u00e8re de la Culture, de la Jeunesse et des Sports \u2013 D\u00e9partement de la culture \u2013 a organis\u00e9, vendredi \u00e0 Rabat, une c\u00e9r\u00e9monie de remise du Prix du Maroc du Livre, au titre de l\u2019ann\u00e9e 2020, en hommage aux \u00e9crivains marocains, et en reconnaissance de leur efforts en mati\u00e8re de cr\u00e9ativit\u00e9, de recherche, de traduction et dans le large domaine de la propri\u00e9t\u00e9 intellectuelle.<\/p>\n<p class=\"c4\">Cette c\u00e9r\u00e9monie, qui s\u2019est d\u00e9roul\u00e9e en pr\u00e9sence de l\u2019Historiographe du Royaume et Porte-parole du Palais Royal, Abdelhaq Lamrini, du directeur des Archives du Maroc, Jama\u00e2 Baida, du Directeur de la Biblioth\u00e8que nationale du Royaume du Maroc (BNRM), Mohamed El Ferran et d\u2019autres personnalit\u00e9s \u00e9minentes du monde intellectuel et culturel, a \u00e9t\u00e9 l\u2019occasion pour rendre hommage aux \u00e9crivains r\u00e9cipiendaires de ce prestigieux prix qui souffle sa 52\u00e8me bougie.<\/p>\n<p class=\"c4\">Dans la cat\u00e9gorie des Sciences sociales, le prix a \u00e9t\u00e9 remport\u00e9 par l\u2019auteur Al Habib Astati Zine Eddine pour son ouvrage en arabe sur Les mouvements de contestation au Maroc et la dynamique du changement dans la continuit\u00e9, \u00e9dit\u00e9 au Centre arabe de recherches et d\u2019\u00e9tudes politiques \u00e0 Doha, tandis que dans la cat\u00e9gorie Sciences humaines, le prix est revenu \u00e0 Moustapha Bouaziz pour son \u0153uvre \u00ab\u00a0Les Nationalistes Marocains au XX\u00e8 si\u00e8cle: 1873-1999\u00a0\u00bb, paru en deux tomes chez Dar Afriqia-Asharq.<\/p>\n<p class=\"c4\">Le Prix des Etudes litt\u00e9raires, linguistiques et artistiques a \u00e9t\u00e9 d\u00e9cern\u00e9 \u00e0 Abderahmane El Tmara pour son livre, \u00e9galement en arabe sur Le possible et l\u2019imaginaire: La r\u00e9f\u00e9rence politique dans le r\u00e9cit, paru chez Dar Konoz Al-ma\u2019rerfa\u00a0\u00bb en Jordanie, alors qu\u2019un ouvrage qui approche La linguistique amazighe: caract\u00e9ristiques et construction de la phrase, de son auteur Rachid La\u00e2bdlaoui (Dar Bouregreg) a \u00e9t\u00e9 prim\u00e9 dans la cat\u00e9gorie Etudes sur la culture amazighe.<\/p>\n<p class=\"c4\">Pour la cat\u00e9gorie Traduction, le jury du prix du livre a port\u00e9 son choix sur Hassan Amili et Abderrazak El Asri pour leur traduction de l\u2019ouvrage \u00ab\u00a0Rabat et sa r\u00e9gion\u00a0\u00bb \u0153uvre de la mission scientifique fran\u00e7aise paru aux \u00e9ditions Dar Bouregreg, ex-aequo avec Abderrahim Hazl pour sa traduction du livre d\u2019Andr\u00e9 Adam \u00ab\u00a0Histoire de Casablanca, des origines \u00e0 1914\u00a0\u00bb, paru aux \u00e9ditions Dar Al Aman.<\/p>\n<p class=\"c4\">Le prix de la po\u00e9sie a \u00e9t\u00e9 d\u00e9cern\u00e9 \u00e0 Mohamed Aniba El Hamri pour son recueil \u00ab\u00a0Tartaoui Banjia\u00ea Alqassid\u00a0\u00bb, paru chez Dar Aqarawyen, alors que le prix de la cat\u00e9gorie Narration est all\u00e9 \u00e0 Chouaib Halifi pour son roman en arabe \u00ab\u00a0La tansa mataqoul\u00a0\u00bb (n\u2019oublie pas ce que tu dis).<\/p>\n<p class=\"c4\">L\u2019\u00e9crivain amazighophone Abdellah El Menani, a \u00e9t\u00e9 prim\u00e9 dans la cat\u00e9gorie de la Cr\u00e9ation litt\u00e9raire amazighe, alors que Abdellah Derkaoui s\u2019est, quant \u00e0 lui, adjug\u00e9 le prix du Livre de l\u2019enfant et des jeunes pour son r\u00e9cit \u00ab\u00a0Et la vie continue\u00a0\u00bb, paru aux Imprimeries Bilal.<\/p>\n<p class=\"c4\">Dans une allocution de circonstance, le ministre de la Culture, de la Jeunesse et des Sports, Othman El Ferdaous, a affirm\u00e9 que cette manifestation annuelle repr\u00e9sente un rendez-vous culturel important dans le plan d\u2019action du minist\u00e8re, et rev\u00eat une particularit\u00e9 cette ann\u00e9e eu \u00e9gard \u00e0 la crise sanitaire, \u00e9conomique et sociale actuelle, soulignant la n\u00e9cessit\u00e9 d\u2019observer le pr\u00e9sent et de se rem\u00e9morer le pass\u00e9 pour b\u00e2tir l\u2019avenir.<\/p>\n<p class=\"c4\">Et d\u2019ajouter que cette \u00e9ch\u00e9ance constitue une opportunit\u00e9 pour revitaliser la vie intellectuelle marocaine, de promouvoir la pens\u00e9e et la conscience collective et d\u2019encourager les intellectuels, \u00e9crivains et penseurs \u00e0 \u00e9crire pour davantage de prosp\u00e9rit\u00e9 et de cr\u00e9ativit\u00e9, soulignant que malgr\u00e9 les conditions sanitaires actuelles, le minist\u00e8re a veiller, avec responsabilit\u00e9 et engagement, au respect des mesures de s\u00e9curit\u00e9 dans l\u2019organisation de cet manifestation culturelle visant \u00e0 promouvoir le livre, la culture et la civilisation marocaine.<\/p>\n<p class=\"c4\">Les travaux des jurys du Prix du Maroc du Livre dans son \u00e9dition de l\u2019ann\u00e9e 2020 ont \u00e9t\u00e9 pr\u00e9sid\u00e9s par Abdelilah Belkeziz, tandis que la pr\u00e9sidence des sous-jurys a \u00e9t\u00e9 confi\u00e9e \u00e0 Latifa Meskini (po\u00e9sie), Mohamed Adiouane (narration, cr\u00e9ativit\u00e9 litt\u00e9raire amazighe et livre destin\u00e9 aux enfants et aux jeunes), Abdelghani Moundib (sciences sociales), Mohamed Cheikh (sciences humaines), Naoual Benbrahim (\u00e9tudes litt\u00e9raires, artistiques et linguistiques, et \u00e9tudes de la culture amazighe) et Khalid Bensghir (traduction).<\/p>\n<p class=\"c4\">L\u2019\u00e9dition a \u00e9t\u00e9 marqu\u00e9e par la participation de 222 ouvrages, r\u00e9partis entre la po\u00e9sie (26 livres), la narration (61), les sciences humaines (37), les sciences sociales (15), les \u00e9tudes litt\u00e9raires, artistiques et linguistiques (25), les \u00e9tudes de la culture amazighe (1 livre), la cr\u00e9ation litt\u00e9raire amazighe (24), le livre destin\u00e9 aux enfants et aux jeunes (16) et la traduction (17).<\/p>\n<p>Auteur: Soufiane ELAHMAR<br \/>\n<a href=\"http:\/\/www.mapoujda.ma\/fr\/remise-a-rabat-du-prix-du-maroc-du-livre-pour-lannee-2020\/\">Cliquez ici pour lire l&rsquo;article depuis sa source.<\/a><\/p>\n","protected":false},"excerpt":{"rendered":"<p>Le minist\u00e8re de la Culture, de la Jeunesse et des Sports \u2013 D\u00e9partement de la culture \u2013 a organis\u00e9, vendredi \u00e0 Rabat, une c\u00e9r\u00e9monie de remise du Prix du Maroc du Livre, au titre de l\u2019ann\u00e9e 2020, en hommage aux \u00e9crivains marocains, et en reconnaissance de leur efforts en mati\u00e8re de cr\u00e9ativit\u00e9, de recherche, de [&hellip;]<\/p>\n","protected":false},"author":1788,"featured_media":0,"comment_status":"closed","ping_status":"closed","sticky":false,"template":"","format":"standard","meta":{"fifu_image_url":"","fifu_image_alt":"","footnotes":""},"categories":[54,76],"tags":[],"class_list":["post-110759","post","type-post","status-publish","format-standard","hentry","category-maroc","category-regions"],"_links":{"self":[{"href":"https:\/\/linitiative.ca\/International\/wp-json\/wp\/v2\/posts\/110759","targetHints":{"allow":["GET"]}}],"collection":[{"href":"https:\/\/linitiative.ca\/International\/wp-json\/wp\/v2\/posts"}],"about":[{"href":"https:\/\/linitiative.ca\/International\/wp-json\/wp\/v2\/types\/post"}],"author":[{"embeddable":true,"href":"https:\/\/linitiative.ca\/International\/wp-json\/wp\/v2\/users\/1788"}],"replies":[{"embeddable":true,"href":"https:\/\/linitiative.ca\/International\/wp-json\/wp\/v2\/comments?post=110759"}],"version-history":[{"count":0,"href":"https:\/\/linitiative.ca\/International\/wp-json\/wp\/v2\/posts\/110759\/revisions"}],"wp:attachment":[{"href":"https:\/\/linitiative.ca\/International\/wp-json\/wp\/v2\/media?parent=110759"}],"wp:term":[{"taxonomy":"category","embeddable":true,"href":"https:\/\/linitiative.ca\/International\/wp-json\/wp\/v2\/categories?post=110759"},{"taxonomy":"post_tag","embeddable":true,"href":"https:\/\/linitiative.ca\/International\/wp-json\/wp\/v2\/tags?post=110759"}],"curies":[{"name":"wp","href":"https:\/\/api.w.org\/{rel}","templated":true}]}}