{"id":110762,"date":"2021-02-07T06:19:47","date_gmt":"2021-02-07T11:19:47","guid":{"rendered":"https:\/\/linitiative.ca\/International\/fortes-rafales-de-vent-de-dimanche-a-mardi-bulletin-special\/"},"modified":"2021-02-07T06:19:47","modified_gmt":"2021-02-07T11:19:47","slug":"fortes-rafales-de-vent-de-dimanche-a-mardi-bulletin-special","status":"publish","type":"post","link":"https:\/\/linitiative.ca\/International\/fortes-rafales-de-vent-de-dimanche-a-mardi-bulletin-special\/","title":{"rendered":"Fortes rafales de vent de dimanche \u00e0 mardi (Bulletin sp\u00e9cial)"},"content":{"rendered":"<p class=\"c4\">De fortes rafales de vent sont attendues de dimanche \u00e0 mardi dans plusieurs provinces du Royaume, a annonc\u00e9 dimanche la Direction g\u00e9n\u00e9rale de la m\u00e9t\u00e9orologie (DGM).<\/p>\n<p class=\"c4\">Ainsi, de fortes rafales de vent de niveau orange (75 \u00e0 90 km\/h) sont pr\u00e9vues dimanche de 12h00 \u00e0 22h00 dans les provinces de Boulemane, Chefchaouen, Figuig, Guercif, Ifrane, Jerada, Midelt, Nador, Oujda-Angad, Taza, T\u00e9touan et Taourirt, a pr\u00e9cis\u00e9 la DGM dans un bulletin m\u00e9t\u00e9orologique sp\u00e9cial.<\/p>\n<p class=\"c4\">Ces rafales, poursuit la DGM, sont \u00e9galement attendues lundi et mardi dans les provinces de Tanger-Assilah, Fahs-Anjra, T\u00e9touan, Mdiq-Fnideq, Chefchaouen, Al Hoceima, Nador, Berkane, Oujda-Angad, Taourirt, Guercif, Taza et Taounate.<\/p>\n<p class=\"c4\">Ces vents seront accompagn\u00e9s par des chasses-poussi\u00e8res sur l\u2019Oriental, selon la m\u00eame source.<\/p>\n<p class=\"c4\">Par ailleurs, des pluies mod\u00e9r\u00e9es \u00e0 assez fortes, int\u00e9resseront le lundi de 06h00 \u00e0 13h00 les provinces Tanger-Assilah, Fahs-Anjra, Larache et Chefchaouen, d\u2019apr\u00e8s le bulletin sp\u00e9cial.<\/p>\n<p>Auteur: Soufiane ELAHMAR<br \/>\n<a href=\"http:\/\/www.mapoujda.ma\/fr\/fortes-rafales-de-vent-de-dimanche-a-mardi-bulletin-special\/\">Cliquez ici pour lire l&rsquo;article depuis sa source.<\/a><\/p>\n","protected":false},"excerpt":{"rendered":"<p>De fortes rafales de vent sont attendues de dimanche \u00e0 mardi dans plusieurs provinces du Royaume, a annonc\u00e9 dimanche la Direction g\u00e9n\u00e9rale de la m\u00e9t\u00e9orologie (DGM). Ainsi, de fortes rafales de vent de niveau orange (75 \u00e0 90 km\/h) sont pr\u00e9vues dimanche de 12h00 \u00e0 22h00 dans les provinces de Boulemane, Chefchaouen, Figuig, Guercif, Ifrane, [&hellip;]<\/p>\n","protected":false},"author":1788,"featured_media":0,"comment_status":"closed","ping_status":"closed","sticky":false,"template":"","format":"standard","meta":{"fifu_image_url":"","fifu_image_alt":"","footnotes":""},"categories":[54,76],"tags":[],"class_list":["post-110762","post","type-post","status-publish","format-standard","hentry","category-maroc","category-regions"],"_links":{"self":[{"href":"https:\/\/linitiative.ca\/International\/wp-json\/wp\/v2\/posts\/110762","targetHints":{"allow":["GET"]}}],"collection":[{"href":"https:\/\/linitiative.ca\/International\/wp-json\/wp\/v2\/posts"}],"about":[{"href":"https:\/\/linitiative.ca\/International\/wp-json\/wp\/v2\/types\/post"}],"author":[{"embeddable":true,"href":"https:\/\/linitiative.ca\/International\/wp-json\/wp\/v2\/users\/1788"}],"replies":[{"embeddable":true,"href":"https:\/\/linitiative.ca\/International\/wp-json\/wp\/v2\/comments?post=110762"}],"version-history":[{"count":0,"href":"https:\/\/linitiative.ca\/International\/wp-json\/wp\/v2\/posts\/110762\/revisions"}],"wp:attachment":[{"href":"https:\/\/linitiative.ca\/International\/wp-json\/wp\/v2\/media?parent=110762"}],"wp:term":[{"taxonomy":"category","embeddable":true,"href":"https:\/\/linitiative.ca\/International\/wp-json\/wp\/v2\/categories?post=110762"},{"taxonomy":"post_tag","embeddable":true,"href":"https:\/\/linitiative.ca\/International\/wp-json\/wp\/v2\/tags?post=110762"}],"curies":[{"name":"wp","href":"https:\/\/api.w.org\/{rel}","templated":true}]}}