{"id":110764,"date":"2021-02-07T15:14:26","date_gmt":"2021-02-07T20:14:26","guid":{"rendered":"https:\/\/linitiative.ca\/International\/pros-ferhat-buteur-et-passeur-decisif-face-a-las-monaco\/"},"modified":"2021-02-07T15:14:26","modified_gmt":"2021-02-07T20:14:26","slug":"pros-ferhat-buteur-et-passeur-decisif-face-a-las-monaco","status":"publish","type":"post","link":"https:\/\/linitiative.ca\/International\/pros-ferhat-buteur-et-passeur-decisif-face-a-las-monaco\/","title":{"rendered":"Pros : Ferhat buteur et passeur d\u00e9cisif face \u00e0 l\u2019AS Monaco"},"content":{"rendered":"<div readability=\"32\">\n<p>Auteur : <span>Riad O.<\/span> <span class=\"time\">dimanche 07 f\u00e9vrier 2021 18:02<\/span><\/p>\n<\/div>\n<div id=\"post_core\" readability=\"38\">\n<p>Au terme d&rsquo;un match compl\u00e8tement fou, l&rsquo;AS Monaco s&rsquo;est impos\u00e9e \u00e0 N\u00eemes (3-4) ce dimanche lors de la 24e journ\u00e9e de Ligue 1. Zinedine Ferhat, titularis\u00e9 comme \u00e0 son habitude par son coach, a livr\u00e9 une grosse prestation avec \u00e0 la c l\u00e9 un but et une passe d\u00e9cisive. L\u2019ancien joueur de l\u2019USM Alger compte quatre buts et autant de passes d\u00e9cisives \u00e0 son actif depuis le d\u00e9but du championnat de Ligue 1.<\/p>\n<p><u><strong>Riad O.<\/strong><\/u><\/p>\n<p><strong>Publi\u00e9 dans :<\/strong> <span>ferhat<\/span><\/p>\n<\/div>\n<p>Auteur:<br \/>\n<a href=\"http:\/\/www.lebuteur.com\/article\/detail?titre=ferhat-buteur-et-passeur-decisif-face-a-las-monaco&#038;id=98995&#038;utm_source=feedburner&#038;utm_medium=feed&#038;utm_campaign=Feed%3A+GalerieFArtciles+%28Les+derniers+articles++-+lebuteur.com%29\">Cliquez ici pour lire l&rsquo;article depuis sa source.<\/a><\/p>\n","protected":false},"excerpt":{"rendered":"<p>Auteur : Riad O. dimanche 07 f\u00e9vrier 2021 18:02 Au terme d&rsquo;un match compl\u00e8tement fou, l&rsquo;AS Monaco s&rsquo;est impos\u00e9e \u00e0 N\u00eemes (3-4) ce dimanche lors de la 24e journ\u00e9e de Ligue 1. Zinedine Ferhat, titularis\u00e9 comme \u00e0 son habitude par son coach, a livr\u00e9 une grosse prestation avec \u00e0 la c l\u00e9 un but et [&hellip;]<\/p>\n","protected":false},"author":1738,"featured_media":0,"comment_status":"closed","ping_status":"closed","sticky":false,"template":"","format":"standard","meta":{"fifu_image_url":"\/\/cdn.lebuteur.com\/data\/images\/article\/thumbs\/large-ferhat-buteur-et-passeur-decisif-face-a-las-monaco-ae7ab.jpg","fifu_image_alt":"Pros : Ferhat buteur et passeur d\u00e9cisif face \u00e0 l\u2019AS Monaco","footnotes":""},"categories":[53,75],"tags":[],"class_list":["post-110764","post","type-post","status-publish","format-standard","hentry","category-algerie","category-sport"],"_links":{"self":[{"href":"https:\/\/linitiative.ca\/International\/wp-json\/wp\/v2\/posts\/110764","targetHints":{"allow":["GET"]}}],"collection":[{"href":"https:\/\/linitiative.ca\/International\/wp-json\/wp\/v2\/posts"}],"about":[{"href":"https:\/\/linitiative.ca\/International\/wp-json\/wp\/v2\/types\/post"}],"author":[{"embeddable":true,"href":"https:\/\/linitiative.ca\/International\/wp-json\/wp\/v2\/users\/1738"}],"replies":[{"embeddable":true,"href":"https:\/\/linitiative.ca\/International\/wp-json\/wp\/v2\/comments?post=110764"}],"version-history":[{"count":0,"href":"https:\/\/linitiative.ca\/International\/wp-json\/wp\/v2\/posts\/110764\/revisions"}],"wp:attachment":[{"href":"https:\/\/linitiative.ca\/International\/wp-json\/wp\/v2\/media?parent=110764"}],"wp:term":[{"taxonomy":"category","embeddable":true,"href":"https:\/\/linitiative.ca\/International\/wp-json\/wp\/v2\/categories?post=110764"},{"taxonomy":"post_tag","embeddable":true,"href":"https:\/\/linitiative.ca\/International\/wp-json\/wp\/v2\/tags?post=110764"}],"curies":[{"name":"wp","href":"https:\/\/api.w.org\/{rel}","templated":true}]}}