{"id":110766,"date":"2021-02-07T15:14:29","date_gmt":"2021-02-07T20:14:29","guid":{"rendered":"https:\/\/linitiative.ca\/International\/pros-bundesliga-hoffenheim-chute-face-a-francfort-belfodil-a-joue-lintegralite-de-la-rencontre\/"},"modified":"2021-02-07T15:14:29","modified_gmt":"2021-02-07T20:14:29","slug":"pros-bundesliga-hoffenheim-chute-face-a-francfort-belfodil-a-joue-lintegralite-de-la-rencontre","status":"publish","type":"post","link":"https:\/\/linitiative.ca\/International\/pros-bundesliga-hoffenheim-chute-face-a-francfort-belfodil-a-joue-lintegralite-de-la-rencontre\/","title":{"rendered":"Pros : Bundesliga : Hoffenheim chute face \u00e0 Francfort. Belfodil a jou\u00e9 l&rsquo;int\u00e9gralit\u00e9 de la rencontre"},"content":{"rendered":"<div readability=\"32\">\n<p>Auteur : <span class=\"time\">dimanche 07 f\u00e9vrier 2021 19:52<\/span><\/p>\n<\/div>\n<div id=\"post_core\" readability=\"43\">\n<p>Un duel plut\u00f4t int\u00e9ressant puisque les Adler d&rsquo;Adolf H\u00fctter ambitionnent une place europ\u00e9enne \u00e0 la fin de la saison. Tr\u00e8s vite, Filip Kostic ouvrait le score sur un bon service d&rsquo;Amin Youn\u00e9s (15e). L&rsquo;Eintracht \u00e9tait bien dans son match, mais au retour des vestiaires, Ihlas Bebou \u00e9galisait (47e) comme l&rsquo;indique Footmercato.<\/p>\n<p>Le club de Francfort ne doutait pas longtemps et Filip Kostic transmettait deux bons ballons pour Evan N&rsquo;Dicka (62e) et Andr\u00e9 Silva (64e) qui permettaient de prendre le large. Avec cette victoire 3-1, l&rsquo;Eintracht Francfort grimpe \u00e0 la quatri\u00e8me place et confirme sa bonne dynamique.<\/p>\n<p><strong>Publi\u00e9 dans :<\/strong> <span>belfodil<\/span><\/p>\n<\/div>\n<p>Auteur:<br \/>\n<a href=\"http:\/\/www.lebuteur.com\/article\/detail?titre=bundesliga-hoffenheim-chute-face-a-francfort-belfodil-a-joue-lintegralite-de-la-rencontre&#038;id=98998&#038;utm_source=feedburner&#038;utm_medium=feed&#038;utm_campaign=Feed%3A+GalerieFArtciles+%28Les+derniers+articles++-+lebuteur.com%29\">Cliquez ici pour lire l&rsquo;article depuis sa source.<\/a><\/p>\n","protected":false},"excerpt":{"rendered":"<p>Auteur : dimanche 07 f\u00e9vrier 2021 19:52 Un duel plut\u00f4t int\u00e9ressant puisque les Adler d&rsquo;Adolf H\u00fctter ambitionnent une place europ\u00e9enne \u00e0 la fin de la saison. Tr\u00e8s vite, Filip Kostic ouvrait le score sur un bon service d&rsquo;Amin Youn\u00e9s (15e). L&rsquo;Eintracht \u00e9tait bien dans son match, mais au retour des vestiaires, Ihlas Bebou \u00e9galisait (47e) [&hellip;]<\/p>\n","protected":false},"author":1738,"featured_media":0,"comment_status":"closed","ping_status":"closed","sticky":false,"template":"","format":"standard","meta":{"fifu_image_url":"\/\/cdn.lebuteur.com\/data\/images\/article\/thumbs\/large-bundesliga-hoffenheim-chute-face-a-francfort-belfodil-a-joue-lintegralite-de-la-rencontre-710bd.jpg","fifu_image_alt":"Pros : Bundesliga : Hoffenheim chute face \u00e0 Francfort. Belfodil a jou\u00e9 l'int\u00e9gralit\u00e9 de la rencontre","footnotes":""},"categories":[53,75],"tags":[],"class_list":["post-110766","post","type-post","status-publish","format-standard","hentry","category-algerie","category-sport"],"_links":{"self":[{"href":"https:\/\/linitiative.ca\/International\/wp-json\/wp\/v2\/posts\/110766","targetHints":{"allow":["GET"]}}],"collection":[{"href":"https:\/\/linitiative.ca\/International\/wp-json\/wp\/v2\/posts"}],"about":[{"href":"https:\/\/linitiative.ca\/International\/wp-json\/wp\/v2\/types\/post"}],"author":[{"embeddable":true,"href":"https:\/\/linitiative.ca\/International\/wp-json\/wp\/v2\/users\/1738"}],"replies":[{"embeddable":true,"href":"https:\/\/linitiative.ca\/International\/wp-json\/wp\/v2\/comments?post=110766"}],"version-history":[{"count":0,"href":"https:\/\/linitiative.ca\/International\/wp-json\/wp\/v2\/posts\/110766\/revisions"}],"wp:attachment":[{"href":"https:\/\/linitiative.ca\/International\/wp-json\/wp\/v2\/media?parent=110766"}],"wp:term":[{"taxonomy":"category","embeddable":true,"href":"https:\/\/linitiative.ca\/International\/wp-json\/wp\/v2\/categories?post=110766"},{"taxonomy":"post_tag","embeddable":true,"href":"https:\/\/linitiative.ca\/International\/wp-json\/wp\/v2\/tags?post=110766"}],"curies":[{"name":"wp","href":"https:\/\/api.w.org\/{rel}","templated":true}]}}