{"id":110768,"date":"2021-02-07T04:00:00","date_gmt":"2021-02-07T09:00:00","guid":{"rendered":"https:\/\/linitiative.ca\/International\/sortir-de-la-crise-une-urgence-le-coup-de-gueule-de-hichem-skik\/"},"modified":"2021-02-07T04:00:00","modified_gmt":"2021-02-07T09:00:00","slug":"sortir-de-la-crise-une-urgence-le-coup-de-gueule-de-hichem-skik","status":"publish","type":"post","link":"https:\/\/linitiative.ca\/International\/sortir-de-la-crise-une-urgence-le-coup-de-gueule-de-hichem-skik\/","title":{"rendered":"Sortir de la crise, une urgence ! Le coup  de gueule de Hichem Skik"},"content":{"rendered":"<p>Il faudra bien en sortir un jour, cette foutue crise, non ?!<\/p>\n<p>Une crise aig\u00fce, lourde de graves menaces:<\/p>\n<p><span class=\"c2\"><strong>\u2022<\/strong><\/span> politiques (instabilit\u00e9, ins\u00e9curit\u00e9&#8230; mises \u00e0 profit par le terrorisme, les trafiquants de tous genres)<\/p>\n<p><span class=\"c2\"><strong>\u2022<\/strong><\/span> \u00e9conomiques et financi\u00e8res (effondrement de la production d\u00e9j\u00e0 haletante, aggravation des d\u00e9ficits budg\u00e9taires, de l&rsquo;endettement&#8230; mettant en cause notre souverainet\u00e9 nationale&#8230;),<\/p>\n<p><span class=\"c2\"><strong>\u2022<\/strong><\/span> sociales (c&rsquo;est d\u00e9j\u00e0 le cas, les jeunes et les familles d\u00e9sh\u00e9rit\u00e9es sont sur le point d&rsquo;exploser)<\/p>\n<p><span class=\"c2\"><strong>\u2022<\/strong><\/span> et, surtout, sanitaires, (avec l&rsquo;\u00e9pid\u00e9mie qui ne cesse de s&rsquo;amplifier, des h\u00f4pitaux satur\u00e9s, les vies de nos proches et de nos amis, fauch\u00e9es par milliers, une vaccination qui s&rsquo;annonce pour le moins incertaine, tant sur le plan de l&rsquo;acquisition et des livraisons que sur celui de la logistique)<\/p>\n<p>&#8230;Et c&rsquo;est cette terrible conjoncture que nos responsables choisissent :<\/p>\n<p class=\"c3\"><span class=\"c2\"><strong>\u2022<\/strong><\/span> Pour op\u00e9rer un tr\u00e8s large remaniement minist\u00e9riel, touchant entre autres des minist\u00e8res en premi\u00e8re ligne pour faire face \u00e0 ces dangers;<\/p>\n<p class=\"c3\"><span class=\"c2\"><strong>\u2022<\/strong><\/span> Pour politiser ce remaniement, en \u00e9liminant des noms suppos\u00e9s appartenir au \u00ab\u00a0camp adverse\u00a0\u00bb et en incluant des personnes appartenant \u00e0 certains partis politiques ou proches d&rsquo;autres, changeant sans h\u00e9sitation la nature d&rsquo;un gouvernement qui avait\u00a0 pourtant obtenu la confiance\u00a0 de l\u2019Assembl\u00e9e en tant que \u00ab\u00a0gouvernement de comp\u00e9tences ind\u00e9pendantes\u00a0\u00bb;<\/p>\n<p class=\"c3\"><span class=\"c2\"><strong>\u2022\u00a0<\/strong><\/span>Pour ignorer les diverses mises en garde et les doutes sur certains noms propos\u00e9s (m\u00eame si certains de ces doutes sont impr\u00e9cis et fond\u00e9s sur de simples soup\u00e7ons ou rumeurs, ils m\u00e9ritaient d\u2019\u00eatre examin\u00e9s s\u00e9rieusement);<\/p>\n<p class=\"c3\"><span class=\"c2\"><strong>\u2022<\/strong><\/span> pour encourager \u00e0 op\u00e9rer un passage en force \u00e0 l&rsquo;ARP, afin de cr\u00e9er un fait accompli de nature \u00e0 \u00ab\u00a0coincer\u00a0\u00bb, voire \u00e0 d\u00e9fier l&rsquo;adversaire;<\/p>\n<p class=\"c3\"><span class=\"c2\"><strong>\u2022\u00a0<\/strong><\/span>Pour afficher un \u00ab\u00a0soutien massif\u00a0\u00bb aux ministres propos\u00e9s et offrir au gouvernement une \u00ab\u00a0ceinture\u00a0\u00bb plus confortable qu&rsquo;esp\u00e9r\u00e9, toujours pour damer le pion \u00e0 la partie adverse;<\/p>\n<p class=\"c3\"><span class=\"c2\"><strong>\u2022\u00a0<\/strong><\/span>Pour profiter de la r\u00e9union d&rsquo;une instance charg\u00e9e de tracer la politique de s\u00e9curit\u00e9 des Tunisiens, dont les participants ont \u00e9t\u00e9 choisis sur mesure, et comprenant des militaires, pour prof\u00e9rer des d\u00e9nonciations et des mises en cause de la moralit\u00e9 de certains noms propos\u00e9s, r\u00e9it\u00e9rant des attaques et des menaces, toujours par insinuation et sans aucune pr\u00e9cision, adress\u00e9es publiquement \u00e0 la partie adverse, bafouant sans h\u00e9siter toute obligation de r\u00e9serve, de sauvegarde de la neutralit\u00e9 de l&rsquo;arm\u00e9e;<\/p>\n<p class=\"c3\"><span class=\"c2\"><strong>\u2022\u00a0<\/strong><\/span>Pour utiliser les insuffisances et les ambigu\u00eft\u00e9s de la constitution pour refuser la prestation de serment de \u00ab\u00a0trois ou quatre ministres ( sans plus de pr\u00e9cision ), soup\u00e7onn\u00e9s de conflit d&rsquo;int\u00e9r\u00eat ou d&rsquo;implication dans des affaires de corruption, quitte \u00e0 cr\u00e9er un blocage institutionnel et politique, avec toutes les cons\u00e9quences que ce blocage peut avoir sur les fronts \u00e9conomique et sanitaire.<\/p>\n<p>Face \u00e0 cette situation d\u00e9plorable, o\u00f9 chacun campe sur ses positions, ne se souciant que de marquer des points contre l&rsquo;adversaire et consolider sa propre position au pouvoir, de nombreuses voix se sont \u00e9lev\u00e9es (dont, notamment, l&rsquo;UGTT et\u00a0 les 150 personnalit\u00e9s politiques et intellectuelles&#8230;) appelant \u00e0 un large dialogue national pour rechercher un consensus minimal sur une issue \u00e0 la crise.<\/p>\n<p>De multiples solutions pour sortir de l&rsquo;impasse sont propos\u00e9es: remplacement des ministres concern\u00e9s ( mais lesquels?); renoncement volontaire de ces ministres( toujours lesquels??); prendre acte de l&rsquo;impossibilit\u00e9 d&rsquo;organiser la c\u00e9r\u00e9monie de prestation de serment aupr\u00e8s du pr\u00e9sident de la r\u00e9publique et l&rsquo;organiser devant l&rsquo;ARP; se passer de toute prestation et permettre aux nouveaux ministres de prendre leurs fonctions; demander l&rsquo;avis du tribunal administratif, etc.<\/p>\n<p>M\u00eame si certaines de ces solutions sont plus ou moins innocentes et neutres par rapport aux parties en conflit et plus ou moins praticables dans l&rsquo;atmosph\u00e8re d\u00e9l\u00e9t\u00e8re qui r\u00e8gne actuellement, elles expriment, cependant, le d\u00e9sarroi des politiciens et de l&rsquo;opinion publique, et surtout, la n\u00e9cessit\u00e9, urgente et imp\u00e9rative, de ne pas laisser notre pays s&#8217;embourber plus dans ce mar\u00e9cage et lui \u00e9viter de tomber dans la paralysie totale et le chaos.<\/p>\n<p><span class=\"c5\"><span class=\"c4\"><strong>De nombreuses solutions existent donc! Laquelle choisir?<\/strong><\/span><\/span><\/p>\n<p>Par d\u00e9sespoir et non sans d\u00e9rision grin\u00e7ante, on est tent\u00e9 de dire (\u00e0 la mani\u00e8re de \u00ab\u00a0qu&rsquo;importe le flacon, pourvu qu&rsquo;on ait l&rsquo;ivresse\u00a0\u00bb!): \u00ab qu&rsquo;importent les habillages juridiques, politiques, diplomatiques, moraux, les ententes et compromis officiels ou conclus \u00ab\u00a0sous la table\u00a0\u00bb..\u00a0 ! La seule chose qui nous importe aujourd&rsquo;hui, la seule chose dont ont besoin la Tunisie et les Tunisiens, c&rsquo;est que cette situation malsaine, en tout point dangereuse, ne perdure pas plus longtemps.<\/p>\n<p>Notre pays, en particulier sa jeunesse et ses cat\u00e9gories fragiles- en ont assez de ces chamailleries pour le pouvoir entre des parties qui ont montr\u00e9 que l&rsquo;int\u00e9r\u00eat national n&rsquo;est pas leur principal souci.<\/p>\n<p>Ces parties- et plus pr\u00e9cis\u00e9ment le pr\u00e9sident de la r\u00e9publique, le chef du gouvernement, les d\u00e9put\u00e9s et leur pr\u00e9sident- n&rsquo;ont \u00e9t\u00e9 \u00e9lus ou d\u00e9sign\u00e9s que pour r\u00e9soudre les probl\u00e8mes du pays.\u00a0 Au lieu d&rsquo;en cr\u00e9er de nouveaux chaque jour, il leur incombe imp\u00e9rativement, l\u2019un ou l\u2019autre ou les uns AVEC les autres, de trouver une issue urgente \u00e0 la situation catastrophique actuelle. C&rsquo;est leur devoir imp\u00e9rieux et l&rsquo;occasion pour eux de montrer qu&rsquo;ils sont, devant l&rsquo;imminence du danger, capables de mettre l&rsquo;int\u00e9r\u00eat sup\u00e9rieur de leur pays et de leur peuple au-dessus de leurs propres calculs et int\u00e9r\u00eats!<\/p>\n<p>Le peuple, la soci\u00e9t\u00e9, la jeunesse vous observent et ne sont pas de simples spectateurs!<\/p>\n<p>Si vous n&rsquo;assumez pas ce devoir, ils vous tiendront tous pour responsables de la d\u00e9gradation de la situation. Vous serez jug\u00e9s, d&rsquo;abord lors des prochaines \u00e9lections et, surtout devant le tribunal implacable de l&rsquo;histoire; pour non assistance \u00e0 pays en danger et mise en danger de la vie d&rsquo;un peuple!<\/p>\n<p class=\"c7\"><strong>Hichem Skik<\/strong><br \/><span class=\"c6\"><em>Universitaire et militant politique<\/em><\/span><\/p>\n<p>Auteur:<br \/>\n<a href=\"https:\/\/www.leaders.com.tn\/article\/31391-sortir-de-la-crise-une-urgence-le-coup-de-gueule-de-hichem-skik\">Cliquez ici pour lire l&rsquo;article depuis sa source.<\/a><\/p>\n","protected":false},"excerpt":{"rendered":"<p>Il faudra bien en sortir un jour, cette foutue crise, non ?! Une crise aig\u00fce, lourde de graves menaces: \u2022 politiques (instabilit\u00e9, ins\u00e9curit\u00e9&#8230; mises \u00e0 profit par le terrorisme, les trafiquants de tous genres) \u2022 \u00e9conomiques et financi\u00e8res (effondrement de la production d\u00e9j\u00e0 haletante, aggravation des d\u00e9ficits budg\u00e9taires, de l&rsquo;endettement&#8230; mettant en cause notre souverainet\u00e9 [&hellip;]<\/p>\n","protected":false},"author":1772,"featured_media":0,"comment_status":"closed","ping_status":"closed","sticky":false,"template":"","format":"standard","meta":{"fifu_image_url":"","fifu_image_alt":"","footnotes":""},"categories":[73,55],"tags":[],"class_list":["post-110768","post","type-post","status-publish","format-standard","hentry","category-actualite","category-tunisie"],"_links":{"self":[{"href":"https:\/\/linitiative.ca\/International\/wp-json\/wp\/v2\/posts\/110768","targetHints":{"allow":["GET"]}}],"collection":[{"href":"https:\/\/linitiative.ca\/International\/wp-json\/wp\/v2\/posts"}],"about":[{"href":"https:\/\/linitiative.ca\/International\/wp-json\/wp\/v2\/types\/post"}],"author":[{"embeddable":true,"href":"https:\/\/linitiative.ca\/International\/wp-json\/wp\/v2\/users\/1772"}],"replies":[{"embeddable":true,"href":"https:\/\/linitiative.ca\/International\/wp-json\/wp\/v2\/comments?post=110768"}],"version-history":[{"count":0,"href":"https:\/\/linitiative.ca\/International\/wp-json\/wp\/v2\/posts\/110768\/revisions"}],"wp:attachment":[{"href":"https:\/\/linitiative.ca\/International\/wp-json\/wp\/v2\/media?parent=110768"}],"wp:term":[{"taxonomy":"category","embeddable":true,"href":"https:\/\/linitiative.ca\/International\/wp-json\/wp\/v2\/categories?post=110768"},{"taxonomy":"post_tag","embeddable":true,"href":"https:\/\/linitiative.ca\/International\/wp-json\/wp\/v2\/tags?post=110768"}],"curies":[{"name":"wp","href":"https:\/\/api.w.org\/{rel}","templated":true}]}}