{"id":110769,"date":"2021-02-07T04:00:00","date_gmt":"2021-02-07T09:00:00","guid":{"rendered":"https:\/\/linitiative.ca\/International\/la-region-mena-sous-la-loupe-de-gilles-kepel\/"},"modified":"2021-02-07T04:00:00","modified_gmt":"2021-02-07T09:00:00","slug":"la-region-mena-sous-la-loupe-de-gilles-kepel","status":"publish","type":"post","link":"https:\/\/linitiative.ca\/International\/la-region-mena-sous-la-loupe-de-gilles-kepel\/","title":{"rendered":"La r\u00e9gion MENA sous la loupe de Gilles Kepel"},"content":{"rendered":"<p class=\"c2\"><strong>Politologue, arabisant de renom, et auteur de nombreux ouvrages de r\u00e9f\u00e9rence sur le Moyen-Orient en particulier et la r\u00e9gion Mena en g\u00e9n\u00e9ral, Gilles Kepel vient de publier chez Gallimard un nouveau livre intitul\u00e9 :\u00a0\u00bbLe Proph\u00e8te et la pand\u00e9mie: Du Moyen-Orient au jihadisme d&rsquo;atmosph\u00e8re\u00a0\u00bb.<\/strong><\/p>\n<p class=\"c2\"><strong>L&rsquo;ann\u00e9e 2O22 sera-t-elle celle de tous les dangers dans cette r\u00e9gion que l&rsquo;auteur consid\u00e8re comme \u00ab\u00a0la plus explosive de la plan\u00e8te\u00a0\u00bb depuis le d\u00e9sengagement des Etats-Unis ?<\/strong><\/p>\n<p class=\"c2\"><strong>Fin connaisseur de cette cette partie du globe, il s&#8217;emploie tout au long du livre de d\u00e9m\u00ealer l&rsquo;\u00e9cheveau des conflits que conna\u00eet la r\u00e9gion : les tentatives de\u00a0 la Turquie de reprendre pied dans la r\u00e9gion via\u00a0 la Libye, la situation dans les pays voisins, les intentions de Poutine, Mohamed Ben Salm\u00e8ne, Sissi, Erdogan, Tamime Ben Hamed, l&rsquo;impact de la crise sanitaire et la Tunisie dans tout cela. \u00a0<\/strong><\/p>\n<p><span class=\"c4\"><span class=\"c3\"><strong>Bonnes Feuilles<\/strong><\/span><\/span><\/p>\n<p><span class=\"c6\"><span class=\"c5\"><strong>Tunisie<\/strong><\/span><\/span><\/p>\n<p>La Tunisie est lou\u00e9e \u00e0 l\u2019unisson pour constituer le seul \u00c9tat o\u00f9 le printemps arabe de 2011 a abouti \u00e0 l\u2019institution d\u2019une v\u00e9ritable d\u00e9mocratie \u2013 alors que les cinq autres pays concern\u00e9s ont bascul\u00e9 dans une guerre civile d\u00e9cennale (la Syrie, le Y\u00e9men et la Libye voisine) ou une restauration de l\u2019autoritarisme (l\u2019\u00c9gypte et Bahre\u00efn). Mais elle est confront\u00e9e en 2020 \u00e0 l\u2019\u00e9puisement d\u2019un mod\u00e8le o\u00f9 l\u2019ind\u00e9niable progr\u00e8s des libert\u00e9s publiques est remis en cause par une organisation socio-\u00e9conomique dysfonctionnelle marqu\u00e9e par un n\u00e9potisme et une corruption qui en constituent le socle profond, et dont la r\u00e9manence est facilit\u00e9e par ces libert\u00e9s m\u00eames.<\/p>\n<p>D\u00e8s les derni\u00e8res ann\u00e9es du mandat de l\u2019ancien pr\u00e9sident B\u00e9ji Ca\u00efd Essebsi (d\u00e9c\u00e9d\u00e9 le 25 juillet 2019), des voix nombreuses se faisaient entendre pour comparer les performances \u00e9conomiques du r\u00e9gime dictatorial (novembre 1987-14 janvier 2011) de Zine el-Abidine Ben Ali (mort en Arabie saoudite le 19 septembre 2019) aux \u00e9checs de l\u2019\u00c9tat d\u00e9mocratique successeur, d\u00e9plorant un laisser-aller qui enrichit sans limites les \u00e9lites du pouvoir et de l\u2019argent en appauvrissant continuellement les d\u00e9munis. Cela a engendr\u00e9 un nouveau \u00ab d\u00e9gagisme \u00bb \u2013 selon le slogan du printemps 2011 prononc\u00e9 digaj ! dans le dialecte local \u2013 dont la classe politique et les partis ont fait les frais, incluant m\u00eame, f\u00fbt-ce dans une moindre mesure que ses rivaux, le parti islamiste Ennahdha.<\/p>\n<p><span class=\"c6\"><span class=\"c5\"><strong>Ka\u00efs Sa\u00efed<\/strong><\/span><\/span><\/p>\n<p><img decoding=\"async\" src=\"\/uploads\/FCK_files\/ka\u00efs-said.jpg\" width=\"20%\" vspace=\"5\" hspace=\"5\" align=\"left\" alt=\"\"\/>M. Ka\u00efs Sa\u00efed, enseignant universitaire en droit constitutionnel, rendu c\u00e9l\u00e8bre par ses interventions t\u00e9l\u00e9vis\u00e9es o\u00f9 il exprimait dans un arabe classique parfaitement grammatical des positions souverainistes se rattachant au nationalisme arabe comme \u00e0 certaines th\u00e9matiques de la r\u00e9volution iranienne de 1979, et dont le train de vie modeste, le refus de faire campagne donnaient une image de droiture en rupture avec les magouilles de politiciens us\u00e9s et pr\u00e9varicateurs, fut pl\u00e9biscit\u00e9 \u2013 son score d\u00e9passant 90 % chez les jeunes \u00e9lecteurs. Il incarne d\u2019embl\u00e9e pour ceux-ci, notamment les plus modestes dont la plupart ne ma\u00eetrisent pas le fran\u00e7ais de l\u2019\u00e9lite dirigeante, et auxquels le dialecte quotidien fournit un acc\u00e8s qu\u2019ils croient plus ais\u00e9 \u00e0 l\u2019arabe, un mod\u00e8le d\u2019identification.<\/p>\n<p>Son objectif consiste en une r\u00e9forme constitutionnelle, qui accroisse les pouvoirs du pr\u00e9sident, face \u00e0 la paralysie du Parlement caus\u00e9 par le mode de scrutin proportionnel.<\/p>\n<p>Celui-ci avait \u00e9t\u00e9 choisi par les juristes de la Haute instance pour la sauvegarde des acquis de la R\u00e9volution, \u00e0 la suite du printemps 2011, \u00e0 la fois pour \u00e9viter un raz-de- mar\u00e9e \u00e9lectoral des islamistes d\u2019Ennahdha (\u00e0 l\u2019instar du parti issu des Fr\u00e8res musulmans en \u00c9gypte \u00e0 la m\u00eame p\u00e9riode qui rafla l\u2019immense majorit\u00e9 des si\u00e8ges) et pour rompre avec la dictature de Ben Ali dont la r\u00e9sidence \u00e9tait \u00e9tablie au palais pr\u00e9sidentiel de Carthage. En installant au Parlement le lieu de la d\u00e9cision politique, on mettrait celle-ci en ex\u00e9cution par un chef du gouvernement si\u00e9geant au palais de la Kasbah, au c\u0153ur de Tunis.<br \/>L\u2019aspiration du pr\u00e9sident Sa\u00efed \u00e0 un pouvoir ex\u00e9cutif plus fort est accrue par la d\u00e9mission du Premier ministre Elyes Fakhfakh le 15 juillet 2020, moins de six mois apr\u00e8s qu\u2019il eut \u00e9t\u00e9 nomm\u00e9, sous le coup d\u2019une enqu\u00eate pour conflits d\u2019int\u00e9r\u00eats \u2013 symbolisant \u00e0 point nomm\u00e9 les maux structurels du syst\u00e8me politique. Il est remplac\u00e9 le 2 septembre par l\u2019ancien ministre de l\u2019Int\u00e9rieur Hichem Mechichi, \u00e0 la t\u00eate d\u2019une \u00e9quipe technocratique compos\u00e9e de juges, universitaires, fonctionnaires et cadres du secteur priv\u00e9, a priori non corrompus, dont la premi\u00e8re mission est de reprendre les discussions avec le Fonds mon\u00e9taire international, interrompues faute de gouvernement, et sans le pr\u00eat duquel la Tunisie ne peut boucler son budget.<\/p>\n<p><span class=\"c4\"><span class=\"c3\"><strong>Brahim Issaoui, l\u2019auteur de l\u2019attentat de Nice<\/strong><\/span><\/span><\/p>\n<p>La basilique Notre-Dame se trouve \u00e0 quelques centaines de m\u00e8tres de la gare o\u00f9 des cam\u00e9ras de surveillance ont film\u00e9 Brahim Issaoui en train de substituer ses v\u00eatements pr\u00e9alablement \u00e0 son d\u00e9part vers le lieu des crimes, une pratique commune consistant \u00e0 se \u00abd\u00e9silhouetter\u00bb avant de commettre un m\u00e9fait, mais qui s\u2019effectue habituellement hors des regards. Il avait dormi la nuit pr\u00e9c\u00e9dente dans une cage d\u2019escalier sur un morceau de carton, emplacement qu\u2019il avait montr\u00e9 \u00e0 sa m\u00e8re, jointe au domicile familial dans la banlieue de Sfax sur la vid\u00e9o de son t\u00e9l\u00e9phone, lui disant avoir trouv\u00e9 un contact \u00e0 Nice. Peu apr\u00e8s, il p\u00e9n\u00e8tre dans le lieu de culte, \u00e9gorge une sexag\u00e9naire, puis frappe \u00e0 la gorge le sacristain et une jeune m\u00e8re de famille br\u00e9silienne \u2013 tous d\u00e9c\u00e9deront de leurs blessures.<\/p>\n<p>Intercept\u00e9 par la police municipale, il est bless\u00e9 par balles en psalmodiant dans un \u00e9tat second\u00a0 \u00abAllah Akbar\u00bb et emmen\u00e9 inconscient \u00e0 l\u2019h\u00f4pital. Le certificat fourni par la Croix-Rouge italienne trouv\u00e9 sur lui indique qu\u2019il a d\u00e9barqu\u00e9 \u00e0 Lampedusa le 20 septembre [photographie] \u2013 sur un rafiot de harraga tel que d\u00e9crit plus haut (p. 207). L\u2019embarcation en d\u00e9tresse est secourue par un navire italien, et apr\u00e8s sa quatorzaine \u00e0 bord \u00e0 cause de la Covid-19, il est transport\u00e9 par le bateau d\u2019une ONG sur le continent, dans le port de Bari, m\u00e9tropole des Pouilles, avec 800 autres clandestins, o\u00f9 il est plac\u00e9 le 9 octobre dans un centre d\u2019identification.<\/p>\n<p>Il lui est notifi\u00e9 une obligation de quitter le territoire italien, mais lib\u00e9r\u00e9 du centre par manque de place, sa trace est perdue. Il y a tout lieu de penser qu\u2019il a pris, comme le font la plupart des clandestins tunisiens, le train pour Vintimille et travers\u00e9 clandestinement la fronti\u00e8re fran\u00e7aise \u00e0 Menton [photographie], et de l\u00e0 proc\u00e9d\u00e9 jusqu\u2019\u00e0 Nice.<\/p>\n<p>Les \u00e9l\u00e9ments de sa biographie disponibles indiquent que ce jeune homme est issu d\u2019une famille pauvre de onze enfants, originaire d\u2019un village des environs de Kairouan, la m\u00e9tropole islamique de la Tunisie, si\u00e8ge de sa plus prestigieuse et ancienne mosqu\u00e9e. La famille \u00e9migre ensuite dans une banlieue d\u00e9sh\u00e9rit\u00e9e de Sfax, la capitale \u00e9conomique du littoral sud du pays, o\u00f9 un reportage est effectu\u00e9 par la webradio locale Diwan le lendemain du crime de Nice. Il t\u00e9moigne \u00e0 la fois du d\u00e9labrement du quartier, avec les jeunes en surv\u00eatement de contrefa\u00e7on sigl\u00e9 de marques de sport qui \u00abtiennent le mur\u00bb au milieu de constructions inachev\u00e9es, tandis que parents, fr\u00e8res, soeurs et amis du tueur s\u2019expriment dans un dialecte tr\u00e8s populaire avec un vocabulaire rudimentaire. Il en ressort que Brahim Issaoui travaillait dans le secteur informel, comme tout son entourage, pour gagner m\u00e9diocrement sa vie, r\u00e9parant occasionnellement des mobylettes, jusqu\u2019\u00e0 ce qu\u2019il am\u00e9liore un peu son revenu gr\u00e2ce \u00e0 la tromba (du fran\u00e7ais \u00abtrompe\u00bb [\u00e0 essence]) \u2013 terme qui d\u00e9signe la contrebande de carburant provenant de la Libye voisine et propos\u00e9 \u00e0 la vente au bord des routes dans tout le sud du pays dans un flaconnage de verre ou de mati\u00e8re plastique.<br \/>Libye<\/p>\n<p>La r\u00e9conciliation libyenne est mise en \u0153uvre au moment o\u00f9 les relations russo-turques se tendent \u00e0 l\u2019extr\u00eame dans le Caucase, alors que M. Erdogan qui appuie l\u2019offensive de l\u2019Azerba\u00efdjan contre l\u2019enclave du Haut-Karabakh et l\u2019Arm\u00e9nie, et y a exp\u00e9di\u00e9 \u00e9galement des suppl\u00e9tifs syriens islamistes en provenance du canton d\u2019Afrin, interf\u00e8re dans la suzerainet\u00e9 que conserve Moscou sur ces anciennes r\u00e9publiques sovi\u00e9tiques, \u00e0 l\u2019exasp\u00e9ration du ma\u00eetre du Kremlin.<\/p>\n<p>La stabilisation de la Libye et le d\u00e9part de l\u2019arm\u00e9e turque sont \u00e9galement un enjeu majeur pour l\u2019Union europ\u00e9enne, confront\u00e9e \u00e0 des flux migratoires r\u00e9currents en provenance des embarcad\u00e8res de Tripolitaine. La perspective qu\u2019Ankara en use sur place comme dans la mer \u00c9g\u00e9e ou en Thrace, en se servant de la pression humaine comme moyen de chantage politique, a \u00e9t\u00e9 envisag\u00e9e par les \u00c9tats les plus directement concern\u00e9s comme Malte et l\u2019Italie. On a d\u00e9j\u00e0 observ\u00e9 comment leurs ministres des Affaires \u00e9trang\u00e8res s\u2019\u00e9taient rapproch\u00e9s de leur homologue turc \u00e0 cette fin, envisageant des concessions en retour \u2013 une d\u00e9marche que la r\u00e9union du Med 7 \u00e0 Ajaccio le 10 septembre a bri\u00e8vement rendue caduque en appelant \u00e0 une strat\u00e9gie europ\u00e9enne coordonn\u00e9e, mais que le sommet de Bruxelles des 27 \u00c9tats membres de l\u2019UE transforme de nouveau en attentisme le 1er octobre. L\u2019Italie et l\u2019Allemagne, explique \u00e0 la presse le pr\u00e9sident du Conseil Giuseppe Conte au lendemain de celui-ci, \u00abcherchent \u00e0 imposer une approche de dialogue constructif [\u2026] seule \u00e0 pouvoir conduire \u00e0 une d\u00e9sescalade.<\/p>\n<p><span class=\"c6\"><strong>Le proph\u00e8te et la pand\u00e9mie. Du Moyen-Orient au jihadisme d\u2019atmosph\u00e8re<\/strong><\/span><br \/><em><strong>de Gilles Kepel<br \/>Cartes in\u00e9dites de Fabrice Balanche<br \/>Gallimard, 336 pages + 16 p. hors texte, f\u00e9vrier 2021, 20 \u20ac<\/strong><\/em><\/p>\n<p><strong>Lire aussi<\/strong><\/p>\n<p><a href=\"https:\/\/www.leaders.com.tn\/article\/31383-gilles-kepel-a-leaders-la-tunisie-a-su-eviter-les-ingerences-des-voisins-proches-ou-lointains-mais\" target=\"_blank\" rel=\"noopener\">Gilles Kepel \u00e0 <span class=\"c4\"><strong>Leaders<\/strong><\/span> : La Tunisie a su \u00e9viter les ing\u00e9rences des voisins, proches ou lointains, mais&#8230;<\/a><\/p>\n<p><a href=\"https:\/\/www.leaders.com.tn\/article\/31381-l-afrique-du-nord-et-le-moyen-orient-apres-2020-sous-l-analyse-de-gilles-kepel\" target=\"_blank\" rel=\"noopener\">L\u2019Afrique du Nord et le Moyen-Orient apr\u00e8s 2020 Sous l\u2019analyse de Gilles Kepel (Cartes et Photo)<\/a><\/p>\n<p>Auteur:<br \/>\n<a href=\"https:\/\/www.leaders.com.tn\/article\/31390-la-region-mena-sous-la-loupe-de-gilles-kepel\">Cliquez ici pour lire l&rsquo;article depuis sa source.<\/a><\/p>\n","protected":false},"excerpt":{"rendered":"<p>Politologue, arabisant de renom, et auteur de nombreux ouvrages de r\u00e9f\u00e9rence sur le Moyen-Orient en particulier et la r\u00e9gion Mena en g\u00e9n\u00e9ral, Gilles Kepel vient de publier chez Gallimard un nouveau livre intitul\u00e9 :\u00a0\u00bbLe Proph\u00e8te et la pand\u00e9mie: Du Moyen-Orient au jihadisme d&rsquo;atmosph\u00e8re\u00a0\u00bb. L&rsquo;ann\u00e9e 2O22 sera-t-elle celle de tous les dangers dans cette r\u00e9gion que [&hellip;]<\/p>\n","protected":false},"author":1772,"featured_media":0,"comment_status":"closed","ping_status":"closed","sticky":false,"template":"","format":"standard","meta":{"fifu_image_url":"\/uploads\/FCK_files\/ka\u00efs-said.jpg","fifu_image_alt":"La r\u00e9gion MENA sous la loupe de Gilles Kepel","footnotes":""},"categories":[73,55],"tags":[],"class_list":["post-110769","post","type-post","status-publish","format-standard","hentry","category-actualite","category-tunisie"],"_links":{"self":[{"href":"https:\/\/linitiative.ca\/International\/wp-json\/wp\/v2\/posts\/110769","targetHints":{"allow":["GET"]}}],"collection":[{"href":"https:\/\/linitiative.ca\/International\/wp-json\/wp\/v2\/posts"}],"about":[{"href":"https:\/\/linitiative.ca\/International\/wp-json\/wp\/v2\/types\/post"}],"author":[{"embeddable":true,"href":"https:\/\/linitiative.ca\/International\/wp-json\/wp\/v2\/users\/1772"}],"replies":[{"embeddable":true,"href":"https:\/\/linitiative.ca\/International\/wp-json\/wp\/v2\/comments?post=110769"}],"version-history":[{"count":0,"href":"https:\/\/linitiative.ca\/International\/wp-json\/wp\/v2\/posts\/110769\/revisions"}],"wp:attachment":[{"href":"https:\/\/linitiative.ca\/International\/wp-json\/wp\/v2\/media?parent=110769"}],"wp:term":[{"taxonomy":"category","embeddable":true,"href":"https:\/\/linitiative.ca\/International\/wp-json\/wp\/v2\/categories?post=110769"},{"taxonomy":"post_tag","embeddable":true,"href":"https:\/\/linitiative.ca\/International\/wp-json\/wp\/v2\/tags?post=110769"}],"curies":[{"name":"wp","href":"https:\/\/api.w.org\/{rel}","templated":true}]}}