{"id":110775,"date":"2021-02-07T04:57:01","date_gmt":"2021-02-07T09:57:01","guid":{"rendered":"https:\/\/linitiative.ca\/International\/les-industriels-marocains-optimistes-a-court-terme\/"},"modified":"2021-02-07T04:57:01","modified_gmt":"2021-02-07T09:57:01","slug":"les-industriels-marocains-optimistes-a-court-terme","status":"publish","type":"post","link":"https:\/\/linitiative.ca\/International\/les-industriels-marocains-optimistes-a-court-terme\/","title":{"rendered":"Les industriels marocains optimistes \u00e0 court terme"},"content":{"rendered":"<p><strong>Pour les trois prochains mois, les industriels s\u2019attendent \u00e0 une hausse de la production et des ventes. Au cours du mois de d\u00e9cembre 2020, les ventes ont enregistr\u00e9 une augmentation aussi bien sur le march\u00e9 local qu\u2019\u00e9tranger, estime Bank Al-Maghrib.<\/strong><\/p>\n<div class=\"c10\"\/>\n<p>Les chefs d\u2019entreprises op\u00e9rant dans le secteur industriel anticipent globalement une hausse de la production et des ventes pour les trois prochains mois. C\u2019est ce qui ressort des r\u00e9sultats de l\u2019enqu\u00eate mensuelle de conjoncture dans l\u2019industrie au titre du mois de d\u00e9cembre 2020 de Bank Al-Maghrib (BAM).\u00a0 \u00ab\u00a0Pour les trois prochains mois, les entreprises s\u2019attendent globalement \u00e0 une hausse de la production et des ventes. Toutefois, 20% d\u2019entre elles d\u00e9clarent ne pas avoir de visibilit\u00e9 quant \u00e0 l\u2019\u00e9volution future de la production et 34% pour ce qui est des ventes\u00a0\u00bb, indique BAM.<\/p>\n<p>L\u2019enqu\u00eate dont les donn\u00e9es ont \u00e9t\u00e9 collect\u00e9es entre le 1et et le 29 janvier 2021, avec un taux de r\u00e9ponse de 65%, r\u00e9v\u00e8le que la production a stagn\u00e9 en d\u00e9cembre 2020 et que le taux d\u2019utilisation des capacit\u00e9s (TUC) s\u2019est stabilis\u00e9 \u00e0 70%. Pour les ventes, elles ont enregistr\u00e9 une augmentation aussi bien sur le march\u00e9 local qu\u2019\u00e9tranger. De m\u00eame, les commandes ont progress\u00e9, avec un carnet qui s\u2019est situ\u00e9 \u00e0 un niveau inf\u00e9rieur \u00e0 la normale.\u00a0<\/p>\n<p><strong>Lire aussi|<a href=\"https:\/\/www.challenge.ma\/oms-plus-de-vaccinations-anti-covid19-que-de-cas-detectes-dans-le-monde-174405\/\">OMS : plus de vaccinations anti-covid19 que de cas d\u00e9tect\u00e9s dans le monde<\/a><\/strong><\/p>\n<p>Par branche d\u2019activit\u00e9, la production est rest\u00e9e quasiment stable d\u2019un mois \u00e0 l\u2019autre dans l\u2019\u00ab agroalimentaire\u00a0\u00bb. En revanche, elle a enregistr\u00e9 une hausse dans le \u00ab\u00a0textile et cuir\u00a0\u00bb, dans la \u00ab\u00a0chimie et parachimie\u00a0\u00bb et dans l\u2019\u00ab\u00a0\u00e9lectrique et \u00e9lectronique\u00a0\u00bb et a accus\u00e9 une baisse dans la \u00ab\u00a0m\u00e9canique et m\u00e9tallurgie\u00a0\u00bb.\u00a0<\/p>\n<p>Pour leur part, les ventes ont augment\u00e9 dans toutes les branches \u00e0 l\u2019exception de l\u2019\u00ab\u00a0agro-alimentaire\u00a0\u00bb o\u00f9 elles auraient plut\u00f4t stagn\u00e9.<\/p>\n<p>Quant aux commandes, elles ont connu une hausse dans l\u2019\u00a0\u00ab\u00a0agroalimentaire\u00a0\u00bb et le \u00ab\u00a0textile et cuir\u00a0\u00bb, une stagnation dans la \u00ab\u00a0chimie et parachimie\u00a0\u00bb et une baisse dans la \u00ab\u00a0m\u00e9canique et m\u00e9tallurgie\u00a0\u00bb.<\/p>\n<p><strong>Lire aussi|<a href=\"https:\/\/www.challenge.ma\/de-la-guerre-du-feu-a-la-guerre-des-vaccins-174396\/\">De la \u00ab guerre du feu \u00bb \u00e0 la \u00ab guerre des vaccins \u00bb<\/a><\/strong><\/p>\n<p>Auteur: challenge<br \/>\n<a href=\"https:\/\/www.challenge.ma\/les-industriels-marocains-optimistes-a-court-terme-174437\/\">Cliquez ici pour lire l&rsquo;article depuis sa source.<\/a><\/p>\n","protected":false},"excerpt":{"rendered":"<p>Pour les trois prochains mois, les industriels s\u2019attendent \u00e0 une hausse de la production et des ventes. Au cours du mois de d\u00e9cembre 2020, les ventes ont enregistr\u00e9 une augmentation aussi bien sur le march\u00e9 local qu\u2019\u00e9tranger, estime Bank Al-Maghrib. Les chefs d\u2019entreprises op\u00e9rant dans le secteur industriel anticipent globalement une hausse de la production [&hellip;]<\/p>\n","protected":false},"author":1787,"featured_media":0,"comment_status":"closed","ping_status":"closed","sticky":false,"template":"","format":"standard","meta":{"fifu_image_url":"","fifu_image_alt":"","footnotes":""},"categories":[78,54],"tags":[],"class_list":["post-110775","post","type-post","status-publish","format-standard","hentry","category-economie","category-maroc"],"_links":{"self":[{"href":"https:\/\/linitiative.ca\/International\/wp-json\/wp\/v2\/posts\/110775","targetHints":{"allow":["GET"]}}],"collection":[{"href":"https:\/\/linitiative.ca\/International\/wp-json\/wp\/v2\/posts"}],"about":[{"href":"https:\/\/linitiative.ca\/International\/wp-json\/wp\/v2\/types\/post"}],"author":[{"embeddable":true,"href":"https:\/\/linitiative.ca\/International\/wp-json\/wp\/v2\/users\/1787"}],"replies":[{"embeddable":true,"href":"https:\/\/linitiative.ca\/International\/wp-json\/wp\/v2\/comments?post=110775"}],"version-history":[{"count":0,"href":"https:\/\/linitiative.ca\/International\/wp-json\/wp\/v2\/posts\/110775\/revisions"}],"wp:attachment":[{"href":"https:\/\/linitiative.ca\/International\/wp-json\/wp\/v2\/media?parent=110775"}],"wp:term":[{"taxonomy":"category","embeddable":true,"href":"https:\/\/linitiative.ca\/International\/wp-json\/wp\/v2\/categories?post=110775"},{"taxonomy":"post_tag","embeddable":true,"href":"https:\/\/linitiative.ca\/International\/wp-json\/wp\/v2\/tags?post=110775"}],"curies":[{"name":"wp","href":"https:\/\/api.w.org\/{rel}","templated":true}]}}