{"id":110779,"date":"2021-02-07T14:04:08","date_gmt":"2021-02-07T19:04:08","guid":{"rendered":"https:\/\/linitiative.ca\/International\/tunisie-entretien-telephonique-entre-le-chef-du-gouvernement-et-son-nouvel-homologue-libyen\/"},"modified":"2021-02-07T14:04:08","modified_gmt":"2021-02-07T19:04:08","slug":"tunisie-entretien-telephonique-entre-le-chef-du-gouvernement-et-son-nouvel-homologue-libyen","status":"publish","type":"post","link":"https:\/\/linitiative.ca\/International\/tunisie-entretien-telephonique-entre-le-chef-du-gouvernement-et-son-nouvel-homologue-libyen\/","title":{"rendered":"Tunisie : Entretien t\u00e9l\u00e9phonique entre le Chef du gouvernement et son nouvel homologue libyen"},"content":{"rendered":"<div class=\"post-cont-in left relative\">\n<div id=\"post-info-wrap\" class=\"left relative post-info-out\">\n<div class=\"post-info-img left relative\"><img loading=\"lazy\" decoding=\"async\" alt=\"\" src=\"https:\/\/secure.gravatar.com\/avatar\/ea481d7287ad38ca1787f44b5bb1b70e?s=50&amp;d=mm&amp;r=g\" srcset=\"https:\/\/secure.gravatar.com\/avatar\/ea481d7287ad38ca1787f44b5bb1b70e?s=100&amp;d=mm&amp;r=g 2x\" class=\"avatar avatar-50 photo\" height=\"50\" width=\"50\"\/><\/div>\n<div class=\"post-info-in\">\n<div class=\"post-info-right left relative post-info-name left relative\"><span><span class=\"post-info-text\">Par<\/span> <span class=\"author-name vcard fn author\"><a href=\"https:\/\/www.tunisienumerique.com\/author\/rania-ben-slimane\/\" title=\"Articles par rania ben slimane\" rel=\"author\">rania ben slimane<\/a><\/span><\/span> <span class=\"post-date updated\"><time class=\"post-date updated\" datetime=\"2021-02-07\">\u00a0| Il y a 3 heures<\/time><\/span><\/div>\n<div class=\"left relative\"><button id=\"listenButton1\" class=\"responsivevoice-button\" type=\"button\" value=\"Play\" title=\"&#xC9;coutez l'article\"><span>\ud83d\udd0a \u00c9coutez l&rsquo;article<\/span><\/button> <\/div>\n<\/div>\n<\/div>\n<p>Un entretien t\u00e9l\u00e9phonique a eu lieu, ce dimanche 7 f\u00e9vrier 2021, entre le Chef du gouvernement, Hichem Mechichi et le nouveau Chef du gouvernement libyen, Abdel-Hamid Dabaiba.<\/p>\n<div class=\"code-block code-block-1 c4\"><ins class=\"adsbygoogle c3\" data-ad-layout=\"in-article\" data-ad-format=\"fluid\" data-ad-client=\"ca-pub-2102118777505746\" data-ad-slot=\"7301775417\"\/> <\/div>\n<p>Mechichi a f\u00e9licit\u00e9, lors de cet entretien, son homologue libyen \u00e9lu \u00e0 la t\u00eate du gouvernement libyen, suite \u00e0 l\u2019annonce des r\u00e9sultats du vote au Forum du dialogue libyen, tenu \u00e0 Gen\u00e8ve r\u00e9cemment et lui a souhait\u00e9 plein succ\u00e8s dans ses fonctions.<\/p>\n<p>Par la m\u00eame occasion, Hichem Mechichi a salu\u00e9 les relations \u00e9troites entre la Tunisie et la Libye, exprimant son espoir de d\u00e9velopper ces relations au niveau d\u2019un partenariat strat\u00e9gique pour le bien et dans l\u2019int\u00e9r\u00eat des deux peuples fr\u00e8res.<\/p>\n<p>Des relations qui incarnent les liens de fraternit\u00e9 sinc\u00e8re et commune croyance en l\u2019unit\u00e9 du destin et aux valeurs de solidarit\u00e9, de coop\u00e9ration et de compl\u00e9mentarit\u00e9.<\/p>\n<p>De son c\u00f4t\u00e9, le Chef du gouvernement libyen a affirm\u00e9 la volont\u00e9 de son pays d\u2019intensifier les relations de coop\u00e9ration et d\u2019\u00e9changes commerciaux avec la Tunisie, notant le soutien du peuple et du gouvernement tunisien au peuple libyen et soulignant, dans le m\u00eame contexte, que les tunisiens ont un statut particulier aupr\u00e8s de leur voisins libyens.<\/p>\n<p>Il convient de noter que Hichem Mechichi s\u2019est entretenu hier, samedi 6 f\u00e9vrier 2021, par t\u00e9l\u00e9phone avec le nouveau Pr\u00e9sident du Conseil de la pr\u00e9sidence, Muhammad Al-Manfi et l\u2019a f\u00e9licit\u00e9 pour sa nomination \u00e0 ce poste.<\/p>\n<div class=\"swp_social_panel swp_horizontal_panel swp_flat_fresh swp_default_full_color swp_individual_full_color swp_other_full_color scale-100 scale-\" data-min-width=\"1100\" data-float-color=\"#ffffff\" data-float=\"bottom\" data-float-mobile=\"bottom\" data-transition=\"slide\">\n<div class=\"nc_tweetContainer swp_share_button total_shares total_sharesalt\"><span class=\"swp_count\">20 <span class=\"swp_label\">Partages<\/span><\/span><\/div>\n<\/div>\n<p><strong>Que se passe-t-il en Tunisie?<\/strong><br \/>Nous expliquons sur notre <a href=\"https:\/\/www.youtube.com\/channel\/UCRzypVq0B_yBad5eGrwBx0Q?sub_confirmation=1\" target=\"_blank\" rel=\"noopener\">cha\u00eene YouTube<\/a> . <a href=\"https:\/\/www.youtube.com\/channel\/UCRzypVq0B_yBad5eGrwBx0Q?sub_confirmation=1\" target=\"_blank\" rel=\"noopener\">Abonnez-vous!<\/a><\/p>\n<div class=\"mvp-org-wrap mvp-org-logo\" itemprop=\"publisher\"><img decoding=\"async\" src=\"https:\/\/www.tunisienumerique.com\/wp-content\/uploads\/2017\/02\/logo_tunisie_numerique.png\"\/><\/div>\n<div class=\"mvp-related-posts left relative\">\n<h4 class=\"post-header\"><span class=\"post-header\">Lire aussi<\/span><\/h4>\n<\/div>\n<div id=\"article-ad\"><ins class=\"adsbygoogle c5\" data-ad-client=\"ca-pub-2102118777505746\" data-ad-slot=\"6513972734\" data-ad-format=\"auto\" data-full-width-responsive=\"true\"\/> <\/div>\n<\/div>\n<div id=\"post-sidebar-wrap\"><ins class=\"adsbygoogle c5\" data-ad-client=\"ca-pub-2102118777505746\" data-ad-slot=\"6168283410\" data-ad-format=\"auto\" data-full-width-responsive=\"true\"\/> <\/div>\n<p>Auteur: rania ben slimane<br \/>\n<a href=\"https:\/\/www.tunisienumerique.com\/tunisie-entretien-telephonique-entre-le-chef-du-gouvernement-et-son-nouvel-homologue-libyen\/\">Cliquez ici pour lire l&rsquo;article depuis sa source.<\/a><\/p>\n","protected":false},"excerpt":{"rendered":"<p>Par rania ben slimane \u00a0| Il y a 3 heures \ud83d\udd0a \u00c9coutez l&rsquo;article Un entretien t\u00e9l\u00e9phonique a eu lieu, ce dimanche 7 f\u00e9vrier 2021, entre le Chef du gouvernement, Hichem Mechichi et le nouveau Chef du gouvernement libyen, Abdel-Hamid Dabaiba. Mechichi a f\u00e9licit\u00e9, lors de cet entretien, son homologue libyen \u00e9lu \u00e0 la t\u00eate du [&hellip;]<\/p>\n","protected":false},"author":1789,"featured_media":0,"comment_status":"closed","ping_status":"closed","sticky":false,"template":"","format":"standard","meta":{"fifu_image_url":"https:\/\/secure.gravatar.com\/avatar\/ea481d7287ad38ca1787f44b5bb1b70e?s=50&d=mm&r=g","fifu_image_alt":"Tunisie : Entretien t\u00e9l\u00e9phonique entre le Chef du gouvernement et son nouvel homologue libyen","footnotes":""},"categories":[73,55],"tags":[],"class_list":["post-110779","post","type-post","status-publish","format-standard","hentry","category-actualite","category-tunisie"],"_links":{"self":[{"href":"https:\/\/linitiative.ca\/International\/wp-json\/wp\/v2\/posts\/110779","targetHints":{"allow":["GET"]}}],"collection":[{"href":"https:\/\/linitiative.ca\/International\/wp-json\/wp\/v2\/posts"}],"about":[{"href":"https:\/\/linitiative.ca\/International\/wp-json\/wp\/v2\/types\/post"}],"author":[{"embeddable":true,"href":"https:\/\/linitiative.ca\/International\/wp-json\/wp\/v2\/users\/1789"}],"replies":[{"embeddable":true,"href":"https:\/\/linitiative.ca\/International\/wp-json\/wp\/v2\/comments?post=110779"}],"version-history":[{"count":0,"href":"https:\/\/linitiative.ca\/International\/wp-json\/wp\/v2\/posts\/110779\/revisions"}],"wp:attachment":[{"href":"https:\/\/linitiative.ca\/International\/wp-json\/wp\/v2\/media?parent=110779"}],"wp:term":[{"taxonomy":"category","embeddable":true,"href":"https:\/\/linitiative.ca\/International\/wp-json\/wp\/v2\/categories?post=110779"},{"taxonomy":"post_tag","embeddable":true,"href":"https:\/\/linitiative.ca\/International\/wp-json\/wp\/v2\/tags?post=110779"}],"curies":[{"name":"wp","href":"https:\/\/api.w.org\/{rel}","templated":true}]}}