{"id":110782,"date":"2021-02-07T16:00:55","date_gmt":"2021-02-07T21:00:55","guid":{"rendered":"https:\/\/linitiative.ca\/International\/tunisie-trop-cest-trop-mechichi-se-donne-encore-deux-jours-avant-de-passer-a-lacte\/"},"modified":"2021-02-07T16:00:55","modified_gmt":"2021-02-07T21:00:55","slug":"tunisie-trop-cest-trop-mechichi-se-donne-encore-deux-jours-avant-de-passer-a-lacte","status":"publish","type":"post","link":"https:\/\/linitiative.ca\/International\/tunisie-trop-cest-trop-mechichi-se-donne-encore-deux-jours-avant-de-passer-a-lacte\/","title":{"rendered":"Tunisie \u2013 Trop c\u2019est trop! Mechichi se donne encore deux jours avant de passer \u00e0 l\u2019acte\u00a0!"},"content":{"rendered":"<div class=\"post-cont-in left relative\">\n<div id=\"post-info-wrap\" class=\"left relative post-info-out\">\n<div class=\"post-info-img left relative\"><img loading=\"lazy\" decoding=\"async\" alt=\"\" src=\"https:\/\/secure.gravatar.com\/avatar\/96253f4a657b482a18e837c1252096c2?s=50&amp;d=mm&amp;r=g\" srcset=\"https:\/\/secure.gravatar.com\/avatar\/96253f4a657b482a18e837c1252096c2?s=100&amp;d=mm&amp;r=g 2x\" class=\"avatar avatar-50 photo\" height=\"50\" width=\"50\"\/><\/div>\n<div class=\"post-info-in\">\n<div class=\"post-info-right left relative post-info-name left relative\"><span><span class=\"post-info-text\">Par<\/span> <span class=\"author-name vcard fn author\"><a href=\"https:\/\/www.tunisienumerique.com\/author\/saber\/\" title=\"Articles par Saber .\" rel=\"author\">Saber .<\/a><\/span><\/span> <span class=\"post-date updated\"><time class=\"post-date updated\" datetime=\"2021-02-07\">\u00a0| Il y a 29 minutes<\/time><\/span><\/div>\n<div class=\"left relative\"><button id=\"listenButton1\" class=\"responsivevoice-button\" type=\"button\" value=\"Play\" title=\"&#xC9;coutez l'article\"><span>\ud83d\udd0a \u00c9coutez l&rsquo;article<\/span><\/button> <\/div>\n<\/div>\n<\/div>\n<p>Le chef du gouvernement, Hichem Mechichi, conscient, contrairement aux autres, de la gravit\u00e9 de la situation de blocage dans laquelle se trouve le pays, du fait de la vacance \u00e0 la t\u00eate de pas moins de onze minist\u00e8res et pas des moindres, commence \u00e0 s\u2019impatienter.<\/p>\n<div class=\"code-block code-block-1 c4\"><ins class=\"adsbygoogle c3\" data-ad-layout=\"in-article\" data-ad-format=\"fluid\" data-ad-client=\"ca-pub-2102118777505746\" data-ad-slot=\"7301775417\"\/> <\/div>\n<p>Il est vrai que ses supports politiques lui ont souffl\u00e9 qu\u2019il devrait attendre encore et essayer d\u2019\u00e9viter, autant que possible, l\u2019affrontement avec Carthage\u2026 Mais, l\u00e0, la crise commence \u00e0 peser sur le pays et les affaires dans plusieurs d\u00e9partements sont \u00e0 l\u2019arr\u00eat. Curieusement, cela ne semble nullement d\u00e9ranger le chef de l\u2019Etat qui semble parti pour plus de blocage.<\/p>\n<p>Du coup, selon des sources proches, Mechichi aurait d\u00e9cid\u00e9 qu\u2019il est plus que temps pour y aller. Il va, tout de m\u00eame, conc\u00e9der deux ou trois autres jours pour attendre une improbable r\u00e9action du chef de l\u2019Etat, puis il va op\u00e9rer son passage en force, en se basant sur le sc\u00e9nario de l\u2019impossibilit\u00e9 de fonctionner.<\/p>\n<p>Il faudrait donc, \u00e0 en croire ces m\u00eames sources, s\u2019attendre \u00e0 ce que le remaniement soit mis en application, au plus tard ce jeudi !<\/p>\n<div class=\"swp_social_panel swp_horizontal_panel swp_flat_fresh swp_default_full_color swp_individual_full_color swp_other_full_color scale-100 scale-\" data-min-width=\"1100\" data-float-color=\"#ffffff\" data-float=\"bottom\" data-float-mobile=\"bottom\" data-transition=\"slide\">\n<div class=\"nc_tweetContainer swp_share_button total_shares total_sharesalt\"><span class=\"swp_count\">21 <span class=\"swp_label\">Partages<\/span><\/span><\/div>\n<\/div>\n<p><strong>Que se passe-t-il en Tunisie?<\/strong><br \/>Nous expliquons sur notre <a href=\"https:\/\/www.youtube.com\/channel\/UCRzypVq0B_yBad5eGrwBx0Q?sub_confirmation=1\" target=\"_blank\" rel=\"noopener\">cha\u00eene YouTube<\/a> . <a href=\"https:\/\/www.youtube.com\/channel\/UCRzypVq0B_yBad5eGrwBx0Q?sub_confirmation=1\" target=\"_blank\" rel=\"noopener\">Abonnez-vous!<\/a><\/p>\n<div class=\"mvp-org-wrap mvp-org-logo\" itemprop=\"publisher\"><img decoding=\"async\" src=\"https:\/\/www.tunisienumerique.com\/wp-content\/uploads\/2017\/02\/logo_tunisie_numerique.png\"\/><\/div>\n<div class=\"mvp-related-posts left relative\">\n<h4 class=\"post-header\"><span class=\"post-header\">Lire aussi<\/span><\/h4>\n<\/div>\n<div id=\"article-ad\"><ins class=\"adsbygoogle c5\" data-ad-client=\"ca-pub-2102118777505746\" data-ad-slot=\"6513972734\" data-ad-format=\"auto\" data-full-width-responsive=\"true\"\/> <\/div>\n<\/div>\n<div id=\"post-sidebar-wrap\"><ins class=\"adsbygoogle c5\" data-ad-client=\"ca-pub-2102118777505746\" data-ad-slot=\"6168283410\" data-ad-format=\"auto\" data-full-width-responsive=\"true\"\/> <\/div>\n<p>Auteur: Saber .<br \/>\n<a href=\"https:\/\/www.tunisienumerique.com\/tunisie-trop-cest-trop-mechichi-se-donne-encore-deux-jours-avant-de-passer-a-lacte\/\">Cliquez ici pour lire l&rsquo;article depuis sa source.<\/a><\/p>\n","protected":false},"excerpt":{"rendered":"<p>Par Saber . \u00a0| Il y a 29 minutes \ud83d\udd0a \u00c9coutez l&rsquo;article Le chef du gouvernement, Hichem Mechichi, conscient, contrairement aux autres, de la gravit\u00e9 de la situation de blocage dans laquelle se trouve le pays, du fait de la vacance \u00e0 la t\u00eate de pas moins de onze minist\u00e8res et pas des moindres, commence [&hellip;]<\/p>\n","protected":false},"author":1789,"featured_media":0,"comment_status":"closed","ping_status":"closed","sticky":false,"template":"","format":"standard","meta":{"fifu_image_url":"https:\/\/secure.gravatar.com\/avatar\/96253f4a657b482a18e837c1252096c2?s=50&d=mm&r=g","fifu_image_alt":"Tunisie \u2013 Trop c\u2019est trop! Mechichi se donne encore deux jours avant de passer \u00e0 l\u2019acte\u00a0!","footnotes":""},"categories":[73,55],"tags":[],"class_list":["post-110782","post","type-post","status-publish","format-standard","hentry","category-actualite","category-tunisie"],"_links":{"self":[{"href":"https:\/\/linitiative.ca\/International\/wp-json\/wp\/v2\/posts\/110782","targetHints":{"allow":["GET"]}}],"collection":[{"href":"https:\/\/linitiative.ca\/International\/wp-json\/wp\/v2\/posts"}],"about":[{"href":"https:\/\/linitiative.ca\/International\/wp-json\/wp\/v2\/types\/post"}],"author":[{"embeddable":true,"href":"https:\/\/linitiative.ca\/International\/wp-json\/wp\/v2\/users\/1789"}],"replies":[{"embeddable":true,"href":"https:\/\/linitiative.ca\/International\/wp-json\/wp\/v2\/comments?post=110782"}],"version-history":[{"count":0,"href":"https:\/\/linitiative.ca\/International\/wp-json\/wp\/v2\/posts\/110782\/revisions"}],"wp:attachment":[{"href":"https:\/\/linitiative.ca\/International\/wp-json\/wp\/v2\/media?parent=110782"}],"wp:term":[{"taxonomy":"category","embeddable":true,"href":"https:\/\/linitiative.ca\/International\/wp-json\/wp\/v2\/categories?post=110782"},{"taxonomy":"post_tag","embeddable":true,"href":"https:\/\/linitiative.ca\/International\/wp-json\/wp\/v2\/tags?post=110782"}],"curies":[{"name":"wp","href":"https:\/\/api.w.org\/{rel}","templated":true}]}}