{"id":110784,"date":"2021-02-07T15:04:12","date_gmt":"2021-02-07T20:04:12","guid":{"rendered":"https:\/\/linitiative.ca\/International\/sommet-de-lunion-africaine\/"},"modified":"2021-02-07T15:04:12","modified_gmt":"2021-02-07T20:04:12","slug":"sommet-de-lunion-africaine","status":"publish","type":"post","link":"https:\/\/linitiative.ca\/International\/sommet-de-lunion-africaine\/","title":{"rendered":"SOMMET DE L\u2019UNION AFRICAINE"},"content":{"rendered":"<p class=\"c4\"><em>Le 34<sup>e<\/sup> sommet de l\u2019Union africaine (UA) s\u2019est ouvert le 6 f\u00e9vrier\u00a0 dernier \u00e0 Addis-Abeba et cela de mani\u00e8re virtuelle. En effet, \u00e0 l\u2019exception du Congolais F\u00e9lix Tshisekedi qui a pris le relais du Sud-africain Cyril\u00a0 Ramaphosa, \u00e0 la pr\u00e9sidence tournante de la structure, et qui, de ce fait, \u00e9tait physiquement pr\u00e9sent dans la capitale \u00e9thiopienne, tous les autres pr\u00e9sidents ont particip\u00e9 aux travaux par visioconf\u00e9rence. Et ce format est une premi\u00e8re dans l\u2019histoire de l\u2019organisation. Cette innovation a \u00e9t\u00e9 dict\u00e9e par la Covid-19. L\u2019on peut donc dire que les princes qui nous gouvernent ont \u00e9t\u00e9 contraints \u00e0 la prudence et \u00e0 la sagesse en n\u2019effectuant pas le d\u00e9placement d\u2019Addis-Abeba. Du coup, ce sont les tr\u00e9soreries des pays membres de l\u2019organisation, d\u00e9j\u00e0 fragilis\u00e9es par justement la pand\u00e9mie et la morosit\u00e9 \u00e9conomique \u00e0 laquelle le monde est en proie, qui vont souffler. Car, les sommets de l\u2019UA co\u00fbtent tr\u00e8s cher \u00e0 nos finances en termes de frais d\u2019h\u00f4tels, de frais de transport et de s\u00e9jour et l\u2019on en oublie.\u00a0 Et quand on sait que certains de nos pr\u00e9sidents voyagent avec des villages entiers, l\u2019on peut facilement imaginer combien co\u00fbte un voyage pr\u00e9sidentiel sous nos tropiques.\u00a0 De ce point de vue donc, on peut se permettre de dire ceci\u00a0: \u00e0 quelque chose, malheur est bon\u00a0!<\/em><\/p>\n<p class=\"c4\"><em>\u00a0<\/em><\/p>\n<p class=\"c6\"><strong><em>F\u00e9lix Tshis\u00e9kedi vient d\u2019h\u00e9riter d\u2019une Afrique malade de conflits arm\u00e9s<\/em><\/strong><\/p>\n<p class=\"c4\"><em>\u00a0<\/em><\/p>\n<p class=\"c4\"><em>\u00a0<\/em><\/p>\n<p class=\"c4\"><em>Cela dit, ce sommet virtuel aura \u00e9t\u00e9 marqu\u00e9 par trois faits.\u00a0 Le premier a \u00e9t\u00e9 l\u2019accession \u00e0 la pr\u00e9sidence tournante de l\u2019organisation, du Congolais F\u00e9lix Tshis\u00e9kedi. Et le moins que l\u2019on puise dire, c\u2019est que ce grand honneur qui vient de lui \u00eatre fait, intervient \u00e0 un moment o\u00f9, au plan endog\u00e8ne, il est en passe de remporter compl\u00e8tement le bras de fer qui l\u2019opposait \u00e0 son pr\u00e9d\u00e9cesseur Joseph Kabila. C\u2019est donc un Tshis\u00e9kedi revigor\u00e9 politiquement apr\u00e8s cet exploit, qui a pris le relais du Sud-Africain Cyril Ramaphosa. Mais, il a du pain sur la planche\u00a0; tant les crises auxquelles le continent africain\u00a0 est en proie, sont complexes et immenses.\u00a0 A titre d\u2019illustration, l\u2019on peut \u00e9voquer les conflits arm\u00e9s qui ensanglantent actuellement le continent noir. Il suffit, \u00e0 Tshis\u00e9kedi, de jeter un coup d\u2019\u0153il chez le voisin centrafricain, pour prendre la mesure du drame. A l\u2019int\u00e9rieur m\u00eame de son propre pays, c\u2019est-\u00e0-dire la RDC (R\u00e9publique d\u00e9mocratique du Congo), notamment dans les deux Kivu, les groupes arm\u00e9s font souffrir le martyre aux populations.\u00a0 Et que dire de la terrible guerre \u00e0 huis clos qui oppose l\u2019arm\u00e9e \u00e9thiopienne aux\u00a0 rebelles du Tigr\u00e9\u00a0? Bref, F\u00e9lix Tshis\u00e9kedi vient d\u2019h\u00e9riter d\u2019une Afrique malade de conflits arm\u00e9s. Et ce n\u2019est pas tout. En effet, l\u2019av\u00e8nement du pr\u00e9sident congolais \u00e0 la pr\u00e9sidence tournante, intervient \u00e0 un moment o\u00f9 l\u2019Afrique est \u00e9galement malade du coronavirus. Et la situation est d\u2019autant plus inqui\u00e9tante que bien des pays africains sont\u00a0 actuellement confront\u00e9s \u00e0 une nouvelle vague de la terrible pand\u00e9mie. Et avec ses nouveaux variants, l\u2019on peut craindre le pire pour l\u2019Afrique. Tshis\u00e9kedi a donc la responsabilit\u00e9 de mobiliser le continent noir et ses partenaires pour y apporter\u00a0 la r\u00e9ponse qui sied. Et ce ne sera pas une mince affaire dans un monde de plus en plus gagn\u00e9 par l\u2019\u00e9go\u00efsme.<\/em><\/p>\n<p class=\"c4\"><em>\u00a0<\/em><\/p>\n<p class=\"c6\"><strong><em>La Covid-19 a fortement d\u00e9teint sur le 34<sup>e<\/sup> sommet au point de contraindre l\u2019UA \u00e0 opter pour la visioconf\u00e9rence<\/em><\/strong><\/p>\n<p class=\"c4\"><em>\u00a0<\/em><\/p>\n<p class=\"c4\"><em>Pour le moment, quelques rares pays africains sont arriv\u00e9s \u00e0 mettre \u00e0 la disposition de leurs populations, des vaccins contre le mal. Mais l\u00e0 aussi, les doses acquises sont presque symboliques.\u00a0 Il revient donc \u00e0 Tshis\u00e9kedi de mener le combat pour que l\u2019Afrique ne soit pas oubli\u00e9e\u00a0 dans l\u2019acc\u00e8s aux vaccins anti-Covid-19. En tout cas, ce 34<sup>e<\/sup> sommet de l\u2019UA a \u00e9t\u00e9 consacr\u00e9, entre autres, \u00e0 la probl\u00e9matique de la Covid-19. Le troisi\u00e8me et dernier fait qui aura marqu\u00e9 ce 34<sup>e<\/sup> sommet, est la mani\u00e8re dont le Tchadien Moussa Faki Mahamat a \u00e9t\u00e9 reconduit \u00e0 la t\u00eate de la Commission. En effet, c\u2019est pratiquement \u00e0 l\u2019unanimit\u00e9 que ce dernier a \u00e9t\u00e9 \u00e9lu. C\u2019est assez\u00a0 rare pour \u00eatre soulign\u00e9.\u00a0 Et c\u2019est la preuve que son bilan a \u00e9t\u00e9 jug\u00e9 satisfaisant. Seul l\u2019homme mince de Kigali dont on sait qu\u2019il adore mettre les pieds dans le plat, a point\u00e9 la gouvernance du Tchadien en ce qu\u2019elle n\u2019est pas all\u00e9e loin dans les r\u00e9formes entam\u00e9es en 2016. En rappel, le pr\u00e9sident rwandais, Paul Kagam\u00e9, avait \u00e9t\u00e9 d\u00e9sign\u00e9 en 2016 pour r\u00e9former l\u2019organisation dans le sens de l\u2019amener \u00e0 \u00eatre plus efficace et plus efficiente. Le pr\u00e9sident de la Commission \u00e9tait charg\u00e9,\u00a0 entre autres, de traduire dans les actes, le plan de restructuration du pr\u00e9sident rwandais. Ce dernier, en bon perfectionniste, n\u2019a pas h\u00e9sit\u00e9 \u00e0 dire tout le mal qu\u2019il pense du travail du Tchadien.\u00a0 Cela dit, l\u2019on peut retenir que la Covid-19 a fortement d\u00e9teint sur le 34<sup>e<\/sup> sommet au point de contraindre l\u2019UA \u00e0 opter pour la visioconf\u00e9rence. La vedette donc du sommet aura \u00e9t\u00e9\u00a0 la Covid-19 et ses variants. Et c\u2019est \u00e0 juste titre, puisque les chiffres sont en train d\u2019exploser sur le continent en termes de personnes contamin\u00e9es et de d\u00e9c\u00e8s li\u00e9s \u00e0 la pand\u00e9mie. En tout cas, la Covid-19 a r\u00e9ussi le tour de force de rel\u00e9guer au second plan, les autres sujets inscrits \u00e0 l\u2019ordre du jour de ce sommet virtuel \u00e0 savoir l\u2019art, la culture et le patrimoine.\u00a0 Pourtant, ceux-ci peuvent contribuer \u00e0 rendre l\u2019Afrique plus r\u00e9siliente face aux diff\u00e9rents\u00a0 fl\u00e9aux qui l\u2019assaillent. Et le moins que l\u2019on puisse dire \u00e0 leur sujet, c\u2019est que l\u2019art et plus particuli\u00e8rement la culture, sont en train de payer un lourd tribut \u00e0 la Covid-19.<\/em><\/p>\n<p class=\"c4\"><em>\u00a0<\/em><\/p>\n<p class=\"c6\"><strong><em>\u00ab\u00a0Le Pays\u00a0\u00bb<\/em><\/strong><\/p>\n<p class=\"c4\"><em>\u00a0<\/em><\/p>\n<p>Auteur: Le Pays<br \/>\n<a href=\"https:\/\/lepays.bf\/sommet-de-lunion-africaine\/\">Cliquez ici pour lire l&rsquo;article depuis sa source.<\/a><\/p>\n","protected":false},"excerpt":{"rendered":"<p>Le 34e sommet de l\u2019Union africaine (UA) s\u2019est ouvert le 6 f\u00e9vrier\u00a0 dernier \u00e0 Addis-Abeba et cela de mani\u00e8re virtuelle. En effet, \u00e0 l\u2019exception du Congolais F\u00e9lix Tshisekedi qui a pris le relais du Sud-africain Cyril\u00a0 Ramaphosa, \u00e0 la pr\u00e9sidence tournante de la structure, et qui, de ce fait, \u00e9tait physiquement pr\u00e9sent dans la capitale [&hellip;]<\/p>\n","protected":false},"author":1813,"featured_media":0,"comment_status":"closed","ping_status":"closed","sticky":false,"template":"","format":"standard","meta":{"fifu_image_url":"","fifu_image_alt":"","footnotes":""},"categories":[73,81],"tags":[],"class_list":["post-110784","post","type-post","status-publish","format-standard","hentry","category-actualite","category-burkina-faso"],"_links":{"self":[{"href":"https:\/\/linitiative.ca\/International\/wp-json\/wp\/v2\/posts\/110784","targetHints":{"allow":["GET"]}}],"collection":[{"href":"https:\/\/linitiative.ca\/International\/wp-json\/wp\/v2\/posts"}],"about":[{"href":"https:\/\/linitiative.ca\/International\/wp-json\/wp\/v2\/types\/post"}],"author":[{"embeddable":true,"href":"https:\/\/linitiative.ca\/International\/wp-json\/wp\/v2\/users\/1813"}],"replies":[{"embeddable":true,"href":"https:\/\/linitiative.ca\/International\/wp-json\/wp\/v2\/comments?post=110784"}],"version-history":[{"count":0,"href":"https:\/\/linitiative.ca\/International\/wp-json\/wp\/v2\/posts\/110784\/revisions"}],"wp:attachment":[{"href":"https:\/\/linitiative.ca\/International\/wp-json\/wp\/v2\/media?parent=110784"}],"wp:term":[{"taxonomy":"category","embeddable":true,"href":"https:\/\/linitiative.ca\/International\/wp-json\/wp\/v2\/categories?post=110784"},{"taxonomy":"post_tag","embeddable":true,"href":"https:\/\/linitiative.ca\/International\/wp-json\/wp\/v2\/tags?post=110784"}],"curies":[{"name":"wp","href":"https:\/\/api.w.org\/{rel}","templated":true}]}}