{"id":110785,"date":"2021-02-07T15:07:33","date_gmt":"2021-02-07T20:07:33","guid":{"rendered":"https:\/\/linitiative.ca\/International\/investiture-de-deby-pour-un-6e-mandat-par-le-mps\/"},"modified":"2021-02-07T15:07:33","modified_gmt":"2021-02-07T20:07:33","slug":"investiture-de-deby-pour-un-6e-mandat-par-le-mps","status":"publish","type":"post","link":"https:\/\/linitiative.ca\/International\/investiture-de-deby-pour-un-6e-mandat-par-le-mps\/","title":{"rendered":"INVESTITURE DE DEBY POUR UN 6e MANDAT PAR LE MPS"},"content":{"rendered":"<p class=\"c4\"><em>Le pr\u00e9sident tchadien, Idriss Deby Itno, a \u00e9t\u00e9 investi, le 6 f\u00e9vrier dernier, candidat, par son parti, le Mouvement patriotique du salut (MPS), pour un sixi\u00e8me mandat. Faut-il en rire ou en pleurer\u00a0? Il faut plut\u00f4t en pleurer. Ce d\u2019autant que cette \u00e9ni\u00e8me candidature \u00e0 la pr\u00e9sidence, n\u2019augure rien de bon pour le Tchad. C\u2019est d\u2019autant plus vrai que les Tchadiens, notamment l\u2019opposition et les organisations de la soci\u00e9t\u00e9 civile, n\u2019ont pas tard\u00e9 \u00e0 descendre dans la rue pour crier leur ras-le-bol. Mais comme il fallait s\u2019y attendre, de nombreux manifestants ont \u00e9t\u00e9 interpell\u00e9s dont Mahamet Nour Ibedou, un farouche d\u00e9fenseur des droits de l\u2019Homme. Le moins que l\u2019on puisse dire, c\u2019est que cette \u00e9ni\u00e8me candidature de Deby ach\u00e8ve de convaincre que malgr\u00e9 ses 30 ans aux affaires, le satrape n\u2019est toujours pas pr\u00eat \u00e0 faire valoir ses droits \u00e0 la retraite. Et c\u2019est bien dommage pour le Tchad. En tout cas, ceux qui r\u00eavaient d\u2019une alternance pacifique, en sont pour leurs frais. Que les Tchadiens ne se fassent plus d\u2019illusions, la candidature de Deby pour un sixi\u00e8me mandat, n\u2019est rien d\u2019autre qu\u2019un coup de gr\u00e2ce port\u00e9 \u00e0 la d\u00e9mocratie. Car, il ne fait l\u2019ombre d\u2019aucun doute que la monarchisation du pouvoir au Tchad, est en marche. Pouvait-il en \u00eatre autrement quand on sait que Deby vient de se bombarder Mar\u00e9chal? Il ne reste plus donc aux Tchadiens que de se pr\u00e9parer \u00e0 accueillir bient\u00f4t Deby Premier. Car, aucun opposant, m\u00eame en r\u00eave, ne saurait le battre dans les urnes, tant \u00a0les satrapes du continent ont bien assimil\u00e9 cette c\u00e9l\u00e8bre phrase du pr\u00e9sident Omar Bongo selon laquelle, en \u00ab\u00a0Afrique, on n\u2019organise pas des \u00e9lections pour les perdre\u00bb. C\u2019est dire si la r\u00e9\u00e9lection de Deby \u00e0 la pr\u00e9sidentielle du 11 avril prochain ne sera qu\u2019une simple formalit\u00e9. On est d\u2019autant plus fond\u00e9 \u00e0 le penser que l\u2019homme a travaill\u00e9 \u00e0 r\u00e9duire\u00a0 l\u2019opposition \u00e0 sa plus simple expression.<\/em><\/p>\n<p class=\"c4\"><em>\u00a0<\/em><\/p>\n<p class=\"c6\"><strong><em>Tout laisse croire que s\u2019il continue \u00e0 r\u00e9gner sans partage, c\u2019est parce que Deby b\u00e9n\u00e9ficie du parapluie de la France<\/em><\/strong><\/p>\n<p class=\"c4\"><em>\u00a0<\/em><\/p>\n<p class=\"c4\"><em>Le seul enjeu, s\u2019il y en a vraiment, pour cette pr\u00e9sidentielle, \u00a0ne sera certainement pas le score qu\u2019il obtiendra, mais plut\u00f4t le taux de participation. Et m\u00eame l\u00e0, les princes r\u00e9gnants et leurs courtisans sont si ing\u00e9nieux que lorsqu\u2019il s\u2019agit de porter un coup de canif \u00e0 la d\u00e9mocratie, ils ne manquent pas d\u2019officines pour produire des chiffres en vue de l\u00e9gitimer leur victoire. Et ne comptez pas sur la Justice pour remettre en cause la victoire d\u2019un satrape comme Deby. Si en Occident, des pr\u00e9sidents d\u2019institutions font preuve d\u2019ingratitude vis-\u00e0-vis des pr\u00e9sidents qui les promeuvent, en Afrique, il en va autrement. Ils se croient ou se voient plut\u00f4t dans l\u2019obligation de r\u00e9pondre aux d\u00e9sid\u00e9rata du prince. Cela dit, il faut d\u00e9plorer cette boulimie du pouvoir du pr\u00e9sident tchadien. Mais tout laisse croire que s\u2019il continue \u00e0 r\u00e9gner sans partage, c\u2019est parce que Deby b\u00e9n\u00e9ficie du parapluie de la France. C\u2019est elle qui aura sauv\u00e9 in extremis son r\u00e9gime en 2008, en pilonnant les positions de la coalition des rebelles qui \u00e9taient aux portes du palais pr\u00e9sidentiel. Et ce n\u2019est pas maintenant qu\u2019il est devenu un alli\u00e9 de taille de l\u2019Hexagone dans le cadre de la lutte contre le terrorisme au Sahel, que Deby perdra le soutien de l\u2019Elys\u00e9e. C\u2019est dire que ce n\u2019est pas demain la veille que les Tchadiens pourront se d\u00e9barrasser du warrior, surtout que le Sahel est devenu un Far west. Cela dit, la r\u00e9\u00e9lection de Deby pour un sixi\u00e8me mandat, ne fera et c\u2019est peu de le dire, que prolonger la souffrance des Tchadiens. Car, malgr\u00e9 les richesses dont il dispose, notamment le p\u00e9trole, le Tchad peine toujours \u00e0 nourrir, \u00e0 soigner et \u00e0 \u00e9duquer ses filles et fils et ce, \u00e0 cause de la mal gouvernance qui caract\u00e9rise le long r\u00e8gne de Deby.<\/em><\/p>\n<p class=\"c4\"><em>\u00a0<\/em><\/p>\n<p class=\"c6\"><strong><em>Dabadi ZOUMBARA<\/em><\/strong><\/p>\n<p>Auteur: Le Pays<br \/>\n<a href=\"https:\/\/lepays.bf\/investiture-de-deby-pour-un-6e-mandat-par-le-mps\/\">Cliquez ici pour lire l&rsquo;article depuis sa source.<\/a><\/p>\n","protected":false},"excerpt":{"rendered":"<p>Le pr\u00e9sident tchadien, Idriss Deby Itno, a \u00e9t\u00e9 investi, le 6 f\u00e9vrier dernier, candidat, par son parti, le Mouvement patriotique du salut (MPS), pour un sixi\u00e8me mandat. Faut-il en rire ou en pleurer\u00a0? Il faut plut\u00f4t en pleurer. Ce d\u2019autant que cette \u00e9ni\u00e8me candidature \u00e0 la pr\u00e9sidence, n\u2019augure rien de bon pour le Tchad. C\u2019est [&hellip;]<\/p>\n","protected":false},"author":1813,"featured_media":0,"comment_status":"closed","ping_status":"closed","sticky":false,"template":"","format":"standard","meta":{"fifu_image_url":"","fifu_image_alt":"","footnotes":""},"categories":[73,81],"tags":[],"class_list":["post-110785","post","type-post","status-publish","format-standard","hentry","category-actualite","category-burkina-faso"],"_links":{"self":[{"href":"https:\/\/linitiative.ca\/International\/wp-json\/wp\/v2\/posts\/110785","targetHints":{"allow":["GET"]}}],"collection":[{"href":"https:\/\/linitiative.ca\/International\/wp-json\/wp\/v2\/posts"}],"about":[{"href":"https:\/\/linitiative.ca\/International\/wp-json\/wp\/v2\/types\/post"}],"author":[{"embeddable":true,"href":"https:\/\/linitiative.ca\/International\/wp-json\/wp\/v2\/users\/1813"}],"replies":[{"embeddable":true,"href":"https:\/\/linitiative.ca\/International\/wp-json\/wp\/v2\/comments?post=110785"}],"version-history":[{"count":0,"href":"https:\/\/linitiative.ca\/International\/wp-json\/wp\/v2\/posts\/110785\/revisions"}],"wp:attachment":[{"href":"https:\/\/linitiative.ca\/International\/wp-json\/wp\/v2\/media?parent=110785"}],"wp:term":[{"taxonomy":"category","embeddable":true,"href":"https:\/\/linitiative.ca\/International\/wp-json\/wp\/v2\/categories?post=110785"},{"taxonomy":"post_tag","embeddable":true,"href":"https:\/\/linitiative.ca\/International\/wp-json\/wp\/v2\/tags?post=110785"}],"curies":[{"name":"wp","href":"https:\/\/api.w.org\/{rel}","templated":true}]}}