{"id":110786,"date":"2021-02-07T15:10:51","date_gmt":"2021-02-07T20:10:51","guid":{"rendered":"https:\/\/linitiative.ca\/International\/election-dun-premier-ministre-en-libye\/"},"modified":"2021-02-07T15:10:51","modified_gmt":"2021-02-07T20:10:51","slug":"election-dun-premier-ministre-en-libye","status":"publish","type":"post","link":"https:\/\/linitiative.ca\/International\/election-dun-premier-ministre-en-libye\/","title":{"rendered":"ELECTION D\u2019UN PREMIER MINISTRE EN LIBYE"},"content":{"rendered":"<p class=\"c4\"><em>La Libye a un nouveau Premier ministre. Il s\u2019appelle\u00a0 Abdel Hamid Dbeibah. Ing\u00e9nieur et riche homme d\u2019affaires, n\u00e9 \u00e0 Misrata, dans l\u2019Ouest du pays, c\u2019est lui qui aura la lourde t\u00e2che de relever la Libye\u00a0 et d\u2019organiser des \u00e9lections libres et transparentes d\u2019ici la fin de l\u2019ann\u00e9e en cours. Sera-t-il l\u2019homme de la situation\u00a0? Ou encore r\u00e9ussira-t-il l\u00e0 o\u00f9 les autres ont \u00e9chou\u00e9\u00a0? Autant de questions que l\u2019on est en droit de se poser mais auxquelles il est difficile, pour l\u2019instant, d\u2019apporter des \u00e9l\u00e9ments de r\u00e9ponse. Pour le moins, on sait que celui qui vient d\u2019\u00eatre promu au poste de Premier ministre en remplacement de Fayez-al-Sarraj, est loin d\u2019\u00eatre\u00a0 un novice en politique. Bien au contraire, il dispose d\u2019un background \u00e0 m\u00eame de lui permettre de r\u00e9ussir la mission \u00e0 lui confi\u00e9e pour peu qu\u2019au-del\u00e0 de toutes consid\u00e9rations, il sache rester \u00e0 l\u2019\u00e9coute de ses concitoyens qui, depuis la chute de Mouammar Kadhafi, souffrent le martyre. Il a d\u2019autant plus int\u00e9r\u00eat \u00e0 se mettre au-dessus de la m\u00eal\u00e9e que son choix est loin de faire l\u2019unanimit\u00e9 puisqu\u2019on le dit proche du d\u00e9funt pr\u00e9sident Kadhafi sous le magist\u00e8re de qui il a occup\u00e9 d\u2019importantes fonctions. Et ce n\u2019est pas tout.\u00a0 Car, en tant qu\u2019homme d\u2019affaires prosp\u00e8re, Abdel Hamid Dbeibah fait l\u2019objet d\u2019enqu\u00eates en Libye pour des faits pr\u00e9sum\u00e9s de malversations. Avec donc autant de pr\u00e9jug\u00e9s d\u00e9favorables, le nouveau Premier ministre gagnerait, s\u2019il veut b\u00e9n\u00e9ficier de la confiance de ses compatriotes, \u00e0 travailler dans l\u2019int\u00e9r\u00eat de la Libye, c\u2019est-\u00e0-dire en s\u2019attaquant aux probl\u00e8mes quotidiens des Libyens que sont le ch\u00f4mage et les intempestives coupures d\u2019\u00e9lectricit\u00e9. Certes, il a d\u00e9j\u00e0 pr\u00e9sent\u00e9 un programme ambitieux pour une p\u00e9riode int\u00e9rimaire d\u2019\u00e0 peine dix mois, mais il faut aller au-d\u00e9l\u00e0 en traduisant en actes concrets, tous les chantiers annonc\u00e9s.<\/em><\/p>\n<p class=\"c4\"><em>\u00a0<\/em><\/p>\n<p class=\"c6\"><strong><em>De la conduite des affaires par le nouveau chef de gouvernement, d\u00e9pendra l\u2019attitude des autres grandes puissances<\/em><\/strong><\/p>\n<p class=\"c6\"><strong><em>\u00a0<\/em><\/strong><\/p>\n<p class=\"c4\"><em>Cela dit, aucun pays ne pouvant se d\u00e9velopper dans la haine et la division, le successeur de Fayez-al-Sarraj ferait mieux de relever le pari de la r\u00e9conciliation nationale aux fins de taire les ranc\u0153urs et de r\u00e9instaurer la confiance entre les Libyens. C\u2019est pourquoi il faut saluer l\u2019annonce faite par le nouvel Ex\u00e9cutif, de cr\u00e9er un minist\u00e8re charg\u00e9 de la r\u00e9conciliation nationale. Mais quand on sait que les grandes puissances, \u00e0 cause de leurs int\u00e9r\u00eats, se combattent par milices interpos\u00e9es en Libye pour ne pas dire qu\u2019elles attisent le feu, on a bien peur que le nouveau Premier ministre, \u00e0 l\u2019\u00e9preuve du terrain, ne finisse aussi par jeter l\u2019\u00e9ponge comme ses pr\u00e9d\u00e9cesseurs \u00a0Fayez-al-Sarraj et Ali Zeidan. A moins que\u00a0 prenant toute la mesure de la situation, le nouveau PM d\u00e9cide de prendre ses distances vis-\u00e0-vis de la communaut\u00e9 internationale qui semble souffler le chaud et le froid en Libye. Mais quand bien m\u00eame, il le voudrait, il ne le pourrait pas puisqu\u2019il est d\u00e9j\u00e0 connu pour \u00eatre proche de la Turquie dont on dit qu\u2019elle a d\u2019importants int\u00e9r\u00eats \u00e9conomiques \u00e0 d\u00e9fendre \u00e0 Misrata au point qu\u2019elle fait preuve d\u2019un activisme \u00e0 nul autre pareil en Libye. De la conduite donc des affaires par le nouveau chef de gouvernement libyen, d\u00e9pendra l\u2019attitude des autres grandes puissances qui n\u2019h\u00e9siteront pas \u00e0 donner de la voix si elles voient leurs int\u00e9r\u00eats menac\u00e9s au profit d\u2019Ankara.<\/em><\/p>\n<p class=\"c4\"><em>\u00a0<\/em><\/p>\n<p class=\"c6\"><strong><em>Boundi OUOBA<\/em><\/strong><\/p>\n<p>Auteur: Le Pays<br \/>\n<a href=\"https:\/\/lepays.bf\/election-dun-premier-ministre-en-libye\/\">Cliquez ici pour lire l&rsquo;article depuis sa source.<\/a><\/p>\n","protected":false},"excerpt":{"rendered":"<p>La Libye a un nouveau Premier ministre. Il s\u2019appelle\u00a0 Abdel Hamid Dbeibah. Ing\u00e9nieur et riche homme d\u2019affaires, n\u00e9 \u00e0 Misrata, dans l\u2019Ouest du pays, c\u2019est lui qui aura la lourde t\u00e2che de relever la Libye\u00a0 et d\u2019organiser des \u00e9lections libres et transparentes d\u2019ici la fin de l\u2019ann\u00e9e en cours. Sera-t-il l\u2019homme de la situation\u00a0? Ou [&hellip;]<\/p>\n","protected":false},"author":1813,"featured_media":0,"comment_status":"closed","ping_status":"closed","sticky":false,"template":"","format":"standard","meta":{"fifu_image_url":"","fifu_image_alt":"","footnotes":""},"categories":[73,81],"tags":[],"class_list":["post-110786","post","type-post","status-publish","format-standard","hentry","category-actualite","category-burkina-faso"],"_links":{"self":[{"href":"https:\/\/linitiative.ca\/International\/wp-json\/wp\/v2\/posts\/110786","targetHints":{"allow":["GET"]}}],"collection":[{"href":"https:\/\/linitiative.ca\/International\/wp-json\/wp\/v2\/posts"}],"about":[{"href":"https:\/\/linitiative.ca\/International\/wp-json\/wp\/v2\/types\/post"}],"author":[{"embeddable":true,"href":"https:\/\/linitiative.ca\/International\/wp-json\/wp\/v2\/users\/1813"}],"replies":[{"embeddable":true,"href":"https:\/\/linitiative.ca\/International\/wp-json\/wp\/v2\/comments?post=110786"}],"version-history":[{"count":0,"href":"https:\/\/linitiative.ca\/International\/wp-json\/wp\/v2\/posts\/110786\/revisions"}],"wp:attachment":[{"href":"https:\/\/linitiative.ca\/International\/wp-json\/wp\/v2\/media?parent=110786"}],"wp:term":[{"taxonomy":"category","embeddable":true,"href":"https:\/\/linitiative.ca\/International\/wp-json\/wp\/v2\/categories?post=110786"},{"taxonomy":"post_tag","embeddable":true,"href":"https:\/\/linitiative.ca\/International\/wp-json\/wp\/v2\/tags?post=110786"}],"curies":[{"name":"wp","href":"https:\/\/api.w.org\/{rel}","templated":true}]}}