{"id":110790,"date":"2021-02-07T16:50:54","date_gmt":"2021-02-07T21:50:54","guid":{"rendered":"https:\/\/linitiative.ca\/International\/lutte-contre-linsecurite-le-president-du-faso-a-bruxelles-et-a-paris\/"},"modified":"2021-02-07T16:50:54","modified_gmt":"2021-02-07T21:50:54","slug":"lutte-contre-linsecurite-le-president-du-faso-a-bruxelles-et-a-paris","status":"publish","type":"post","link":"https:\/\/linitiative.ca\/International\/lutte-contre-linsecurite-le-president-du-faso-a-bruxelles-et-a-paris\/","title":{"rendered":"Lutte contre l\u2019ins\u00e9curit\u00e9 : Le pr\u00e9sident du Faso \u00e0 Bruxelles  et \u00e0 Paris"},"content":{"rendered":"<div class=\"td-post-featured-image\" readability=\"37\"><a href=\"https:\/\/www.sidwaya.info\/wp-content\/uploads\/2021\/02\/faso.jpg\" data-caption=\"Au cours de son s&#xE9;jour en France, le chef de l&#x2019;Etat, Roch Marc Christian Kabor&#xE9;, va rencontrer son homologue fran&#xE7;ais, Emmanuel Macron.\"><img loading=\"lazy\" decoding=\"async\" width=\"696\" height=\"401\" class=\"entry-thumb td-modal-image\" src=\"https:\/\/www.sidwaya.info\/wp-content\/uploads\/2021\/02\/faso-696x401.jpg\" srcset=\"https:\/\/www.sidwaya.info\/wp-content\/uploads\/2021\/02\/faso-696x401.jpg 696w, https:\/\/www.sidwaya.info\/wp-content\/uploads\/2021\/02\/faso-300x173.jpg 300w, https:\/\/www.sidwaya.info\/wp-content\/uploads\/2021\/02\/faso-768x443.jpg 768w, https:\/\/www.sidwaya.info\/wp-content\/uploads\/2021\/02\/faso-150x86.jpg 150w, https:\/\/www.sidwaya.info\/wp-content\/uploads\/2021\/02\/faso-728x420.jpg 728w, https:\/\/www.sidwaya.info\/wp-content\/uploads\/2021\/02\/faso.jpg 784w\" sizes=\"auto, (max-width: 696px) 100vw, 696px\" alt=\"\" title=\"faso\"\/><\/a>Au cours de son s\u00e9jour en France, le chef de l\u2019Etat, Roch Marc Christian Kabor\u00e9, va rencontrer son homologue fran\u00e7ais, Emmanuel Macron.<\/div>\n<p><strong>Le Pr\u00e9sident du Faso, Roch Marc Christian Kabor\u00e9, a quitt\u00e9 Ouagadougou hier dimanche 7 f\u00e9vrier 2021, pour un voyage officiel \u00e0 Bruxelles en Belgique et \u00e0 Paris en France.<\/strong><\/p>\n<p>La s\u00e9curit\u00e9 au Sahel, le Covid-19 et d\u2019autres questions internationales seront au menu des \u00e9changes entre le pr\u00e9sident du Faso et ses interlocuteurs. A Bruxelles, Roch Marc Christian Kabor\u00e9 va rencontrer le pr\u00e9sident du Conseil de l\u2019Europe, Charles Michel, le Haut repr\u00e9sentant pour les Affaires \u00e9trang\u00e8res Josep Borrell, le pr\u00e9sident du Parlement Europ\u00e9en, David Sassoli, et la Commissaire aux partenariats internationaux Jutta Urpilainen. Sur le plan bilat\u00e9ral, le chef de l\u2019Etat va s\u2019entretenir avec le Premier ministre Alexander de Croo, le Ministre-pr\u00e9sident de Wallonie, Elio Di Rupo et le Ministre-pr\u00e9sident de la F\u00e9d\u00e9ration Wallonie-Bruxelles, Pierre-Yves Jeholet. Apr\u00e8s la Belgique, le pr\u00e9sident du Faso va s\u00e9journer \u00e0 Paris en France, o\u00f9 il aura un entretien avec son homologue fran\u00e7ais Emmanuel Macron le 10 f\u00e9vrier 2021 au Palais de l\u2019Elys\u00e9e.<\/p>\n<p class=\"c1\"><strong>Direction de la communication de la pr\u00e9sidence du Faso<\/strong><\/p>\n<div class=\"td-a-rec td-a-rec-id-content_bottom tdi_33_8d7 td_block_template_1\"><img loading=\"lazy\" decoding=\"async\" class=\"aligncenter size-full wp-image-27454\" src=\"https:\/\/www.sidwaya.info\/wp-content\/uploads\/2020\/10\/PUB-Bandeau-paiement-mobile-siteweb.jpg\" alt=\"\" width=\"728\" height=\"90\"\/><\/div>\n<p>Auteur: JK. Sidwaya<br \/>\n<a href=\"https:\/\/www.sidwaya.info\/blog\/2021\/02\/07\/lutte-contre-linsecurite-le-president-du-faso-a-bruxelles-et-a-paris\/\">Cliquez ici pour lire l&rsquo;article depuis sa source.<\/a><\/p>\n","protected":false},"excerpt":{"rendered":"<p>Au cours de son s\u00e9jour en France, le chef de l\u2019Etat, Roch Marc Christian Kabor\u00e9, va rencontrer son homologue fran\u00e7ais, Emmanuel Macron. Le Pr\u00e9sident du Faso, Roch Marc Christian Kabor\u00e9, a quitt\u00e9 Ouagadougou hier dimanche 7 f\u00e9vrier 2021, pour un voyage officiel \u00e0 Bruxelles en Belgique et \u00e0 Paris en France. La s\u00e9curit\u00e9 au Sahel, [&hellip;]<\/p>\n","protected":false},"author":1816,"featured_media":0,"comment_status":"closed","ping_status":"closed","sticky":false,"template":"","format":"standard","meta":{"fifu_image_url":"https:\/\/www.sidwaya.info\/wp-content\/uploads\/2021\/02\/faso-696x401.jpg","fifu_image_alt":"Lutte contre l\u2019ins\u00e9curit\u00e9 : Le pr\u00e9sident du Faso \u00e0 Bruxelles  et \u00e0 Paris","footnotes":""},"categories":[73,81],"tags":[],"class_list":["post-110790","post","type-post","status-publish","format-standard","hentry","category-actualite","category-burkina-faso"],"_links":{"self":[{"href":"https:\/\/linitiative.ca\/International\/wp-json\/wp\/v2\/posts\/110790","targetHints":{"allow":["GET"]}}],"collection":[{"href":"https:\/\/linitiative.ca\/International\/wp-json\/wp\/v2\/posts"}],"about":[{"href":"https:\/\/linitiative.ca\/International\/wp-json\/wp\/v2\/types\/post"}],"author":[{"embeddable":true,"href":"https:\/\/linitiative.ca\/International\/wp-json\/wp\/v2\/users\/1816"}],"replies":[{"embeddable":true,"href":"https:\/\/linitiative.ca\/International\/wp-json\/wp\/v2\/comments?post=110790"}],"version-history":[{"count":0,"href":"https:\/\/linitiative.ca\/International\/wp-json\/wp\/v2\/posts\/110790\/revisions"}],"wp:attachment":[{"href":"https:\/\/linitiative.ca\/International\/wp-json\/wp\/v2\/media?parent=110790"}],"wp:term":[{"taxonomy":"category","embeddable":true,"href":"https:\/\/linitiative.ca\/International\/wp-json\/wp\/v2\/categories?post=110790"},{"taxonomy":"post_tag","embeddable":true,"href":"https:\/\/linitiative.ca\/International\/wp-json\/wp\/v2\/tags?post=110790"}],"curies":[{"name":"wp","href":"https:\/\/api.w.org\/{rel}","templated":true}]}}