{"id":110793,"date":"2021-02-07T10:18:01","date_gmt":"2021-02-07T15:18:01","guid":{"rendered":"https:\/\/linitiative.ca\/International\/le-maroc-satisfait-des-conclusions-du-sommet-de-lua\/"},"modified":"2021-02-07T10:18:01","modified_gmt":"2021-02-07T15:18:01","slug":"le-maroc-satisfait-des-conclusions-du-sommet-de-lua","status":"publish","type":"post","link":"https:\/\/linitiative.ca\/International\/le-maroc-satisfait-des-conclusions-du-sommet-de-lua\/","title":{"rendered":"Le Maroc satisfait des conclusions du Sommet de l\u2019UA"},"content":{"rendered":"<div readability=\"32\">\n<p>Publi\u00e9 le 07.02.2021 \u00e0 16h18 par APA News<\/p>\n<\/div>\n<div readability=\"106\">\n<p>Le Maroc a exprim\u00e9 sa satisfaction quant aux conclusions de la 34\u00e8me\u00a0session ordinaire du Sommet des chefs d\u2019Etat et de gouvernement de l\u2019UA, qui a cl\u00f4t ses travaux ce dimanche en mode visioconf\u00e9rence en raison de la pand\u00e9mie du Covid-19, a annonc\u00e9 le ministre marocain des Affaires \u00e9trang\u00e8res, Nasser Bourita.Lors d\u2019une conf\u00e9rence de presse, tenue au si\u00e8ge de son d\u00e9partement, le ministre marocain a fait savoir que ce sommet de l\u2019UA s\u2019est focalis\u00e9 sur deux trois points essentiels \u00e0 savoir le renouvellement des organes de l\u2019organisation panafricaine, la riposte \u00e0 la pand\u00e9mie Covid-19 et la r\u00e9forme institutionnelle.<\/p>\n<p>Au sujet des nominations \u00e0 la t\u00eate des organes de l\u2019UA, M. Bourita a indiqu\u00e9 que le pr\u00e9sident actuel de la Commission de l\u2019UA, Moussa Faki Mahamat a \u00e9t\u00e9 r\u00e9\u00e9lu pour un second mandat, alors que le poste de vice-pr\u00e9sident est all\u00e9 \u00e0 rwandaise Monique Nsanzabaganwa.<\/p>\n<p>Le Nig\u00e9rian Bankole Adeoye a \u00e9t\u00e9 \u00e9lu la t\u00eate du d\u00e9partement regroupant les affaires politiques et paix et s\u00e9curit\u00e9. Trois commissaires ont \u00e9t\u00e9 reconduit dans leurs postes. Il s\u2019agit de l\u2019angolaise Josefa Sacko de l\u2019Angola r\u00e9\u00e9lue Commissaire charg\u00e9e de l\u2019agriculture, du d\u00e9veloppement rural, de l\u2019\u00e9conomie bleue et de l\u2019environnement durable, le Zambien Albert Muchanga reconduit en tant que Commissaire charg\u00e9 du d\u00e9veloppement \u00e9conomique, du commerce et de l\u2019industrie et des mines et de Mme Amani Abou-Zeid (Egypte) qui a aussi \u00e9t\u00e9 r\u00e9\u00e9lue Commissaire charg\u00e9e des infrastructures et de l\u2019\u00e9nergie, a indiqu\u00e9 le responsable gouvernemental.<\/p>\n<p>Les \u00e9lections pour les postes de la Sant\u00e9, Affaires humanitaires et D\u00e9veloppement social et l\u2019\u00e9ducation, la science, la technologie et l\u2019innovation ont \u00e9t\u00e9 report\u00e9es \u00e0 la prochaine r\u00e9union du Conseil ex\u00e9cutif, a-t-il soulign\u00e9, pr\u00e9cisant les r\u00e9gions de l\u2019Afrique du Nord et de l\u2019Ouest devront concourir pour acc\u00e9der \u00e0 ces deux postes.<\/p>\n<p>Pour ce qui est de la question du Sahara, le ministre a affirm\u00e9 que le Sommet n\u2019a pas trait\u00e9 de cette question, se conformant ainsi \u00e0 la d\u00e9cision 693 du Sommet de Nouakchott qui consacre l\u2019exclusivit\u00e9 de l\u2019ONU en tant que cadre pour la recherche d\u2019une solution au conflit r\u00e9gional cr\u00e9\u00e9 autour de la question du Sahara, tout en \u00e9tablissant le m\u00e9canisme de la Tro\u00efka pour appuyer les efforts des Nations-Unies pour le r\u00e8glement de ce diff\u00e9rend artificiel.<\/p>\n<p>Il a soulign\u00e9 que \u00ab la question du Sahara n\u2019\u00e9tait pas mentionn\u00e9e dans les rapports ou d\u00e9cisions de ce sommet, \u00e0 l\u2019instar des trois derniers sommets, ce qui confirme la nouvelle orientation de l\u2019Union africaine, qui consid\u00e8re que cette question est du ressort exclusif des Nations Unies.<\/p>\n<p>\u00ab Il y a eu des tentatives d\u2019inclure la question du Sahara \u00e0 ce sommet, et nous avons vu des d\u00e9clarations appelant \u00e0 la convocation d\u2019une r\u00e9union de la tro\u00efka et du Conseil de paix et de s\u00e9curit\u00e9, mais ces appels n\u2019ont pas abouti \u00bb, a-t-il poursuivi, ajoutant que le Maroc consid\u00e8re la tro\u00efka non comme \u00ab un m\u00e9canisme de gestion et de proposition mais plut\u00f4t comme un m\u00e9canisme d\u2019accompagnement et de soutien \u00e0 l\u2019ONU \u00bb.<\/p>\n<p>Le ministre a soulign\u00e9 que \u00ab le sommet consacre l\u2019approche adopt\u00e9e ces derni\u00e8res ann\u00e9es par l\u2019Union africaine, qui ne peut exploiter ses institutions pour impliquer l\u2019Afrique dans une question relevant de la comp\u00e9tence des Nations Unies \u00bb.<\/p>\n<p>Selon lui, la Tro\u00efka ne peut se r\u00e9unir sous une pr\u00e9sidence \u00ab partielle et non objective \u00bb, allusion faite \u00e0 l\u2019Afrique du sud qui soutient la th\u00e8se des s\u00e9paratistes du polisario, soulignant que les prochaines tro\u00efkas seront tenues sous une pr\u00e9sidence \u00ab impartiale et plus \u00e9quilibr\u00e9e \u00bb, notamment avec la pr\u00e9sidence de la r\u00e9publique d\u00e9mocratique du Congo en 2021.<\/p>\n<\/div>\n<p>Auteur: APA News<br \/>\n<a href=\"https:\/\/www.journalducameroun.com\/le-maroc-satisfait-des-conclusions-du-sommet-de-lua\/\">Cliquez ici pour lire l&rsquo;article depuis sa source.<\/a><\/p>\n","protected":false},"excerpt":{"rendered":"<p>Publi\u00e9 le 07.02.2021 \u00e0 16h18 par APA News Le Maroc a exprim\u00e9 sa satisfaction quant aux conclusions de la 34\u00e8me\u00a0session ordinaire du Sommet des chefs d\u2019Etat et de gouvernement de l\u2019UA, qui a cl\u00f4t ses travaux ce dimanche en mode visioconf\u00e9rence en raison de la pand\u00e9mie du Covid-19, a annonc\u00e9 le ministre marocain des Affaires [&hellip;]<\/p>\n","protected":false},"author":1965,"featured_media":0,"comment_status":"closed","ping_status":"closed","sticky":false,"template":"","format":"standard","meta":{"fifu_image_url":"","fifu_image_alt":"","footnotes":""},"categories":[73,82],"tags":[],"class_list":["post-110793","post","type-post","status-publish","format-standard","hentry","category-actualite","category-cameroun"],"_links":{"self":[{"href":"https:\/\/linitiative.ca\/International\/wp-json\/wp\/v2\/posts\/110793","targetHints":{"allow":["GET"]}}],"collection":[{"href":"https:\/\/linitiative.ca\/International\/wp-json\/wp\/v2\/posts"}],"about":[{"href":"https:\/\/linitiative.ca\/International\/wp-json\/wp\/v2\/types\/post"}],"author":[{"embeddable":true,"href":"https:\/\/linitiative.ca\/International\/wp-json\/wp\/v2\/users\/1965"}],"replies":[{"embeddable":true,"href":"https:\/\/linitiative.ca\/International\/wp-json\/wp\/v2\/comments?post=110793"}],"version-history":[{"count":0,"href":"https:\/\/linitiative.ca\/International\/wp-json\/wp\/v2\/posts\/110793\/revisions"}],"wp:attachment":[{"href":"https:\/\/linitiative.ca\/International\/wp-json\/wp\/v2\/media?parent=110793"}],"wp:term":[{"taxonomy":"category","embeddable":true,"href":"https:\/\/linitiative.ca\/International\/wp-json\/wp\/v2\/categories?post=110793"},{"taxonomy":"post_tag","embeddable":true,"href":"https:\/\/linitiative.ca\/International\/wp-json\/wp\/v2\/tags?post=110793"}],"curies":[{"name":"wp","href":"https:\/\/api.w.org\/{rel}","templated":true}]}}