{"id":110794,"date":"2021-02-07T14:18:02","date_gmt":"2021-02-07T19:18:02","guid":{"rendered":"https:\/\/linitiative.ca\/International\/sahara-la-troika-est-un-mecanisme-daccompagnement-et-de-soutien-aux-efforts-exclusifs-de-lonu-ministre-ae\/"},"modified":"2021-02-07T14:18:02","modified_gmt":"2021-02-07T19:18:02","slug":"sahara-la-troika-est-un-mecanisme-daccompagnement-et-de-soutien-aux-efforts-exclusifs-de-lonu-ministre-ae","status":"publish","type":"post","link":"https:\/\/linitiative.ca\/International\/sahara-la-troika-est-un-mecanisme-daccompagnement-et-de-soutien-aux-efforts-exclusifs-de-lonu-ministre-ae\/","title":{"rendered":"Sahara: la Tro\u00efka est un m\u00e9canisme d\u2019accompagnement et de soutien aux efforts exclusifs de l\u2019ONU (ministre AE)"},"content":{"rendered":"<div readability=\"32\">\n<p>Publi\u00e9 le 07.02.2021 \u00e0 20h18 par APA News<\/p>\n<\/div>\n<div readability=\"87\">\n<p>Le m\u00e9canisme de la Tro\u00efka n\u2019est pas un m\u00e9canisme de gestion ou de proposition de la question du Sahara marocain, mais un m\u00e9canisme d\u2019accompagnement et de soutien aux efforts exclusifs des Nations Unies, a soulign\u00e9, dimanche \u00e0 Rabat, le ministre marocain des Affaires \u00e9trang\u00e8res, Nasser Bourita.Dans une conf\u00e9rence de presse tenue \u00e0 Rabat \u00e0 l\u2019occasion de la 34\u00e8me session ordinaire du Sommet de l\u2019Union africaine (UA), le ministre a fait savoir que des tentatives d\u2019impliquer l\u2019organisation panafricaine dans la gestion de la question du Sahara ont eu lieu \u00e0 travers une tentative de tenue forc\u00e9e du m\u00e9canisme de la Tro\u00efka.<\/p>\n<p>Le Maroc a estim\u00e9 que la tenue de ce m\u00e9canisme sous la pr\u00e9c\u00e9dente pr\u00e9sidence sud-africaine n\u2019\u00e9tait pas appropri\u00e9e en raison de sa position partiale et non objective, a-t-il expliqu\u00e9.<\/p>\n<p>En d\u00e9pit du fait que la pr\u00e9sidence sud-africaine ait convoqu\u00e9 la Tro\u00efka pour vendredi dernier, ce m\u00e9canisme ne s\u2019est pas r\u00e9uni car d\u2019autres membres ont estim\u00e9 que la tenue du m\u00e9canisme sous cette pr\u00e9sidence allait \u00eatre contre-productive, a signal\u00e9 le ministre marocain.<\/p>\n<p>Sous une pr\u00e9sidence objective et qui n\u2019a pas de parti pris, la Tro\u00efka doit soutenir et accompagner les efforts exclusifs des Nations unies dans le strict respect de ses pr\u00e9rogatives d\u00e9finies par la r\u00e9solution 693, a-t-il soutenu.<\/p>\n<p>Les prochaines Tro\u00efka seront plus \u00e9quilibr\u00e9es puisqu\u2019elles seront compos\u00e9es d\u00e8s aujourd\u2019hui de la R\u00e9publique D\u00e9mocratique du Congo (RDC), du S\u00e9n\u00e9gal et de l\u2019Afrique du Sud pour un an, alors qu\u2019\u00e0 partir de 2022 elle sera compos\u00e9e de la RDC, du S\u00e9n\u00e9gal et des \u00celes Comores, a expliqu\u00e9 M. Bourita, notant que \u00ab tout ce qui a \u00e9t\u00e9 imagin\u00e9 sous une pr\u00e9sidence sud-africaine devra \u00eatre \u00e9valu\u00e9 \u00e0 l\u2019aune des r\u00e9sultats concrets \u00bb.<\/p>\n<p>D\u2019autant que l\u2019Afrique comprend l\u2019instrumentalisation qui a \u00e9t\u00e9 faite de ses structures et m\u00e9canismes pour que l\u2019UA serve l\u2019agenda de certaines diplomaties et non l\u2019agenda du continent, a insist\u00e9 M. Bourita, notant que depuis que le poste du Commissaire \u00e0 la paix et \u00e0 la s\u00e9curit\u00e9 revient \u00e0 un seul pays (2004), l\u2019UA a \u00e9t\u00e9 instrumentalis\u00e9e dans un seul sens. D\u00e9sormais, c\u2019est la premi\u00e8re fois que cette logique est bris\u00e9e que ce poste ne sera pas utilis\u00e9 comme une annexe \u00e0 une diplomatie pour servir l\u2019agenda d\u2019un pays.<\/p>\n<p>\u00a0\u00ab Tous ceux qui veulent impliquer l\u2019UA dans ce dossier vont syst\u00e9matiquement trouver la diplomatie marocaine mobilis\u00e9e pour que l\u2019UA ne soit pas impliqu\u00e9e dans ce dossier qui rel\u00e8ve des Nations unies \u00bb, a-t-il tenu \u00e0 pr\u00e9ciser.<\/p>\n<p>Toutes les man\u0153uvres des derni\u00e8res semaines visaient \u00e0 d\u00e9former un message de l\u2019Afrique pour pr\u00e9tendre que le continent n\u2019est pas satisfait de la position prise par l\u2019administration am\u00e9ricaine. Or la r\u00e9action du Sommet est un message clair : Le dossier conna\u00eet des \u00e9volutions profondes qui vont dans le sens du soutien au plan d\u2019autonomie marocain et dans le sens de la souverainet\u00e9 du Maroc sur le Sahara, a-t-il affirm\u00e9.<\/p>\n<\/div>\n<p>Auteur: APA News<br \/>\n<a href=\"https:\/\/www.journalducameroun.com\/sahara-la-troika-est-un-mecanisme-daccompagnement-et-de-soutien-aux-efforts-exclusifs-de-lonu-ministre-ae\/\">Cliquez ici pour lire l&rsquo;article depuis sa source.<\/a><\/p>\n","protected":false},"excerpt":{"rendered":"<p>Publi\u00e9 le 07.02.2021 \u00e0 20h18 par APA News Le m\u00e9canisme de la Tro\u00efka n\u2019est pas un m\u00e9canisme de gestion ou de proposition de la question du Sahara marocain, mais un m\u00e9canisme d\u2019accompagnement et de soutien aux efforts exclusifs des Nations Unies, a soulign\u00e9, dimanche \u00e0 Rabat, le ministre marocain des Affaires \u00e9trang\u00e8res, Nasser Bourita.Dans une [&hellip;]<\/p>\n","protected":false},"author":1965,"featured_media":0,"comment_status":"closed","ping_status":"closed","sticky":false,"template":"","format":"standard","meta":{"fifu_image_url":"","fifu_image_alt":"","footnotes":""},"categories":[73,82],"tags":[],"class_list":["post-110794","post","type-post","status-publish","format-standard","hentry","category-actualite","category-cameroun"],"_links":{"self":[{"href":"https:\/\/linitiative.ca\/International\/wp-json\/wp\/v2\/posts\/110794","targetHints":{"allow":["GET"]}}],"collection":[{"href":"https:\/\/linitiative.ca\/International\/wp-json\/wp\/v2\/posts"}],"about":[{"href":"https:\/\/linitiative.ca\/International\/wp-json\/wp\/v2\/types\/post"}],"author":[{"embeddable":true,"href":"https:\/\/linitiative.ca\/International\/wp-json\/wp\/v2\/users\/1965"}],"replies":[{"embeddable":true,"href":"https:\/\/linitiative.ca\/International\/wp-json\/wp\/v2\/comments?post=110794"}],"version-history":[{"count":0,"href":"https:\/\/linitiative.ca\/International\/wp-json\/wp\/v2\/posts\/110794\/revisions"}],"wp:attachment":[{"href":"https:\/\/linitiative.ca\/International\/wp-json\/wp\/v2\/media?parent=110794"}],"wp:term":[{"taxonomy":"category","embeddable":true,"href":"https:\/\/linitiative.ca\/International\/wp-json\/wp\/v2\/categories?post=110794"},{"taxonomy":"post_tag","embeddable":true,"href":"https:\/\/linitiative.ca\/International\/wp-json\/wp\/v2\/tags?post=110794"}],"curies":[{"name":"wp","href":"https:\/\/api.w.org\/{rel}","templated":true}]}}