{"id":110796,"date":"2021-02-07T17:30:11","date_gmt":"2021-02-07T22:30:11","guid":{"rendered":"https:\/\/linitiative.ca\/International\/chan-2020-le-marocain-soufiane-brahimi-meilleur-joueur-et-buteur-du-tournoi\/"},"modified":"2021-02-07T17:30:11","modified_gmt":"2021-02-07T22:30:11","slug":"chan-2020-le-marocain-soufiane-brahimi-meilleur-joueur-et-buteur-du-tournoi","status":"publish","type":"post","link":"https:\/\/linitiative.ca\/International\/chan-2020-le-marocain-soufiane-brahimi-meilleur-joueur-et-buteur-du-tournoi\/","title":{"rendered":"Chan 2020 : le Marocain Soufiane Brahimi meilleur joueur et buteur du tournoi"},"content":{"rendered":"<div readability=\"32\">\n<p>Publi\u00e9 le 07.02.2021 \u00e0 23h30 par Journal du Cameroun<\/p>\n<\/div>\n<div readability=\"42\">\n<h2>L\u2019attaquant marocain s\u2019en tire avec deux troph\u00e9es en plus de son sacre de vainqueur du Chan 2020.<\/h2>\n<p>Soufiane Brahimi est le plus heureux \u00e0 l\u2019issue du Championnat d\u2019Afrique des nations. Il est \u00e9lu meilleur joueur\u00a0 et soulier d\u2019or avec ses cinq r\u00e9alisations.<\/p>\n<p>Le Mali re\u00e7oit le troph\u00e9e du Fair-play. Le meilleur gardien du tournoi est Anas Zniti, le portier marocain.<\/p>\n<p>La Guin\u00e9e termine troisi\u00e8me du tournoi, et le Cameroun pays organisateur est quatri\u00e8me.<\/p>\n<p>La prochaine \u00e9dition du Chan aura lieu en Alg\u00e9rie en 2022.<\/p>\n<\/div>\n<p>Auteur: Christian DJIMADEU<br \/>\n<a href=\"https:\/\/www.journalducameroun.com\/chan-2020-le-marocain-soufiane-brahimi-meilleur-joueur-et-buteur-du-tournoi\/\">Cliquez ici pour lire l&rsquo;article depuis sa source.<\/a><\/p>\n","protected":false},"excerpt":{"rendered":"<p>Publi\u00e9 le 07.02.2021 \u00e0 23h30 par Journal du Cameroun L\u2019attaquant marocain s\u2019en tire avec deux troph\u00e9es en plus de son sacre de vainqueur du Chan 2020. Soufiane Brahimi est le plus heureux \u00e0 l\u2019issue du Championnat d\u2019Afrique des nations. Il est \u00e9lu meilleur joueur\u00a0 et soulier d\u2019or avec ses cinq r\u00e9alisations. Le Mali re\u00e7oit le [&hellip;]<\/p>\n","protected":false},"author":1965,"featured_media":0,"comment_status":"closed","ping_status":"closed","sticky":false,"template":"","format":"standard","meta":{"fifu_image_url":"","fifu_image_alt":"","footnotes":""},"categories":[73,82],"tags":[],"class_list":["post-110796","post","type-post","status-publish","format-standard","hentry","category-actualite","category-cameroun"],"_links":{"self":[{"href":"https:\/\/linitiative.ca\/International\/wp-json\/wp\/v2\/posts\/110796","targetHints":{"allow":["GET"]}}],"collection":[{"href":"https:\/\/linitiative.ca\/International\/wp-json\/wp\/v2\/posts"}],"about":[{"href":"https:\/\/linitiative.ca\/International\/wp-json\/wp\/v2\/types\/post"}],"author":[{"embeddable":true,"href":"https:\/\/linitiative.ca\/International\/wp-json\/wp\/v2\/users\/1965"}],"replies":[{"embeddable":true,"href":"https:\/\/linitiative.ca\/International\/wp-json\/wp\/v2\/comments?post=110796"}],"version-history":[{"count":0,"href":"https:\/\/linitiative.ca\/International\/wp-json\/wp\/v2\/posts\/110796\/revisions"}],"wp:attachment":[{"href":"https:\/\/linitiative.ca\/International\/wp-json\/wp\/v2\/media?parent=110796"}],"wp:term":[{"taxonomy":"category","embeddable":true,"href":"https:\/\/linitiative.ca\/International\/wp-json\/wp\/v2\/categories?post=110796"},{"taxonomy":"post_tag","embeddable":true,"href":"https:\/\/linitiative.ca\/International\/wp-json\/wp\/v2\/tags?post=110796"}],"curies":[{"name":"wp","href":"https:\/\/api.w.org\/{rel}","templated":true}]}}