{"id":110801,"date":"2021-02-07T13:00:20","date_gmt":"2021-02-07T18:00:20","guid":{"rendered":"https:\/\/linitiative.ca\/International\/chan-2020-172-cas-testes-positifs-au-coronavirus-au-terme-du-premier-tour\/"},"modified":"2021-02-07T13:00:20","modified_gmt":"2021-02-07T18:00:20","slug":"chan-2020-172-cas-testes-positifs-au-coronavirus-au-terme-du-premier-tour","status":"publish","type":"post","link":"https:\/\/linitiative.ca\/International\/chan-2020-172-cas-testes-positifs-au-coronavirus-au-terme-du-premier-tour\/","title":{"rendered":"CHAN 2020 : 172 cas test\u00e9s positifs au Coronavirus au terme du premier tour"},"content":{"rendered":"<p>Le 6<sup>e<\/sup>\u00a0Championnat d\u2019Afrique des Nations (CHAN) de football 2020 qui s\u2019est achev\u00e9 ce dimanche 7 f\u00e9vrier 2021 \u00e0 Yaound\u00e9, s\u2019est d\u00e9roul\u00e9 dans un contexte marqu\u00e9 par la pand\u00e9mie de Coronavirus. Et comme il fallait l\u2019envisager, le CHAN 2020 n\u2019a pas \u00e9t\u00e9 \u00e9pargn\u00e9 par la pr\u00e9valence de la maladie.<\/p>\n<p>D\u2019apr\u00e8s la Newsletter du comit\u00e9 local d\u2019organisation dans sa quatri\u00e8me parution ce dimanche 7 f\u00e9vrier 2021, 172 personnes ont \u00e9t\u00e9 provisoirement test\u00e9es positives au virus au terme du premier tour. Elles se recrutent parmi les joueurs, les encadreurs, les officiels de la Conf\u00e9d\u00e9ration Africaine de Football (CAF),\u00a0les arbitres, les journalistes, ou encore les volontaires. Parmi ces personnes, 116 ont trouv\u00e9 la gu\u00e9rison.<\/p>\n<p>Au cours du premier tour, la RD Congo a enregistr\u00e9 le plus grand nombre de contamin\u00e9s avec 9 joueurs et un encadreur, en l\u2019occurrence son entraineur Florent Ibenge. Le Cameroun avait enregistr\u00e9 deux cas positifs parmi les joueurs \u00e0 cette p\u00e9riode l\u00e0.<\/p>\n<p>\u00ab\u00a0D\u2019une mani\u00e8re g\u00e9n\u00e9rale, 4% seulement des cas sont positifs parmi les intervenants du CHAN test\u00e9s, ce qui est plus de deux fois moins que le pourcentage dans le reste de la population test\u00e9e pendant la m\u00eame p\u00e9riode\u00a0\u00bb, renseigne le COCAN, qui se veut par ailleurs moins alarmiste.<\/p>\n<p><strong>Yannick KENNE<\/strong><\/p>\n<p>Auteur: EcoMatin<br \/>\n<a href=\"https:\/\/ecomatin.net\/chan-2020-172-cas-testes-positifs-au-coronavirus-au-terme-du-premier-tour\/\">Cliquez ici pour lire l&rsquo;article depuis sa source.<\/a><\/p>\n","protected":false},"excerpt":{"rendered":"<p>Le 6e\u00a0Championnat d\u2019Afrique des Nations (CHAN) de football 2020 qui s\u2019est achev\u00e9 ce dimanche 7 f\u00e9vrier 2021 \u00e0 Yaound\u00e9, s\u2019est d\u00e9roul\u00e9 dans un contexte marqu\u00e9 par la pand\u00e9mie de Coronavirus. Et comme il fallait l\u2019envisager, le CHAN 2020 n\u2019a pas \u00e9t\u00e9 \u00e9pargn\u00e9 par la pr\u00e9valence de la maladie. D\u2019apr\u00e8s la Newsletter du comit\u00e9 local d\u2019organisation [&hellip;]<\/p>\n","protected":false},"author":1969,"featured_media":0,"comment_status":"closed","ping_status":"closed","sticky":false,"template":"","format":"standard","meta":{"fifu_image_url":"","fifu_image_alt":"","footnotes":""},"categories":[82,78],"tags":[],"class_list":["post-110801","post","type-post","status-publish","format-standard","hentry","category-cameroun","category-economie"],"_links":{"self":[{"href":"https:\/\/linitiative.ca\/International\/wp-json\/wp\/v2\/posts\/110801","targetHints":{"allow":["GET"]}}],"collection":[{"href":"https:\/\/linitiative.ca\/International\/wp-json\/wp\/v2\/posts"}],"about":[{"href":"https:\/\/linitiative.ca\/International\/wp-json\/wp\/v2\/types\/post"}],"author":[{"embeddable":true,"href":"https:\/\/linitiative.ca\/International\/wp-json\/wp\/v2\/users\/1969"}],"replies":[{"embeddable":true,"href":"https:\/\/linitiative.ca\/International\/wp-json\/wp\/v2\/comments?post=110801"}],"version-history":[{"count":0,"href":"https:\/\/linitiative.ca\/International\/wp-json\/wp\/v2\/posts\/110801\/revisions"}],"wp:attachment":[{"href":"https:\/\/linitiative.ca\/International\/wp-json\/wp\/v2\/media?parent=110801"}],"wp:term":[{"taxonomy":"category","embeddable":true,"href":"https:\/\/linitiative.ca\/International\/wp-json\/wp\/v2\/categories?post=110801"},{"taxonomy":"post_tag","embeddable":true,"href":"https:\/\/linitiative.ca\/International\/wp-json\/wp\/v2\/tags?post=110801"}],"curies":[{"name":"wp","href":"https:\/\/api.w.org\/{rel}","templated":true}]}}