{"id":110805,"date":"2021-02-08T10:00:43","date_gmt":"2021-02-08T15:00:43","guid":{"rendered":"https:\/\/linitiative.ca\/International\/fruit-des-synergies-entre-la-radio-et-la-television-medi1-news-un-nouveau-media-digital-voit-le-jour\/"},"modified":"2021-02-08T10:00:43","modified_gmt":"2021-02-08T15:00:43","slug":"fruit-des-synergies-entre-la-radio-et-la-television-medi1-news-un-nouveau-media-digital-voit-le-jour","status":"publish","type":"post","link":"https:\/\/linitiative.ca\/International\/fruit-des-synergies-entre-la-radio-et-la-television-medi1-news-un-nouveau-media-digital-voit-le-jour\/","title":{"rendered":"Fruit des synergies entre la radio et la t\u00e9l\u00e9vision : Medi1 News, un nouveau m\u00e9dia digital voit le jour"},"content":{"rendered":"<header>\n<\/header>\n<div class=\"entry-content clearfix\" readability=\"52\"><img decoding=\"async\" class=\"post_layout_5_img\" src=\"http:\/\/aujourdhui.ma\/wp-content\/uploads\/2021\/02\/Medi1News.jpg\" alt=\"Fruit des synergies entre la radio et la t&#xE9;l&#xE9;vision : Medi1 News, un nouveau m&#xE9;dia digital voit le jour\"\/><\/p>\n<p><span class=\"c5\"><strong>La radio M\u00e9diterran\u00e9e internationale et Medi1TV lancent un nouveau m\u00e9dia digital d\u2019information.<\/strong><\/span><span id=\"more-367740\"\/><\/p>\n<p>Il s\u2019agit d\u2019une plateforme num\u00e9rique bilingue de traitement d\u2019actualit\u00e9 locale, r\u00e9gionale, continentale et internationale, se d\u00e9clinant sur le Web (medi1news.com) et application mobile (medi1news). Baptis\u00e9e \u00abMedi1 News\u00bb, cette plateforme offre une exp\u00e9rience singuli\u00e8re de d\u00e9cryptage de l\u2019information, \u00e0 partir des contenus audiovisuels produits par lesdites r\u00e9dactions et de leurs d\u00e9clinaisons num\u00e9riques.<\/p>\n<p>Son contenu riche et diversifi\u00e9 valorise l\u2019innovation, l\u2019analyse et le d\u00e9cryptage, et ce pour mieux comprendre l\u2019actualit\u00e9. Medi1News propose les contenus audio et vid\u00e9o (radio, TV, Web et podcast) de Medi 1, conjugu\u00e9s \u00e0 une gamme de produits num\u00e9riques natifs.<\/p>\n<\/div>\n<p>Auteur: ALM<br \/>\n<a href=\"https:\/\/aujourdhui.ma\/actualite\/fruit-des-synergies-entre-la-radio-et-la-television-medi1-news-un-nouveau-media-digital-voit-le-jour\">Cliquez ici pour lire l&rsquo;article depuis sa source.<\/a><\/p>\n","protected":false},"excerpt":{"rendered":"<p>La radio M\u00e9diterran\u00e9e internationale et Medi1TV lancent un nouveau m\u00e9dia digital d\u2019information. Il s\u2019agit d\u2019une plateforme num\u00e9rique bilingue de traitement d\u2019actualit\u00e9 locale, r\u00e9gionale, continentale et internationale, se d\u00e9clinant sur le Web (medi1news.com) et application mobile (medi1news). Baptis\u00e9e \u00abMedi1 News\u00bb, cette plateforme offre une exp\u00e9rience singuli\u00e8re de d\u00e9cryptage de l\u2019information, \u00e0 partir des contenus audiovisuels produits [&hellip;]<\/p>\n","protected":false},"author":1759,"featured_media":0,"comment_status":"closed","ping_status":"closed","sticky":false,"template":"","format":"standard","meta":{"fifu_image_url":"http:\/\/aujourdhui.ma\/wp-content\/uploads\/2021\/02\/Medi1News.jpg","fifu_image_alt":"Fruit des synergies entre la radio et la t\u00e9l\u00e9vision : Medi1 News, un nouveau m\u00e9dia digital voit le jour","footnotes":""},"categories":[73,54],"tags":[],"class_list":["post-110805","post","type-post","status-publish","format-standard","hentry","category-actualite","category-maroc"],"_links":{"self":[{"href":"https:\/\/linitiative.ca\/International\/wp-json\/wp\/v2\/posts\/110805","targetHints":{"allow":["GET"]}}],"collection":[{"href":"https:\/\/linitiative.ca\/International\/wp-json\/wp\/v2\/posts"}],"about":[{"href":"https:\/\/linitiative.ca\/International\/wp-json\/wp\/v2\/types\/post"}],"author":[{"embeddable":true,"href":"https:\/\/linitiative.ca\/International\/wp-json\/wp\/v2\/users\/1759"}],"replies":[{"embeddable":true,"href":"https:\/\/linitiative.ca\/International\/wp-json\/wp\/v2\/comments?post=110805"}],"version-history":[{"count":0,"href":"https:\/\/linitiative.ca\/International\/wp-json\/wp\/v2\/posts\/110805\/revisions"}],"wp:attachment":[{"href":"https:\/\/linitiative.ca\/International\/wp-json\/wp\/v2\/media?parent=110805"}],"wp:term":[{"taxonomy":"category","embeddable":true,"href":"https:\/\/linitiative.ca\/International\/wp-json\/wp\/v2\/categories?post=110805"},{"taxonomy":"post_tag","embeddable":true,"href":"https:\/\/linitiative.ca\/International\/wp-json\/wp\/v2\/tags?post=110805"}],"curies":[{"name":"wp","href":"https:\/\/api.w.org\/{rel}","templated":true}]}}