{"id":110807,"date":"2021-02-08T11:00:49","date_gmt":"2021-02-08T16:00:49","guid":{"rendered":"https:\/\/linitiative.ca\/International\/soutenu-par-le-ministere-de-la-culture-laaziz-alia-nouvel-album-de-mohamed-el-ghaoui\/"},"modified":"2021-02-08T11:00:49","modified_gmt":"2021-02-08T16:00:49","slug":"soutenu-par-le-ministere-de-la-culture-laaziz-alia-nouvel-album-de-mohamed-el-ghaoui","status":"publish","type":"post","link":"https:\/\/linitiative.ca\/International\/soutenu-par-le-ministere-de-la-culture-laaziz-alia-nouvel-album-de-mohamed-el-ghaoui\/","title":{"rendered":"Soutenu par le minist\u00e8re de la culture : \u00abLa\u00e2ziz Alia\u00bb, nouvel album  de Mohamed El Ghaoui"},"content":{"rendered":"<p><img decoding=\"async\" class=\"post_layout_5_img\" src=\"http:\/\/aujourdhui.ma\/wp-content\/uploads\/2021\/02\/Soutenu-par-le-ministere-de-la-culture-Laaziz-Alia-nouvel-album-de-Mohamed-El-Ghaoui.jpg\" alt=\"Soutenu par le minist&#xE8;re de la culture : &#xAB;La&#xE2;ziz Alia&#xBB;, nouvel album de Mohamed El Ghaoui\"\/><\/p>\n<p><span class=\"c5\"><strong>La star marocaine Mohamed El Ghaoui fait un retour en force.<\/strong><\/span><span id=\"more-367720\"\/><\/p>\n<p>Le grand artiste vient de lancer deux nouveaux singles intitul\u00e9s respectivement \u00abLa\u00e2ziz Alia\u00bb (Mon cher) et \u00abSa\u00e2t Ouns\u00bb (Une heure de compagnie). Des \u0153uvres qui feront partie d\u2019un nouvel album que le chanteur lancera, selon une bande annonce soumise par ses soins, \u00abbient\u00f4t\u00bb avec le soutien du minist\u00e8re de la culture, de la jeunesse et des sports.<br \/>En d\u00e9tail, les paroles de cet opus, intitul\u00e9 \u00e9galement \u00abLa\u00e2ziz Alia\u00bb, sont con\u00e7ues par Mohamed Erriahi pour une composition de Mohamed Belkhayat et un arrangement de Reda El Idrissi. D\u00e9j\u00e0, le chanteur a lanc\u00e9 les deux premiers morceaux pr\u00e9cit\u00e9s en vid\u00e9oclip dont la r\u00e9alisation est faite par Hatem Ennekraz. Le tournage ayant eu lieu \u00e0 Mdiq et T\u00e9touan.<br \/>Et ce n\u2019est pas tout. Outre ces tubes, l\u2019album compile, entre autres, les singles \u00abHedra w hdith\u00bb (Paroles et discussion) et \u00abChi nhar\u00bb (Un de ces jours).<\/p>\n<p>En plus de ces nouveaut\u00e9s, Mohamed El Ghaoui, qui compte \u00e0 son actif une longue carri\u00e8re musicale de 40 ans qu\u2019il qualifie de \u00absucc\u00e8s\u00bb, s\u2019est r\u00e9cemment rendu, aux c\u00f4t\u00e9s d\u2019autres artistes, au passage de Guergarate o\u00f9 il a interpr\u00e9t\u00e9 \u00abAssahra maghribia\u00bb (Le Sahara est marocain) \u00e0 l\u2019issue de l\u2019actualit\u00e9 qui l\u2019a marqu\u00e9.<br \/>Au-del\u00e0 de ces r\u00e9cents lancements, le chanteur, n\u00e9 \u00e0 Sal\u00e9 en 1956, est l\u2019un des leaders de la chanson contemporaine au Maroc. Il a interpr\u00e9t\u00e9 environ 80 morceaux patriotiques et sentimentaux. C\u2019est le fr\u00e8re a\u00een\u00e9 de la fratrie El Ghaoui, une famille d\u2019artistes. D\u00e8s l\u2019\u00e2ge de sept ans, il s\u2019est d\u00e9couvert une passion pour la musique. Par la suite, il a int\u00e9gr\u00e9 l\u2019\u00e9mission \u00abMawahib\u00bb (Talents) sous la supervision d\u2019Abdennebi El Jirari. Et c\u2019est l\u00e0 o\u00f9 Mohamed El Ghaoui a rencontr\u00e9 les stars de la chanson marocaine. En 1979, il a pris part \u00e0 la comp\u00e9tition \u00abAdwae El Madina\u00bb (Lumi\u00e8res de la ville) organis\u00e9e par la radiodiffusion nationale. Il y a remport\u00e9 le prix de la meilleure voix masculine.<\/p>\n<p>Ainsi, la radiodiffusion a enregistr\u00e9 pour son compte un single intitul\u00e9 \u00abEl Ghorba wel\u00e2chek elkadi\u00bb (L\u2019isolement et la forte passion). D\u00e8s lors, il s\u2019est bien lanc\u00e9 dans la sc\u00e8ne artistique. A c\u00f4t\u00e9 de ce titre \u00e0 succ\u00e8s, il en a d\u2019autres. C\u2019est le cas de \u00abNherthou leblad\u00bb (Labourons la terre), \u00e9galement g\u00e9n\u00e9rique d\u2019un feuilleton marocain diffus\u00e9 dans les ann\u00e9es 90. Il a aussi lanc\u00e9 \u00abIchi ya Bladi Ichi\u00bb (Que vive mon pays) et \u00abMankoul la\u00bb (Je ne dis pas non) en 2019. Des \u0153uvres qui font que l\u2019artiste soit appr\u00e9ci\u00e9 du public.<\/p>\n<p><a href=\"https:http:\/\/aujourdhui.ma\/wp-content\/uploads\/2021\/02\/5A176D10-29D3-4043-A8A2-8B327E187213-870x490-1-scaled.jpg\"><img decoding=\"async\" loading=\"lazy\" class=\"alignnone size-full wp-image-367724\" src=\"http:\/\/aujourdhui.ma\/wp-content\/uploads\/2021\/02\/5A176D10-29D3-4043-A8A2-8B327E187213-870x490-1-scaled.jpg\" alt=\"\" width=\"2560\" height=\"1442\" srcset=\"http:\/\/aujourdhui.ma\/wp-content\/uploads\/2021\/02\/5A176D10-29D3-4043-A8A2-8B327E187213-870x490-1-scaled.jpg 2560w, \/\/aujourdhui.ma\/wp-content\/uploads\/2021\/02\/5A176D10-29D3-4043-A8A2-8B327E187213-870x490-1-300x169.jpg 300w, \/\/aujourdhui.ma\/wp-content\/uploads\/2021\/02\/5A176D10-29D3-4043-A8A2-8B327E187213-870x490-1-1024x577.jpg 1024w, \/\/aujourdhui.ma\/wp-content\/uploads\/2021\/02\/5A176D10-29D3-4043-A8A2-8B327E187213-870x490-1-768x433.jpg 768w, \/\/aujourdhui.ma\/wp-content\/uploads\/2021\/02\/5A176D10-29D3-4043-A8A2-8B327E187213-870x490-1-1536x865.jpg 1536w, \/\/aujourdhui.ma\/wp-content\/uploads\/2021\/02\/5A176D10-29D3-4043-A8A2-8B327E187213-870x490-1-2048x1154.jpg 2048w\" sizes=\"auto, (max-width: 2560px) 100vw, 2560px\"\/><\/a> <a href=\"https:http:\/\/aujourdhui.ma\/wp-content\/uploads\/2021\/02\/738069_332663883513820_936283658_o-scaled.jpg\"><img decoding=\"async\" loading=\"lazy\" class=\"alignnone size-full wp-image-367725\" src=\"http:\/\/aujourdhui.ma\/wp-content\/uploads\/2021\/02\/738069_332663883513820_936283658_o-scaled.jpg\" alt=\"\" width=\"2560\" height=\"1851\" srcset=\"http:\/\/aujourdhui.ma\/wp-content\/uploads\/2021\/02\/738069_332663883513820_936283658_o-scaled.jpg 2560w, \/\/aujourdhui.ma\/wp-content\/uploads\/2021\/02\/738069_332663883513820_936283658_o-300x217.jpg 300w, \/\/aujourdhui.ma\/wp-content\/uploads\/2021\/02\/738069_332663883513820_936283658_o-1024x740.jpg 1024w, \/\/aujourdhui.ma\/wp-content\/uploads\/2021\/02\/738069_332663883513820_936283658_o-768x555.jpg 768w, \/\/aujourdhui.ma\/wp-content\/uploads\/2021\/02\/738069_332663883513820_936283658_o-1536x1111.jpg 1536w, \/\/aujourdhui.ma\/wp-content\/uploads\/2021\/02\/738069_332663883513820_936283658_o-2048x1481.jpg 2048w\" sizes=\"auto, (max-width: 2560px) 100vw, 2560px\"\/><\/a> <a href=\"https:http:\/\/aujourdhui.ma\/wp-content\/uploads\/2021\/02\/740518_332664140180461_942024105_o-scaled.jpg\"><img decoding=\"async\" loading=\"lazy\" class=\"alignnone size-full wp-image-367726\" src=\"http:\/\/aujourdhui.ma\/wp-content\/uploads\/2021\/02\/740518_332664140180461_942024105_o-scaled.jpg\" alt=\"\" width=\"2560\" height=\"1788\" srcset=\"http:\/\/aujourdhui.ma\/wp-content\/uploads\/2021\/02\/740518_332664140180461_942024105_o-scaled.jpg 2560w, \/\/aujourdhui.ma\/wp-content\/uploads\/2021\/02\/740518_332664140180461_942024105_o-300x210.jpg 300w, \/\/aujourdhui.ma\/wp-content\/uploads\/2021\/02\/740518_332664140180461_942024105_o-1024x715.jpg 1024w, \/\/aujourdhui.ma\/wp-content\/uploads\/2021\/02\/740518_332664140180461_942024105_o-768x536.jpg 768w, \/\/aujourdhui.ma\/wp-content\/uploads\/2021\/02\/740518_332664140180461_942024105_o-1536x1073.jpg 1536w, \/\/aujourdhui.ma\/wp-content\/uploads\/2021\/02\/740518_332664140180461_942024105_o-2048x1430.jpg 2048w\" sizes=\"auto, (max-width: 2560px) 100vw, 2560px\"\/><\/a> <a href=\"https:http:\/\/aujourdhui.ma\/wp-content\/uploads\/2021\/02\/143713241_3722098287903679_2171039565501452455_n-scaled.jpg\"><img decoding=\"async\" loading=\"lazy\" class=\"alignnone size-full wp-image-367727\" src=\"http:\/\/aujourdhui.ma\/wp-content\/uploads\/2021\/02\/143713241_3722098287903679_2171039565501452455_n-scaled.jpg\" alt=\"\" width=\"2551\" height=\"2560\" srcset=\"http:\/\/aujourdhui.ma\/wp-content\/uploads\/2021\/02\/143713241_3722098287903679_2171039565501452455_n-scaled.jpg 2551w, \/\/aujourdhui.ma\/wp-content\/uploads\/2021\/02\/143713241_3722098287903679_2171039565501452455_n-300x300.jpg 300w, \/\/aujourdhui.ma\/wp-content\/uploads\/2021\/02\/143713241_3722098287903679_2171039565501452455_n-1020x1024.jpg 1020w, \/\/aujourdhui.ma\/wp-content\/uploads\/2021\/02\/143713241_3722098287903679_2171039565501452455_n-150x150.jpg 150w, \/\/aujourdhui.ma\/wp-content\/uploads\/2021\/02\/143713241_3722098287903679_2171039565501452455_n-768x771.jpg 768w, \/\/aujourdhui.ma\/wp-content\/uploads\/2021\/02\/143713241_3722098287903679_2171039565501452455_n-1531x1536.jpg 1531w, \/\/aujourdhui.ma\/wp-content\/uploads\/2021\/02\/143713241_3722098287903679_2171039565501452455_n-2041x2048.jpg 2041w, \/\/aujourdhui.ma\/wp-content\/uploads\/2021\/02\/143713241_3722098287903679_2171039565501452455_n-36x36.jpg 36w\" sizes=\"auto, (max-width: 2551px) 100vw, 2551px\"\/><\/a><\/p>\n<p>Auteur: Salima Guisser<br \/>\n<a href=\"https:\/\/aujourdhui.ma\/culture\/soutenu-par-le-ministere-de-la-culture-laaziz-alia-nouvel-album-de-mohamed-el-ghaoui\">Cliquez ici pour lire l&rsquo;article depuis sa source.<\/a><\/p>\n","protected":false},"excerpt":{"rendered":"<p>La star marocaine Mohamed El Ghaoui fait un retour en force. Le grand artiste vient de lancer deux nouveaux singles intitul\u00e9s respectivement \u00abLa\u00e2ziz Alia\u00bb (Mon cher) et \u00abSa\u00e2t Ouns\u00bb (Une heure de compagnie). Des \u0153uvres qui feront partie d\u2019un nouvel album que le chanteur lancera, selon une bande annonce soumise par ses soins, \u00abbient\u00f4t\u00bb avec [&hellip;]<\/p>\n","protected":false},"author":1759,"featured_media":0,"comment_status":"closed","ping_status":"closed","sticky":false,"template":"","format":"standard","meta":{"fifu_image_url":"http:\/\/aujourdhui.ma\/wp-content\/uploads\/2021\/02\/Soutenu-par-le-ministere-de-la-culture-Laaziz-Alia-nouvel-album-de-Mohamed-El-Ghaoui.jpg","fifu_image_alt":"Soutenu par le minist\u00e8re de la culture : \u00abLa\u00e2ziz Alia\u00bb, nouvel album  de Mohamed El Ghaoui","footnotes":""},"categories":[73,54],"tags":[],"class_list":["post-110807","post","type-post","status-publish","format-standard","hentry","category-actualite","category-maroc"],"_links":{"self":[{"href":"https:\/\/linitiative.ca\/International\/wp-json\/wp\/v2\/posts\/110807","targetHints":{"allow":["GET"]}}],"collection":[{"href":"https:\/\/linitiative.ca\/International\/wp-json\/wp\/v2\/posts"}],"about":[{"href":"https:\/\/linitiative.ca\/International\/wp-json\/wp\/v2\/types\/post"}],"author":[{"embeddable":true,"href":"https:\/\/linitiative.ca\/International\/wp-json\/wp\/v2\/users\/1759"}],"replies":[{"embeddable":true,"href":"https:\/\/linitiative.ca\/International\/wp-json\/wp\/v2\/comments?post=110807"}],"version-history":[{"count":0,"href":"https:\/\/linitiative.ca\/International\/wp-json\/wp\/v2\/posts\/110807\/revisions"}],"wp:attachment":[{"href":"https:\/\/linitiative.ca\/International\/wp-json\/wp\/v2\/media?parent=110807"}],"wp:term":[{"taxonomy":"category","embeddable":true,"href":"https:\/\/linitiative.ca\/International\/wp-json\/wp\/v2\/categories?post=110807"},{"taxonomy":"post_tag","embeddable":true,"href":"https:\/\/linitiative.ca\/International\/wp-json\/wp\/v2\/tags?post=110807"}],"curies":[{"name":"wp","href":"https:\/\/api.w.org\/{rel}","templated":true}]}}