{"id":110808,"date":"2021-02-08T09:53:32","date_gmt":"2021-02-08T14:53:32","guid":{"rendered":"https:\/\/linitiative.ca\/International\/sm-le-roi-felicite-les-lions-pour-leur-sacre\/"},"modified":"2021-02-08T09:53:32","modified_gmt":"2021-02-08T14:53:32","slug":"sm-le-roi-felicite-les-lions-pour-leur-sacre","status":"publish","type":"post","link":"https:\/\/linitiative.ca\/International\/sm-le-roi-felicite-les-lions-pour-leur-sacre\/","title":{"rendered":"SM le Roi f\u00e9licite les Lions pour leur sacre"},"content":{"rendered":"<p><strong>Suite au sacre de l\u2019\u00e9quipe nationale au Championnat d\u2019Afrique des Nations des joueurs locaux (CHAN-2021), Sa Majest\u00e9 le Roi Mohammed VI a f\u00e9licit\u00e9 au t\u00e9l\u00e9phone l\u2019entraineur Houcine Ammouta pour la belle prestation du onze national.<\/strong><\/p>\n<p>Dans cet entretien t\u00e9l\u00e9phonique, le Souverain a charg\u00e9 M. Ammouta de transmettre ses chaleureuses f\u00e9licitations \u00e0 l\u2019ensemble des joueurs et aux membres du staff technique et administratif de l\u2019\u00e9quipe nationale.<\/p>\n<p>Le Souverain a exprim\u00e9 Sa fiert\u00e9 quant \u00e0 cette belle r\u00e9alisation pour le sport marocain.<\/p>\n<p>Auteur: M&rsquo;hammed rahal<br \/>\n<a href=\"http:\/\/albayane.press.ma\/sm-le-roi-felicite-les-lions-pour-leur-sacre.html\">Cliquez ici pour lire l&rsquo;article depuis sa source.<\/a><\/p>\n","protected":false},"excerpt":{"rendered":"<p>Suite au sacre de l\u2019\u00e9quipe nationale au Championnat d\u2019Afrique des Nations des joueurs locaux (CHAN-2021), Sa Majest\u00e9 le Roi Mohammed VI a f\u00e9licit\u00e9 au t\u00e9l\u00e9phone l\u2019entraineur Houcine Ammouta pour la belle prestation du onze national. Dans cet entretien t\u00e9l\u00e9phonique, le Souverain a charg\u00e9 M. Ammouta de transmettre ses chaleureuses f\u00e9licitations \u00e0 l\u2019ensemble des joueurs et [&hellip;]<\/p>\n","protected":false},"author":1760,"featured_media":0,"comment_status":"closed","ping_status":"closed","sticky":false,"template":"","format":"standard","meta":{"fifu_image_url":"","fifu_image_alt":"","footnotes":""},"categories":[73,54],"tags":[],"class_list":["post-110808","post","type-post","status-publish","format-standard","hentry","category-actualite","category-maroc"],"_links":{"self":[{"href":"https:\/\/linitiative.ca\/International\/wp-json\/wp\/v2\/posts\/110808","targetHints":{"allow":["GET"]}}],"collection":[{"href":"https:\/\/linitiative.ca\/International\/wp-json\/wp\/v2\/posts"}],"about":[{"href":"https:\/\/linitiative.ca\/International\/wp-json\/wp\/v2\/types\/post"}],"author":[{"embeddable":true,"href":"https:\/\/linitiative.ca\/International\/wp-json\/wp\/v2\/users\/1760"}],"replies":[{"embeddable":true,"href":"https:\/\/linitiative.ca\/International\/wp-json\/wp\/v2\/comments?post=110808"}],"version-history":[{"count":0,"href":"https:\/\/linitiative.ca\/International\/wp-json\/wp\/v2\/posts\/110808\/revisions"}],"wp:attachment":[{"href":"https:\/\/linitiative.ca\/International\/wp-json\/wp\/v2\/media?parent=110808"}],"wp:term":[{"taxonomy":"category","embeddable":true,"href":"https:\/\/linitiative.ca\/International\/wp-json\/wp\/v2\/categories?post=110808"},{"taxonomy":"post_tag","embeddable":true,"href":"https:\/\/linitiative.ca\/International\/wp-json\/wp\/v2\/tags?post=110808"}],"curies":[{"name":"wp","href":"https:\/\/api.w.org\/{rel}","templated":true}]}}