{"id":110812,"date":"2021-02-08T10:08:40","date_gmt":"2021-02-08T15:08:40","guid":{"rendered":"https:\/\/linitiative.ca\/International\/le-chan-2020-ouvre-la-porte-aux-transferts\/"},"modified":"2021-02-08T10:08:40","modified_gmt":"2021-02-08T15:08:40","slug":"le-chan-2020-ouvre-la-porte-aux-transferts","status":"publish","type":"post","link":"https:\/\/linitiative.ca\/International\/le-chan-2020-ouvre-la-porte-aux-transferts\/","title":{"rendered":"Le CHAN 2020 ouvre la porte aux transferts"},"content":{"rendered":"<p><strong>Plusieurs joueurs ayant pris part \u00e0 la 6e \u00e9dition du Championnat d\u2019Afrique des nations (CHAN), remport\u00e9e dimanche par le Maroc, commencent \u00e0 r\u00e9colter les fruits de leurs performances en signant en faveur de clubs \u00e9voluant dans des championnats d\u2019un niveau plus relev\u00e9.<\/strong><\/p>\n<p>Selon le site de la Conf\u00e9d\u00e9ration africaine de football, le d\u00e9fenseur burkinab\u00e8 Soumaila Ouattara a quitt\u00e9 Rahimo FC (\u00e9lite burkinab\u00e9), son club actuel, pour le Raja de Casablanca (Maroc) qui prendra part au tour de cadrage de la Coupe de la CAF apr\u00e8s son \u00e9limination de la Ligue des champions par le Teungueth FC.<\/p>\n<p>Le milieu de terrain ougandais Saidi Kyeyune, dont la s\u00e9lection a \u00e9t\u00e9 \u00e9limin\u00e9e d\u00e8s le premier tour du CHAN, a de son c\u00f4t\u00e9 sign\u00e9 un contrat en faveur du club soudanais d\u2019El Merreikh, qualifi\u00e9 en Ligue des champions, comp\u00e9tition dont la phase des poules va d\u00e9buter les 12 ou 13 f\u00e9vrier.<\/p>\n<p>\u00a0Ag\u00e9 de 27 ans, l\u2019ancien joueur de l\u2019Uganda Revenue Authority FC, a marqu\u00e9 deux buts lors du CHAN, une comp\u00e9tition r\u00e9serv\u00e9e aux joueurs locaux africains.<\/p>\n<p>\u00a0Le d\u00e9fenseur du Zimbabwe Peter Muduhwa (Highlanders, \u00e9lite zimbabw\u00e9enne) et le milieu de terrain de la RD Congo, Dowa Gikanji (Daring Club Motema Pembe), vont aller renforcer le Simba FC de la Tanzanie, en lice pour la phase des poules de la Ligue africaine des champions.<\/p>\n<p>\u00a0Le Camerounais Loic Ako Assomo serait dans le viseur des Mamelodi Sundowns (Afrique du Sud), de m\u00eame plusieurs joueurs maliens et guin\u00e9ens qui se trouveraient dans le viseur de clubs europ\u00e9ens s\u00e9duits par leurs performances au CHAN.<\/p>\n<p>Le jeune attaquant marocain, Soufiane Rahimi, a \u00e9t\u00e9 lui aussi approch\u00e9 par plusieurs \u00e9quipes ici et ailleurs, mais son club du Raja Casablanca engag\u00e9 sur plusieurs plans en Afrique et au niveau national en attendant la finale de la Coupe arabe Mohammed V pr\u00e9vue ce f\u00e9vrier face \u00e0 Al Ittiha saoudien, pr\u00e9f\u00e8re maintenir sa star, du moins jusqu\u2019\u00e0 la fin de la saison.<\/p>\n<p>Et puis s\u2019il y aura transfert, Rahimi ne prendra comme destination que l\u2019Europe dans l\u2019espoir d\u2019avoir plus d\u2019exp\u00e9rience et de d\u00e9velopper son niveau technique encore mieux.<\/p>\n<p>Auteur: M&rsquo;hammed rahal<br \/>\n<a href=\"http:\/\/albayane.press.ma\/le-chan-2020-ouvre-la-porte-aux-transferts.html\">Cliquez ici pour lire l&rsquo;article depuis sa source.<\/a><\/p>\n","protected":false},"excerpt":{"rendered":"<p>Plusieurs joueurs ayant pris part \u00e0 la 6e \u00e9dition du Championnat d\u2019Afrique des nations (CHAN), remport\u00e9e dimanche par le Maroc, commencent \u00e0 r\u00e9colter les fruits de leurs performances en signant en faveur de clubs \u00e9voluant dans des championnats d\u2019un niveau plus relev\u00e9. Selon le site de la Conf\u00e9d\u00e9ration africaine de football, le d\u00e9fenseur burkinab\u00e8 Soumaila [&hellip;]<\/p>\n","protected":false},"author":1760,"featured_media":0,"comment_status":"closed","ping_status":"closed","sticky":false,"template":"","format":"standard","meta":{"fifu_image_url":"","fifu_image_alt":"","footnotes":""},"categories":[73,54],"tags":[],"class_list":["post-110812","post","type-post","status-publish","format-standard","hentry","category-actualite","category-maroc"],"_links":{"self":[{"href":"https:\/\/linitiative.ca\/International\/wp-json\/wp\/v2\/posts\/110812","targetHints":{"allow":["GET"]}}],"collection":[{"href":"https:\/\/linitiative.ca\/International\/wp-json\/wp\/v2\/posts"}],"about":[{"href":"https:\/\/linitiative.ca\/International\/wp-json\/wp\/v2\/types\/post"}],"author":[{"embeddable":true,"href":"https:\/\/linitiative.ca\/International\/wp-json\/wp\/v2\/users\/1760"}],"replies":[{"embeddable":true,"href":"https:\/\/linitiative.ca\/International\/wp-json\/wp\/v2\/comments?post=110812"}],"version-history":[{"count":0,"href":"https:\/\/linitiative.ca\/International\/wp-json\/wp\/v2\/posts\/110812\/revisions"}],"wp:attachment":[{"href":"https:\/\/linitiative.ca\/International\/wp-json\/wp\/v2\/media?parent=110812"}],"wp:term":[{"taxonomy":"category","embeddable":true,"href":"https:\/\/linitiative.ca\/International\/wp-json\/wp\/v2\/categories?post=110812"},{"taxonomy":"post_tag","embeddable":true,"href":"https:\/\/linitiative.ca\/International\/wp-json\/wp\/v2\/tags?post=110812"}],"curies":[{"name":"wp","href":"https:\/\/api.w.org\/{rel}","templated":true}]}}