{"id":110813,"date":"2021-02-08T03:43:28","date_gmt":"2021-02-08T08:43:28","guid":{"rendered":"https:\/\/linitiative.ca\/International\/fmi-jihad-azour-plaide-pour-un-dialogue-national-pour-relancer-leconomie-tunisienne\/"},"modified":"2021-02-08T03:43:28","modified_gmt":"2021-02-08T08:43:28","slug":"fmi-jihad-azour-plaide-pour-un-dialogue-national-pour-relancer-leconomie-tunisienne","status":"publish","type":"post","link":"https:\/\/linitiative.ca\/International\/fmi-jihad-azour-plaide-pour-un-dialogue-national-pour-relancer-leconomie-tunisienne\/","title":{"rendered":"FMI : Jihad Azour,  plaide pour un dialogue national pour relancer l\u2019\u00e9conomie tunisienne"},"content":{"rendered":"<div class=\"td-post-content\">\n<h2>Un dialogue national demeure le cadre idoine pour relancer l\u2019\u00e9conomie tunisienne pour engager les r\u00e9formes. A plaid\u00e9 Jihad Azour, directeur du d\u00e9partement Moyen-Orient et Asie centrale, au Fonds Mon\u00e9taire International (FMI).<\/h2>\n<p>Dans une interview \u00e0 distance accord\u00e9e \u00e0 l\u2019agence TAP, le responsable du FMI a soulign\u00e9 que \u00able fonds demeure engag\u00e9 aupr\u00e8s de la Tunisie, afin de l\u2019accompagner dans ses r\u00e9formes. En revanche, c\u2019est aux tunisiens et \u00e0 eux seuls, de les conduire \u00bb. A la question de savoir si un nouveau programme de financement avec la Tunisie se profile \u00e0 l\u2019horizon, Azour a r\u00e9pondu que l\u2019institution financi\u00e8re n\u2019a re\u00e7u jusqu\u2019\u00e0 ce jour, aucune demande officielle du gouvernement. N\u00e9anmoins, le fonds reste \u00abaux c\u00f4t\u00e9s de la Tunisie, pour l\u2019aider \u00e0 renforcer sa stabilit\u00e9 \u00e9conomique\u00bb. A-t-il affirm\u00e9.<\/p>\n<h2>En ces temps de pand\u00e9mie, quel a \u00e9t\u00e9 le soutien apport\u00e9 par le FMI, aux \u00e9conomies des pays de la r\u00e9gion du Moyen-Orient et de l\u2019Afrique du nord (MENA)?<\/h2>\n<p>Le fonds a rapidement r\u00e9agi. L\u2019objectif \u00e9tant de venir en aide aux pays de la r\u00e9gion MENA. Particuli\u00e8rement, \u00e0 ceux qui ont eu besoin de liquidit\u00e9 financi\u00e8re pour parer aux besoins sanitaires et sociaux li\u00e9s \u00e0 la lutte contre la Covid-19. Ainsi, nous avons accord\u00e9 plus de 17 milliards de dollars, \u00e0 15 pays de la r\u00e9gion MENA. Ce qui repr\u00e9sente une hausse de plus de 60%, de notre portefeuille de financement, consacr\u00e9 \u00e0 la r\u00e9gion. Il s\u2019agit l\u00e0, d\u2019une aide rapide et sans conditions, destin\u00e9e exclusivement, \u00e0 limiter la\u00a0<a href=\"https:\/\/www.who.int\/fr\/emergencies\/diseases\/novel-coronavirus-2019\" target=\"_blank\" rel=\"noopener noreferrer\">propagation du virus<\/a>.<\/p>\n<p>Nous avons, par ailleurs, proc\u00e9d\u00e9 \u00e0 l\u2019ajustement des programmes de financement dans certains pays, \u00e0 l\u2019instar de la Jordanie, afin de lui permettre d\u2019avoir plus de flexibilit\u00e9 en mati\u00e8re de d\u00e9penses sociales; et d\u2019\u00eatre en mesure de faire face \u00e0 la pand\u00e9mie. Pour ce qui est de l\u2019Egypte, nous lui avons fourni un programme compl\u00e9mentaire de 5,2 milliards de dollars. Et ce\u00a0 afin de renforcer sa cr\u00e9dibilit\u00e9 au niveau des march\u00e9s financiers internationaux, en plus d\u2019une assistance rapide pour la lutte contre la pand\u00e9mie.<\/p>\n<h2>Qu\u2019en est-il de la Tunisie ? Le Fonds va-t-il contribuer au financement de la campagne de vaccination anti-Covid-19 ?<\/h2>\n<p>Durant ces dix derni\u00e8res ann\u00e9es, le fonds s\u2019est tenu aux c\u00f4t\u00e9s de la Tunisie, dans les \u00e9tapes les plus importantes. La derni\u00e8re en date, \u00e9tait celle de la crise sanitaire. D\u00e8s l\u2019apparition de la Covid-19, le fonds a fourni \u00e0 la Tunisie, un appui de 750 millions de dollars, sans conditions. L\u2019objectif \u00e9tant de r\u00e9pondre aux besoins urgents de financement du budget et de la balance des paiements, caus\u00e9s par la pand\u00e9mie. Cela fait de la Tunisie, le premier pays du monde ayant re\u00e7u une aide \u00e9quivalente \u00e0 sa quote-part (la quote-part d\u2019un pays membre, d\u00e9termine le montant maximum de ressources financi\u00e8res qu\u2019il s\u2019engage \u00e0 fournir au FMI, ainsi que le montant de l\u2019aide financi\u00e8re qu\u2019il peut obtenir du fonds).<\/p>\n<p>La pr\u00e9servation des vies humaines reste l\u2019ultime priorit\u00e9. C\u2019est ce qui ressort, d\u2019ailleurs, de la mission men\u00e9e, \u00e0 distance, il y a quelques semaines, en Tunisie, par les services du fonds. Il faut faire en sorte que le vaccin soit fourni le plus rapidement possible. Ce que nous pouvons faire dans ce sens, c\u2019est accorder \u00e0 la Tunisie la possibilit\u00e9 d\u2019ajuster son programme de financement. Et ce afin de renforcer ses d\u00e9penses publiques li\u00e9es \u00e0 la sant\u00e9, comme c\u2019\u00e9tait le cas pour la Jordanie. Cela lui permettra de se procurer les vaccins.<\/p>\n<p>A l\u2019issue de leur mission, les services du FMI ont recommand\u00e9 de prioriser les d\u00e9penses de\u00a0<a href=\"http:\/\/www.leconomistemaghrebin.com\/2019\/12\/13\/projet-loi-mise-en-place-couverture-sociale-universelle-adopte\/\" target=\"_blank\" rel=\"noopener noreferrer\">protection sociale<\/a>. Et ce\u00a0 tout en contr\u00f4lant le transfert aux entreprises publiques. Faute de quoi le pays pourrait accuser un d\u00e9ficit budg\u00e9taire de plus de 9% du PIB.<\/p>\n<p>Outre la lutte contre la pand\u00e9mie de la Covid-19, nos services ont insist\u00e9 sur l\u2019importance de prioriser les d\u00e9penses li\u00e9es \u00e0 la protection sociale. Elle\u00a0 sont relativement faibles en Tunisie, dans la mesure o\u00f9 elles ne repr\u00e9sentent que 2,5 points du PIB. Or, ces d\u00e9penses sont cruciales pour assurer la coh\u00e9sion sociale. Et cela a m\u00eame \u00e9t\u00e9 d\u00e9montr\u00e9, dans le cadre d\u2019une \u00e9tude \u00e9labor\u00e9e r\u00e9cemment, par le FMI.<\/p>\n<p>Le renforcement des d\u00e9penses sociales permet \u00e9galement, de g\u00e9n\u00e9rer de la croissance. Laquelle a connu une baisse historique dans le pays. Depuis l\u2019ind\u00e9pendance, la Tunisie n\u2019a pas connu une croissance n\u00e9gative, comme celle enregistr\u00e9e en 2020.Il est imp\u00e9ratif de relancer aujourd\u2019hui, l\u2019\u00e9conomie tunisienne. Cela implique n\u00e9cessairement, certaines r\u00e9formes comme la r\u00e9habilitation des entreprises publiques. Les entreprises publiques\u00a0 doivent \u00eatre plus dynamiques et plus efficaces. Et ce afin d\u2019\u00eatre en mesure d\u2019augmenter la productivit\u00e9 de l\u2019\u00e9conomie. La relance de l\u2019\u00e9conomie et la mise en \u0153uvre des r\u00e9formes, doivent se faire \u00e0 travers un dialogue national. C\u2019est \u00e0 dire une sorte de contrat social qui va lier toutes les forces vives de la nation (UGTT, UTICA, soci\u00e9t\u00e9 civile, jeunes, \u00e9conomistes\u2026).<\/p>\n<p>Le plan de relance \u00e9conomique issu de ce dialogue, devra \u00eatre approuv\u00e9 par la majorit\u00e9 des acteurs. Certes, cela va n\u00e9cessiter des efforts. Mais contribuera, n\u00e9anmoins, \u00e0 d\u00e9clencher une nouvelle relance qui permettra \u00e0 la Tunisie, dans les dix ann\u00e9es \u00e0 venir, de renforcer sa position dans la r\u00e9gion, de cr\u00e9er des emplois et de passer d\u2019une situation de rente, \u00e0 une situation de croissance et d\u2019opportunit\u00e9s.<\/p>\n<h2>Le ministre tunisien de l\u2019Economie et des Finances avait d\u00e9clar\u00e9, r\u00e9cemment, que le gouvernement esp\u00e8re parvenir \u00e0 un accord avec le FMI, sur un nouveau programme de financement. Qu\u2019en pensez-vous ?<\/h2>\n<p>Nous venons de finaliser les consultations de l\u2019article\u00a0 IV avec la Tunisie, il y a quelques semaines. Et nous sommes dans un dialogue constant avec les autorit\u00e9s. Mais pour l\u2019instant, nous n\u2019avons re\u00e7u aucune demande officielle, pour \u00e9tablir un nouveau programme de financement. Cela dit, le fonds restera aux c\u00f4t\u00e9s de la Tunisie. L\u2019objectif \u00e9tant de l\u2019aider \u00e0 renforcer sa stabilit\u00e9 \u00e9conomique et \u00e0 am\u00e9liorer sa croissance.<\/p>\n<h2>Un dernier message aux tunisiens ?<\/h2>\n<p>Le fonds mon\u00e9taire a toujours souffert, de cette image de \u00ab donneur de le\u00e7ons \u00bb. C\u2019est une image exag\u00e9r\u00e9e et d\u00e9form\u00e9e. Je ne me permets pas de donner des le\u00e7ons, \u00e0 qui que ce soit. Il est vrai que parfois, nous sommes les seuls \u00e0 dire les choses comme elles sont. Car malheureusement, la n\u00e9cessit\u00e9 l\u2019exige. Le Fonds demeure engag\u00e9 aupr\u00e8s de la Tunisie, afin de l\u2019accompagner dans ses r\u00e9formes. Mais c\u2019est aux tunisiens, et \u00e0 eux seuls, de les conduire.\u00a0 La Tunisie est capable de faire un bond en avant, gr\u00e2ce \u00e0 sa jeunesse bien \u00e9duqu\u00e9e et ouverte sur le monde. C\u2019est l\u00e0 o\u00f9 l\u2019investissement doit se faire. Il faut leur \u00e9largir les champs du possible et leur donner les moyens n\u00e9cessaires de r\u00e9aliser leurs id\u00e9es.<\/p>\n<p>Le ch\u00f4mage a encore, gagn\u00e9 du terrain cette ann\u00e9e en Tunisie, et d\u00e9passera les 17%. C\u2019est un taux tr\u00e8s important et c\u2019est la raison pour laquelle, il faut cr\u00e9er de l\u2019emploi pour les jeunes. C\u2019est bien le secteur priv\u00e9 qui va le cr\u00e9er. Les jeunes et les femmes sont, pour moi, les deux espoirs de la Tunisie. Par cons\u00e9quent, il est indispensable de renforcer leur inclusion sociale, financi\u00e8re et num\u00e9rique. Cette crise aura montr\u00e9 que la nouvelle \u00e9conomie va \u00eatre plus num\u00e9ris\u00e9e, ce qui est de nature \u00e0 creuser davantage, les disparit\u00e9s socio-\u00e9conomiques, chez ces deux cat\u00e9gories. Nous devons donc travailler, d\u00e8s maintenant, afin de r\u00e9duire ces disparit\u00e9s, \u00e0 travers un plan de relance \u00e9conomique qui tient compte davantage des technologies de l\u2019information et de la communication.<\/p>\n<p>Interview r\u00e9alis\u00e9e par l\u2019Agence TAP<\/p>\n<\/div>\n<footer>\n<\/footer>\n<div class=\"wp-post-author-wrap wp-post-author-shortcode left\">\n<h3 class=\"awpa-title\"\/>\n<div class=\"wp-post-author\">\n<div class=\"awpa-img awpa-author-block square\"><a href=\"http:\/\/lexpertjournal.net\/fr\/?author=5\"><img loading=\"lazy\" decoding=\"async\" alt=\"\" src=\"http:\/\/0.gravatar.com\/avatar\/97f8e10a1c1125ba104a76514ee07b16?s=150&amp;d=mm&amp;r=g\" srcset=\"http:\/\/0.gravatar.com\/avatar\/97f8e10a1c1125ba104a76514ee07b16?s=300&amp;d=mm&amp;r=g 2x\" class=\"avatar avatar-150 photo\" height=\"150\" width=\"150\"\/><\/a><\/div>\n<\/div>\n<\/div>\n<aside class=\"mashsb-container mashsb-main mashsb-stretched\">\n<\/aside>\n<p>Auteur: L&rsquo;expert<br \/>\n<a href=\"http:\/\/lexpertjournal.net\/fr\/?p=18544\">Cliquez ici pour lire l&rsquo;article depuis sa source.<\/a><\/p>\n","protected":false},"excerpt":{"rendered":"<p>Un dialogue national demeure le cadre idoine pour relancer l\u2019\u00e9conomie tunisienne pour engager les r\u00e9formes. A plaid\u00e9 Jihad Azour, directeur du d\u00e9partement Moyen-Orient et Asie centrale, au Fonds Mon\u00e9taire International (FMI). Dans une interview \u00e0 distance accord\u00e9e \u00e0 l\u2019agence TAP, le responsable du FMI a soulign\u00e9 que \u00able fonds demeure engag\u00e9 aupr\u00e8s de la Tunisie, [&hellip;]<\/p>\n","protected":false},"author":1775,"featured_media":0,"comment_status":"closed","ping_status":"closed","sticky":false,"template":"","format":"standard","meta":{"fifu_image_url":"http:\/\/0.gravatar.com\/avatar\/97f8e10a1c1125ba104a76514ee07b16?s=150&d=mm&r=g","fifu_image_alt":"FMI : Jihad Azour,  plaide pour un dialogue national pour relancer l\u2019\u00e9conomie tunisienne","footnotes":""},"categories":[78,55],"tags":[],"class_list":["post-110813","post","type-post","status-publish","format-standard","hentry","category-economie","category-tunisie"],"_links":{"self":[{"href":"https:\/\/linitiative.ca\/International\/wp-json\/wp\/v2\/posts\/110813","targetHints":{"allow":["GET"]}}],"collection":[{"href":"https:\/\/linitiative.ca\/International\/wp-json\/wp\/v2\/posts"}],"about":[{"href":"https:\/\/linitiative.ca\/International\/wp-json\/wp\/v2\/types\/post"}],"author":[{"embeddable":true,"href":"https:\/\/linitiative.ca\/International\/wp-json\/wp\/v2\/users\/1775"}],"replies":[{"embeddable":true,"href":"https:\/\/linitiative.ca\/International\/wp-json\/wp\/v2\/comments?post=110813"}],"version-history":[{"count":0,"href":"https:\/\/linitiative.ca\/International\/wp-json\/wp\/v2\/posts\/110813\/revisions"}],"wp:attachment":[{"href":"https:\/\/linitiative.ca\/International\/wp-json\/wp\/v2\/media?parent=110813"}],"wp:term":[{"taxonomy":"category","embeddable":true,"href":"https:\/\/linitiative.ca\/International\/wp-json\/wp\/v2\/categories?post=110813"},{"taxonomy":"post_tag","embeddable":true,"href":"https:\/\/linitiative.ca\/International\/wp-json\/wp\/v2\/tags?post=110813"}],"curies":[{"name":"wp","href":"https:\/\/api.w.org\/{rel}","templated":true}]}}