{"id":110815,"date":"2021-02-08T03:47:29","date_gmt":"2021-02-08T08:47:29","guid":{"rendered":"https:\/\/linitiative.ca\/International\/tourisme-tunisien-le-ministre-sattend-a-une-reprise-progressive\/"},"modified":"2021-02-08T03:47:29","modified_gmt":"2021-02-08T08:47:29","slug":"tourisme-tunisien-le-ministre-sattend-a-une-reprise-progressive","status":"publish","type":"post","link":"https:\/\/linitiative.ca\/International\/tourisme-tunisien-le-ministre-sattend-a-une-reprise-progressive\/","title":{"rendered":"Tourisme tunisien : le ministre s\u2019attend \u00e0 une reprise progressive"},"content":{"rendered":"<div class=\"td-post-content\">\n<h2>Une reprise progressive du secteur du tourisme est attendue. Et ce \u00e0 partir de l\u2019\u00e9t\u00e9 prochain. Notamment avec la clarification de la strat\u00e9gie nationale de vaccination contre la Covid-19. A d\u00e9clar\u00e9 le\u00a0<a href=\"http:\/\/fr.tunisie.gov.tn\/annuaire\/59\/9-minist%C3%A8re-du-tourisme.htm\" target=\"_blank\" rel=\"noopener noreferrer\">ministre du Tourisme et de l\u2019Artisanat, Habib Ammar<\/a>.<\/h2>\n<p>Les indicateurs positifs ne seront enregistr\u00e9s qu\u2019\u00e0 partir de 2022 et 2023. Lance-t-il en marge de sa visite, samedi, \u00e0 Djerba. Ainsi, le ministre souligne la n\u00e9cessit\u00e9 d\u2019assurer les pr\u00e9paratifs \u00e0 partir de cette ann\u00e9e. Habib Ammar consid\u00e8re que 2020 est l\u2019ann\u00e9e la plus mauvaise de l\u2019histoire du tourisme tunisien et international. Cette situation est due, selon lui, aux\u00a0<a href=\"http:\/\/www.leconomistemaghrebin.com\/2020\/12\/02\/habib-ammar-developpement-tourisme-croissance-autres-secteurs\/\" target=\"_blank\" rel=\"noopener noreferrer\">r\u00e9percussions de la pand\u00e9mie Covid-19<\/a>. \u00a0D\u2019ailleurs, il a illustr\u00e9 ses propos \u00e0 travers des chiffres alarmants. Baisse des recettes touristiques de 64% et diminution de 80% du nombre des nuit\u00e9es. A cela s\u2019ajoute une baisse du nombre des arriv\u00e9s (73%).<\/p>\n<p>Le ministre du tourisme a fait savoir que son d\u00e9partement et l\u2019Office National du Tourisme Tunisien (ONTT) \u0153uvrent \u00e0 permettre \u00e0 la destination tunisienne de regagner sa position et d\u2019accueillir les touristes dans les meilleures conditions, annon\u00e7ant la cr\u00e9ation d\u2019un comit\u00e9 qui comprend tous les minist\u00e8res concern\u00e9s; \u00e0 savoir les d\u00e9partements de la sant\u00e9, de l\u2019environnement et du transport.<\/p>\n<p>Ammar a rappel\u00e9 les mesures \u00e0 caract\u00e8re social adopt\u00e9es par le gouvernement au profit du secteur pour faire face aux r\u00e9percussions de la crise, citant une subvention de 200 dinars allou\u00e9e aux agents du secteur.<\/p>\n<p>Il s\u2019agit \u00e9galement de la prise en charge par l\u2019Etat de la s\u00e9curit\u00e9 sociale des entreprises op\u00e9rant dans le secteur du tourisme et de l\u2019artisanat et le lancement d\u2019un programme de formation de 1250 agents en ch\u00f4mage technique, tout en leur accordant une subvention de 300 dinars. Certaines de ces mesures ont \u00e9t\u00e9 lanc\u00e9es et d\u2019autres n\u00e9cessitent l\u2019\u00e9laboration de d\u00e9crets d\u2019application.<\/p>\n<p>Avec TAP<\/p>\n<\/div>\n<footer>\n<\/footer>\n<div class=\"wp-post-author-wrap wp-post-author-shortcode left\">\n<h3 class=\"awpa-title\"\/>\n<div class=\"wp-post-author\">\n<div class=\"awpa-img awpa-author-block square\"><a href=\"http:\/\/lexpertjournal.net\/fr\/?author=5\"><img loading=\"lazy\" decoding=\"async\" alt=\"\" src=\"http:\/\/0.gravatar.com\/avatar\/97f8e10a1c1125ba104a76514ee07b16?s=150&amp;d=mm&amp;r=g\" srcset=\"http:\/\/0.gravatar.com\/avatar\/97f8e10a1c1125ba104a76514ee07b16?s=300&amp;d=mm&amp;r=g 2x\" class=\"avatar avatar-150 photo\" height=\"150\" width=\"150\"\/><\/a><\/div>\n<\/div>\n<\/div>\n<aside class=\"mashsb-container mashsb-main mashsb-stretched\">\n<\/aside>\n<p>Auteur: L&rsquo;expert<br \/>\n<a href=\"http:\/\/lexpertjournal.net\/fr\/?p=18550\">Cliquez ici pour lire l&rsquo;article depuis sa source.<\/a><\/p>\n","protected":false},"excerpt":{"rendered":"<p>Une reprise progressive du secteur du tourisme est attendue. Et ce \u00e0 partir de l\u2019\u00e9t\u00e9 prochain. Notamment avec la clarification de la strat\u00e9gie nationale de vaccination contre la Covid-19. A d\u00e9clar\u00e9 le\u00a0ministre du Tourisme et de l\u2019Artisanat, Habib Ammar. Les indicateurs positifs ne seront enregistr\u00e9s qu\u2019\u00e0 partir de 2022 et 2023. Lance-t-il en marge de [&hellip;]<\/p>\n","protected":false},"author":1775,"featured_media":0,"comment_status":"closed","ping_status":"closed","sticky":false,"template":"","format":"standard","meta":{"fifu_image_url":"http:\/\/0.gravatar.com\/avatar\/97f8e10a1c1125ba104a76514ee07b16?s=150&d=mm&r=g","fifu_image_alt":"Tourisme tunisien : le ministre s\u2019attend \u00e0 une reprise progressive","footnotes":""},"categories":[78,55],"tags":[],"class_list":["post-110815","post","type-post","status-publish","format-standard","hentry","category-economie","category-tunisie"],"_links":{"self":[{"href":"https:\/\/linitiative.ca\/International\/wp-json\/wp\/v2\/posts\/110815","targetHints":{"allow":["GET"]}}],"collection":[{"href":"https:\/\/linitiative.ca\/International\/wp-json\/wp\/v2\/posts"}],"about":[{"href":"https:\/\/linitiative.ca\/International\/wp-json\/wp\/v2\/types\/post"}],"author":[{"embeddable":true,"href":"https:\/\/linitiative.ca\/International\/wp-json\/wp\/v2\/users\/1775"}],"replies":[{"embeddable":true,"href":"https:\/\/linitiative.ca\/International\/wp-json\/wp\/v2\/comments?post=110815"}],"version-history":[{"count":0,"href":"https:\/\/linitiative.ca\/International\/wp-json\/wp\/v2\/posts\/110815\/revisions"}],"wp:attachment":[{"href":"https:\/\/linitiative.ca\/International\/wp-json\/wp\/v2\/media?parent=110815"}],"wp:term":[{"taxonomy":"category","embeddable":true,"href":"https:\/\/linitiative.ca\/International\/wp-json\/wp\/v2\/categories?post=110815"},{"taxonomy":"post_tag","embeddable":true,"href":"https:\/\/linitiative.ca\/International\/wp-json\/wp\/v2\/tags?post=110815"}],"curies":[{"name":"wp","href":"https:\/\/api.w.org\/{rel}","templated":true}]}}