{"id":110818,"date":"2021-02-08T04:30:00","date_gmt":"2021-02-08T09:30:00","guid":{"rendered":"https:\/\/linitiative.ca\/International\/les-montagnes-de-pologne-dorees-par-le-sable-dalgerie\/"},"modified":"2021-02-08T04:30:00","modified_gmt":"2021-02-08T09:30:00","slug":"les-montagnes-de-pologne-dorees-par-le-sable-dalgerie","status":"publish","type":"post","link":"https:\/\/linitiative.ca\/International\/les-montagnes-de-pologne-dorees-par-le-sable-dalgerie\/","title":{"rendered":"Les montagnes de Pologne dor\u00e9es par le sable d\u2019Alg\u00e9rie"},"content":{"rendered":"<div id=\"originalText\" readability=\"54\">\n<p>Les montagnes des Tatras et de Wroc\u0142aw, en Pologne, ont \u00e9t\u00e9 color\u00e9es, hier, par le sable d\u2019Alg\u00e9rie. En effet, selon\u00a0 plusieurs\u00a0 m\u00e9dias polonais, \u201cde\u00a0 la neige jaune orang\u00e9 est tomb\u00e9e sur les montagnes des Tatras dimanche matin (hier, ndlr).<\/p>\n<p>La raison de ce ph\u00e9nom\u00e8ne inhabituel est un nuage de poussi\u00e8re du Sahara qui s\u2019est d\u00e9plac\u00e9 sur l\u2019Europe\u201d. Selon\u00a0 le site en ligne polonais \u201ctwojapogoda.pl\u201d, les habitants\u00a0 du\u00a0 sud\u00a0 de\u00a0 la\u00a0 Pologne\u00a0 d\u00e9couvriront, dans\u00a0 les\u00a0 prochains\u00a0 jours, des chutes de neige dont la couleur ocre est \u201ccaus\u00e9e par la poussi\u00e8re d\u2019Alg\u00e9rie (\u2026)<\/p>\n<p>Les vents violents qui font rage sur les limites nord\u00a0 du Sahara d\u00e9clenchent des blizzards\u00a0 massifs\u201d.\u00a0 \u00a0Selon\u00a0 la\u00a0 m\u00eame\u00a0 source,\u00a0 des\u00a0 photos\u00a0 d\u2019un\u00a0 \u201cph\u00e9nom\u00e8ne inhabituel en Pologne ont commenc\u00e9 \u00e0 appara\u00eetre sur les r\u00e9seaux sociaux\u201d.<\/p>\n<\/div>\n<div id=\"text_core\" readability=\"54\">\n<p>Les montagnes des Tatras et de Wroc\u0142aw, en Pologne, ont \u00e9t\u00e9 color\u00e9es, hier, par le sable d\u2019Alg\u00e9rie. En effet, selon\u00a0 plusieurs\u00a0 m\u00e9dias polonais, \u201cde\u00a0 la neige jaune orang\u00e9 est tomb\u00e9e sur les montagnes des Tatras dimanche matin (hier, ndlr).<\/p>\n<p>La raison de ce ph\u00e9nom\u00e8ne inhabituel est un nuage de poussi\u00e8re du Sahara qui s\u2019est d\u00e9plac\u00e9 sur l\u2019Europe\u201d. Selon\u00a0 le site en ligne polonais \u201ctwojapogoda.pl\u201d, les habitants\u00a0 du\u00a0 sud\u00a0 de\u00a0 la\u00a0 Pologne\u00a0 d\u00e9couvriront, dans\u00a0 les\u00a0 prochains\u00a0 jours, des chutes de neige dont la couleur ocre est \u201ccaus\u00e9e par la poussi\u00e8re d\u2019Alg\u00e9rie (\u2026)<\/p>\n<p>Les vents violents qui font rage sur les limites nord\u00a0 du Sahara d\u00e9clenchent des blizzards\u00a0 massifs\u201d.\u00a0 \u00a0Selon\u00a0 la\u00a0 m\u00eame\u00a0 source,\u00a0 des\u00a0 photos\u00a0 d\u2019un\u00a0 \u201cph\u00e9nom\u00e8ne inhabituel en Pologne ont commenc\u00e9 \u00e0 appara\u00eetre sur les r\u00e9seaux sociaux\u201d.<\/p>\n<\/div>\n<p>Auteur:<br \/>\n<a href=\"https:\/\/www.liberte-algerie.com\/radar\/les-montagnes-de-pologne-dorees-par-le-sable-dalgerie-353694\">Cliquez ici pour lire l&rsquo;article depuis sa source.<\/a><\/p>\n","protected":false},"excerpt":{"rendered":"<p>Les montagnes des Tatras et de Wroc\u0142aw, en Pologne, ont \u00e9t\u00e9 color\u00e9es, hier, par le sable d\u2019Alg\u00e9rie. En effet, selon\u00a0 plusieurs\u00a0 m\u00e9dias polonais, \u201cde\u00a0 la neige jaune orang\u00e9 est tomb\u00e9e sur les montagnes des Tatras dimanche matin (hier, ndlr). La raison de ce ph\u00e9nom\u00e8ne inhabituel est un nuage de poussi\u00e8re du Sahara qui s\u2019est d\u00e9plac\u00e9 [&hellip;]<\/p>\n","protected":false},"author":1742,"featured_media":0,"comment_status":"closed","ping_status":"closed","sticky":false,"template":"","format":"standard","meta":{"fifu_image_url":"","fifu_image_alt":"","footnotes":""},"categories":[73,53],"tags":[],"class_list":["post-110818","post","type-post","status-publish","format-standard","hentry","category-actualite","category-algerie"],"_links":{"self":[{"href":"https:\/\/linitiative.ca\/International\/wp-json\/wp\/v2\/posts\/110818","targetHints":{"allow":["GET"]}}],"collection":[{"href":"https:\/\/linitiative.ca\/International\/wp-json\/wp\/v2\/posts"}],"about":[{"href":"https:\/\/linitiative.ca\/International\/wp-json\/wp\/v2\/types\/post"}],"author":[{"embeddable":true,"href":"https:\/\/linitiative.ca\/International\/wp-json\/wp\/v2\/users\/1742"}],"replies":[{"embeddable":true,"href":"https:\/\/linitiative.ca\/International\/wp-json\/wp\/v2\/comments?post=110818"}],"version-history":[{"count":0,"href":"https:\/\/linitiative.ca\/International\/wp-json\/wp\/v2\/posts\/110818\/revisions"}],"wp:attachment":[{"href":"https:\/\/linitiative.ca\/International\/wp-json\/wp\/v2\/media?parent=110818"}],"wp:term":[{"taxonomy":"category","embeddable":true,"href":"https:\/\/linitiative.ca\/International\/wp-json\/wp\/v2\/categories?post=110818"},{"taxonomy":"post_tag","embeddable":true,"href":"https:\/\/linitiative.ca\/International\/wp-json\/wp\/v2\/tags?post=110818"}],"curies":[{"name":"wp","href":"https:\/\/api.w.org\/{rel}","templated":true}]}}