{"id":110819,"date":"2021-02-08T04:30:00","date_gmt":"2021-02-08T09:30:00","guid":{"rendered":"https:\/\/linitiative.ca\/International\/25-pensionnaires-du-foyer-des-personnes-agees-vaccines\/"},"modified":"2021-02-08T04:30:00","modified_gmt":"2021-02-08T09:30:00","slug":"25-pensionnaires-du-foyer-des-personnes-agees-vaccines","status":"publish","type":"post","link":"https:\/\/linitiative.ca\/International\/25-pensionnaires-du-foyer-des-personnes-agees-vaccines\/","title":{"rendered":"25 pensionnaires du foyer des personnes \u00e2g\u00e9es vaccin\u00e9s"},"content":{"rendered":"<div id=\"originalText\" readability=\"49\">\n<p>Poursuivant\u00a0 la\u00a0 campagne\u00a0 de\u00a0 vaccination\u00a0 anti- Covid-19\u00a0 entam\u00e9e\u00a0 mercredi dernier, les services\u00a0 de\u00a0 la\u00a0 sant\u00e9 de la wilaya de Jijel, en collaboration avec la Direction de l\u2019action sociale et de la solidarit\u00e9, ont vaccin\u00e9 les pensionnaires du foyer des personnes \u00e2g\u00e9es d\u2019El-Aouana.<\/p>\n<p>Lors de cette op\u00e9ration, 25 personnes ont \u00e9t\u00e9 vaccin\u00e9es, \u00e0 savoir 20 \u00e2g\u00e9es de plus de 65 ans et 5 atteintes de maladies chroniques.<\/p>\n<p>Cette campagne s\u2019est \u00e9galement poursuivie dans les autres \u00e9tablissements de sant\u00e9 de la wilaya de Jijel avec\u00a0 la vaccination des personnels de sant\u00e9 et des citoyens qui se sont\u00a0 inscrits pour\u00a0 cette op\u00e9ration.\u00a0 Jusqu\u2019\u00e0\u00a0 samedi dernier, le bilan \u00e9tabli par la DSP faisait \u00e9tat de la vaccination de 70 personnes.<\/p>\n<\/div>\n<div id=\"text_core\" readability=\"49\">\n<p>Poursuivant\u00a0 la\u00a0 campagne\u00a0 de\u00a0 vaccination\u00a0 anti- Covid-19\u00a0 entam\u00e9e\u00a0 mercredi dernier, les services\u00a0 de\u00a0 la\u00a0 sant\u00e9 de la wilaya de Jijel, en collaboration avec la Direction de l\u2019action sociale et de la solidarit\u00e9, ont vaccin\u00e9 les pensionnaires du foyer des personnes \u00e2g\u00e9es d\u2019El-Aouana.<\/p>\n<p>Lors de cette op\u00e9ration, 25 personnes ont \u00e9t\u00e9 vaccin\u00e9es, \u00e0 savoir 20 \u00e2g\u00e9es de plus de 65 ans et 5 atteintes de maladies chroniques.<\/p>\n<p>Cette campagne s\u2019est \u00e9galement poursuivie dans les autres \u00e9tablissements de sant\u00e9 de la wilaya de Jijel avec\u00a0 la vaccination des personnels de sant\u00e9 et des citoyens qui se sont\u00a0 inscrits pour\u00a0 cette op\u00e9ration.\u00a0 Jusqu\u2019\u00e0\u00a0 samedi dernier, le bilan \u00e9tabli par la DSP faisait \u00e9tat de la vaccination de 70 personnes.<\/p>\n<\/div>\n<p>Auteur:<br \/>\n<a href=\"https:\/\/www.liberte-algerie.com\/radar\/25-pensionnaires-du-foyer-des-personnes-agees-vaccines-353693\">Cliquez ici pour lire l&rsquo;article depuis sa source.<\/a><\/p>\n","protected":false},"excerpt":{"rendered":"<p>Poursuivant\u00a0 la\u00a0 campagne\u00a0 de\u00a0 vaccination\u00a0 anti- Covid-19\u00a0 entam\u00e9e\u00a0 mercredi dernier, les services\u00a0 de\u00a0 la\u00a0 sant\u00e9 de la wilaya de Jijel, en collaboration avec la Direction de l\u2019action sociale et de la solidarit\u00e9, ont vaccin\u00e9 les pensionnaires du foyer des personnes \u00e2g\u00e9es d\u2019El-Aouana. Lors de cette op\u00e9ration, 25 personnes ont \u00e9t\u00e9 vaccin\u00e9es, \u00e0 savoir 20 \u00e2g\u00e9es [&hellip;]<\/p>\n","protected":false},"author":1742,"featured_media":0,"comment_status":"closed","ping_status":"closed","sticky":false,"template":"","format":"standard","meta":{"fifu_image_url":"","fifu_image_alt":"","footnotes":""},"categories":[73,53],"tags":[],"class_list":["post-110819","post","type-post","status-publish","format-standard","hentry","category-actualite","category-algerie"],"_links":{"self":[{"href":"https:\/\/linitiative.ca\/International\/wp-json\/wp\/v2\/posts\/110819","targetHints":{"allow":["GET"]}}],"collection":[{"href":"https:\/\/linitiative.ca\/International\/wp-json\/wp\/v2\/posts"}],"about":[{"href":"https:\/\/linitiative.ca\/International\/wp-json\/wp\/v2\/types\/post"}],"author":[{"embeddable":true,"href":"https:\/\/linitiative.ca\/International\/wp-json\/wp\/v2\/users\/1742"}],"replies":[{"embeddable":true,"href":"https:\/\/linitiative.ca\/International\/wp-json\/wp\/v2\/comments?post=110819"}],"version-history":[{"count":0,"href":"https:\/\/linitiative.ca\/International\/wp-json\/wp\/v2\/posts\/110819\/revisions"}],"wp:attachment":[{"href":"https:\/\/linitiative.ca\/International\/wp-json\/wp\/v2\/media?parent=110819"}],"wp:term":[{"taxonomy":"category","embeddable":true,"href":"https:\/\/linitiative.ca\/International\/wp-json\/wp\/v2\/categories?post=110819"},{"taxonomy":"post_tag","embeddable":true,"href":"https:\/\/linitiative.ca\/International\/wp-json\/wp\/v2\/tags?post=110819"}],"curies":[{"name":"wp","href":"https:\/\/api.w.org\/{rel}","templated":true}]}}