{"id":110820,"date":"2021-02-08T04:30:00","date_gmt":"2021-02-08T09:30:00","guid":{"rendered":"https:\/\/linitiative.ca\/International\/qui-veut-pointer-du-doigt-la-presse-locale\/"},"modified":"2021-02-08T04:30:00","modified_gmt":"2021-02-08T09:30:00","slug":"qui-veut-pointer-du-doigt-la-presse-locale","status":"publish","type":"post","link":"https:\/\/linitiative.ca\/International\/qui-veut-pointer-du-doigt-la-presse-locale\/","title":{"rendered":"Qui veut pointer du doigt la presse locale ?"},"content":{"rendered":"<div id=\"originalText\" readability=\"54\">\n<p>Lors du dernier soul\u00e8vement des citoyens de Sougueur (Tiaret), interpellant les autorit\u00e9s comp\u00e9tentes quant aux diverses carences qui touchent leur commune, des manifestants n\u2019ont pas trouv\u00e9 mieux que de d\u00e9verser leur col\u00e8re sur la presse.\u00a0<\/p>\n<p>En effet, ces derniers, faisant usage d\u2019une vid\u00e9o diffus\u00e9e en live sur Facebook par un manifestant, se sont permis de traiter les journalistes et correspondants locaux de la presse de tous les noms d\u2019oiseaux, fulminant m\u00eame des obsc\u00e9nit\u00e9s, accusant ses cibles d\u2019avoir des accointances avec les pouvoirs publics.\u00a0<\/p>\n<p>Une r\u00e9action hasardeuse et inexpliqu\u00e9e que les auteurs de cette invective doivent revoir en sachant que ces hommes et femmes auxquels il se sont attaqu\u00e9s gratuitement ne sont l\u00e0 que pour accomplir une mission bien distincte et avec objectivit\u00e9.\u00a0<\/p>\n<p>Car, cette mani\u00e8re de manipuler des manifestants sur les r\u00e9seaux sociaux contre les correspondants locaux soul\u00e8ve bien des questionnements.\u00a0<\/p>\n<\/div>\n<div id=\"text_core\" readability=\"54\">\n<p>Lors du dernier soul\u00e8vement des citoyens de Sougueur (Tiaret), interpellant les autorit\u00e9s comp\u00e9tentes quant aux diverses carences qui touchent leur commune, des manifestants n\u2019ont pas trouv\u00e9 mieux que de d\u00e9verser leur col\u00e8re sur la presse.\u00a0<\/p>\n<p>En effet, ces derniers, faisant usage d\u2019une vid\u00e9o diffus\u00e9e en live sur Facebook par un manifestant, se sont permis de traiter les journalistes et correspondants locaux de la presse de tous les noms d\u2019oiseaux, fulminant m\u00eame des obsc\u00e9nit\u00e9s, accusant ses cibles d\u2019avoir des accointances avec les pouvoirs publics.\u00a0<\/p>\n<p>Une r\u00e9action hasardeuse et inexpliqu\u00e9e que les auteurs de cette invective doivent revoir en sachant que ces hommes et femmes auxquels il se sont attaqu\u00e9s gratuitement ne sont l\u00e0 que pour accomplir une mission bien distincte et avec objectivit\u00e9.\u00a0<\/p>\n<p>Car, cette mani\u00e8re de manipuler des manifestants sur les r\u00e9seaux sociaux contre les correspondants locaux soul\u00e8ve bien des questionnements.\u00a0<\/p>\n<\/div>\n<p>Auteur:<br \/>\n<a href=\"https:\/\/www.liberte-algerie.com\/radar\/qui-veut-pointer-du-doigt-la-presse-locale-353692\">Cliquez ici pour lire l&rsquo;article depuis sa source.<\/a><\/p>\n","protected":false},"excerpt":{"rendered":"<p>Lors du dernier soul\u00e8vement des citoyens de Sougueur (Tiaret), interpellant les autorit\u00e9s comp\u00e9tentes quant aux diverses carences qui touchent leur commune, des manifestants n\u2019ont pas trouv\u00e9 mieux que de d\u00e9verser leur col\u00e8re sur la presse.\u00a0 En effet, ces derniers, faisant usage d\u2019une vid\u00e9o diffus\u00e9e en live sur Facebook par un manifestant, se sont permis de [&hellip;]<\/p>\n","protected":false},"author":1742,"featured_media":0,"comment_status":"closed","ping_status":"closed","sticky":false,"template":"","format":"standard","meta":{"fifu_image_url":"","fifu_image_alt":"","footnotes":""},"categories":[73,53],"tags":[],"class_list":["post-110820","post","type-post","status-publish","format-standard","hentry","category-actualite","category-algerie"],"_links":{"self":[{"href":"https:\/\/linitiative.ca\/International\/wp-json\/wp\/v2\/posts\/110820","targetHints":{"allow":["GET"]}}],"collection":[{"href":"https:\/\/linitiative.ca\/International\/wp-json\/wp\/v2\/posts"}],"about":[{"href":"https:\/\/linitiative.ca\/International\/wp-json\/wp\/v2\/types\/post"}],"author":[{"embeddable":true,"href":"https:\/\/linitiative.ca\/International\/wp-json\/wp\/v2\/users\/1742"}],"replies":[{"embeddable":true,"href":"https:\/\/linitiative.ca\/International\/wp-json\/wp\/v2\/comments?post=110820"}],"version-history":[{"count":0,"href":"https:\/\/linitiative.ca\/International\/wp-json\/wp\/v2\/posts\/110820\/revisions"}],"wp:attachment":[{"href":"https:\/\/linitiative.ca\/International\/wp-json\/wp\/v2\/media?parent=110820"}],"wp:term":[{"taxonomy":"category","embeddable":true,"href":"https:\/\/linitiative.ca\/International\/wp-json\/wp\/v2\/categories?post=110820"},{"taxonomy":"post_tag","embeddable":true,"href":"https:\/\/linitiative.ca\/International\/wp-json\/wp\/v2\/tags?post=110820"}],"curies":[{"name":"wp","href":"https:\/\/api.w.org\/{rel}","templated":true}]}}