{"id":110822,"date":"2021-02-08T12:20:00","date_gmt":"2021-02-08T17:20:00","guid":{"rendered":"https:\/\/linitiative.ca\/International\/said-djabelkhir-affirme-navoir-ete-ni-entendu-ni-convoque-par-la-justice\/"},"modified":"2021-02-08T12:20:00","modified_gmt":"2021-02-08T17:20:00","slug":"said-djabelkhir-affirme-navoir-ete-ni-entendu-ni-convoque-par-la-justice","status":"publish","type":"post","link":"https:\/\/linitiative.ca\/International\/said-djabelkhir-affirme-navoir-ete-ni-entendu-ni-convoque-par-la-justice\/","title":{"rendered":"Sa\u00efd Djabelkhir affirme n\u2019avoir \u00e9t\u00e9 ni entendu ni convoqu\u00e9 par la justice"},"content":{"rendered":"<div id=\"originalText\" readability=\"131\">\n<p>L\u2019islamologue et chercheur en soufisme, Sa\u00efd Djabelkhir, fondateur du \u00ab\u00a0Cercle des Lumi\u00e8res pour la pens\u00e9e libre\u00a0\u00bb, comparaitra le 25 f\u00e9vrier prochain devant la chambre correctionnelle du tribunal de Sidi M\u2019hamed, \u00e0 Alger, pour \u00ab\u00a0atteinte \u00e0 la religion\u00a0\u00bb, aux pr\u00e9ceptes de l\u2019islam et \u00e0 des versets coraniques\u00bb notamment.<\/p>\n<p>Contact\u00e9, ce lundi, par Libert\u00e9 Web, Sa\u00efd Djabelkhir affirme n\u2019avoir \u00e9t\u00e9\u00a0 \u00ab\u00a0ni auditionn\u00e9 ni convoqu\u00e9 par la justice\u00a0\u00bb, et qu\u2019il a appris la nouvelle de son proc\u00e8s par le biais de ses d\u00e9tracteurs qui ont largement relay\u00e9 l\u2019information sur les r\u00e9seaux sociaux.<\/p>\n<p>C\u2019est, en effet, un sp\u00e9cialiste en s\u00e9curit\u00e9 num\u00e9rique et enseignant \u00e0 l\u2019universit\u00e9 Djillali-Liab\u00e8s de Sidi\u00a0 Bel Abb\u00e8s, du nom de Bachir Bouyedjra Aberrezak, qui a annonc\u00e9 la nouvelle, dimanche, sur sa page facebook, o\u00f9 il a publi\u00e9 une photo au tribunal de Sidi M\u2019hamed, en compagnie de plusieurs avocats qui se sont \u00e9galement constitu\u00e9s comme \u00ab\u00a0plaignants\u00a0\u00bb.<\/p>\n<p><img decoding=\"async\" alt=\"\" src=\"\/data\/upload\/147687448_218947729886145_7693870863512423913_n.jpg\" class=\"c6\"\/><\/p>\n<p>L\u2019enseignant en question ne s\u2019est pas d\u2019ailleurs limit\u00e9 \u00e0 annoncer la date de la tenue du proc\u00e8s, puisqu\u2019il incite, dans le m\u00eame post facebook, les Alg\u00e9riens \u00e0 mener une large compagne contre Sa\u00efd Djabelkhir.<\/p>\n<p>\u00ab\u00a0Je saisie cette occasion pour lancer un appel \u00e0 tous les sympathisants \u00e0 diffuser l\u2019affaire, la soutenir et compatir, car la situation n\u00e9cessite un large appui du public et des m\u00e9dias \u00e0 travers tous les canaux d\u2019information\u00a0\u00bb, a-t-il lanc\u00e9.<\/p>\n<p>L\u2019islamologue et chercheur en soufisme qui se dit d\u2019abord perplexe s\u2019agissant du \u00ab\u00a0non-respect de la proc\u00e9dure l\u00e9gale\u00a0\u00bb, comme il n\u2019a pas \u00e9t\u00e9 auditionn\u00e9 pendant l\u2019instruction de l\u2019affaire, consid\u00e8re \u00ab\u00a0tr\u00e8s grave\u00a0\u00bb la compagne de lynchage\u00a0que lance contre lui ses d\u00e9tracteurs.\u00a0\u00a0<\/p>\n<p><img decoding=\"async\" alt=\"\" src=\"\/data\/upload\/Capture d\u2019\u00e9cran 2021-02-08 163206.png\" class=\"c7\"\/><\/p>\n<p>\u00ab\u00a0Lorsqu\u2019on porte une affaire devant un tribunal, on laisse, en principe, \u00a0la justice faire son travail. Mais de l\u00e0 \u00e0 lancer des appels, c\u2019est quelque chose de tr\u00e8s grave\u00a0\u00bb, d\u00e9nonce-t-il.<\/p>\n<p>Sa\u00efd Djabelkhir ne comprend pas \u00e9galement comment il peut \u00eatre poursuivi en justice pour des questions qui rel\u00e8vent \u00ab\u00a0strictement du d\u00e9bat acad\u00e9mique\u00a0\u00bb.<\/p>\n<p>\u00abJe crois que c\u2019est pour la premi\u00e8re fois qu\u2019on poursuit un chercheur pour ses id\u00e9es et son travail acad\u00e9mique. S\u2019il y a un sp\u00e9cialiste dans le domaine qui voit les choses diff\u00e9remment, je souhaite qu\u2019il m\u2019apporte la contradiction de fa\u00e7on acad\u00e9mique. Toutes les questions sont discutables et il n\u2019y a pas de v\u00e9rit\u00e9 absolue. Porter plainte contre quelqu\u2019un qui n\u2019est pas de son avis est quelque chose de jamais vu\u00bb, soutient-t-il.<\/p>\n<p>Me Zoubida Assoul qui s\u2019est port\u00e9e volontaire, ce lundi, pour la d\u00e9fense de l\u2019islamologue, a affirm\u00e9 \u00e0 Libert\u00e9 Web que son mandat est poursuivi sur la base de l\u2019article 144 bis 2, relatif \u00e0 l\u2019\u00aboffense \u00e0 l\u2019islam\u00a0\u00bb.<\/p>\n<p>Fait intriguant, rel\u00e8ve Me Assoul, les avocats qui ont accompagn\u00e9 l\u2019enseignant de l\u2019universit\u00e9 de Sidi Bel Abbes \u00ab\u00a0se sont constitu\u00e9s plaignants et avocats \u00e0 la fois\u00a0\u00bb.<\/p>\n<p>\u00abCes avocats sont mandat\u00e9s et n\u2019ont pas donc la qualit\u00e9 de porter plainte devant le juge d\u2019instruction. Ils ne sont pas les avocats de Dieu et de l\u2019Islam. Dans le cadre d\u2019offense \u00e0 l\u2019islam, seul le parquet est habilit\u00e9 \u00e0 s\u2019autosaisir et\u00a0 enclencher des poursuites judiciaires\u00a0\u00bbexplique-t-elle.<\/p>\n<p>S\u2019agissant de la \u00ab\u00a0campagne de lynchage\u00a0\u00bb lanc\u00e9e contre son client par l\u2019enseignant universitaire Bachir Bouyedjra Aberrezak, Me Zoubida Assoul \u00e9voque une forme \u00a0d\u2019\u00a0\u00abinquisition\u00a0\u00bb et d\u2019\u00a0\u00abincitation \u00e0 la violence\u00a0\u00bb.<\/p>\n<p>\u00ab\u00a0Dans un Etat de droit, la justice proc\u00e9derait imm\u00e9diatement \u00e0 la convocation de cette personne\u00a0\u00bb, conclut-elle.<\/p>\n<p class=\"c8\"><strong>Mehdi Mehenni<\/strong><\/p>\n<\/div>\n<div id=\"text_core\" readability=\"131\">\n<p>L\u2019islamologue et chercheur en soufisme, Sa\u00efd Djabelkhir, fondateur du \u00ab\u00a0Cercle des Lumi\u00e8res pour la pens\u00e9e libre\u00a0\u00bb, comparaitra le 25 f\u00e9vrier prochain devant la chambre correctionnelle du tribunal de Sidi M\u2019hamed, \u00e0 Alger, pour \u00ab\u00a0atteinte \u00e0 la religion\u00a0\u00bb, aux pr\u00e9ceptes de l\u2019islam et \u00e0 des versets coraniques\u00bb notamment.<\/p>\n<p>Contact\u00e9, ce lundi, par Libert\u00e9 Web, Sa\u00efd Djabelkhir affirme n\u2019avoir \u00e9t\u00e9\u00a0 \u00ab\u00a0ni auditionn\u00e9 ni convoqu\u00e9 par la justice\u00a0\u00bb, et qu\u2019il a appris la nouvelle de son proc\u00e8s par le biais de ses d\u00e9tracteurs qui ont largement relay\u00e9 l\u2019information sur les r\u00e9seaux sociaux.<\/p>\n<p>C\u2019est, en effet, un sp\u00e9cialiste en s\u00e9curit\u00e9 num\u00e9rique et enseignant \u00e0 l\u2019universit\u00e9 Djillali-Liab\u00e8s de Sidi\u00a0 Bel Abb\u00e8s, du nom de Bachir Bouyedjra Aberrezak, qui a annonc\u00e9 la nouvelle, dimanche, sur sa page facebook, o\u00f9 il a publi\u00e9 une photo au tribunal de Sidi M\u2019hamed, en compagnie de plusieurs avocats qui se sont \u00e9galement constitu\u00e9s comme \u00ab\u00a0plaignants\u00a0\u00bb.<\/p>\n<p><img decoding=\"async\" alt=\"\" src=\"\/data\/upload\/147687448_218947729886145_7693870863512423913_n.jpg\" class=\"c6\"\/><\/p>\n<p>L\u2019enseignant en question ne s\u2019est pas d\u2019ailleurs limit\u00e9 \u00e0 annoncer la date de la tenue du proc\u00e8s, puisqu\u2019il incite, dans le m\u00eame post facebook, les Alg\u00e9riens \u00e0 mener une large compagne contre Sa\u00efd Djabelkhir.<\/p>\n<p>\u00ab\u00a0Je saisie cette occasion pour lancer un appel \u00e0 tous les sympathisants \u00e0 diffuser l\u2019affaire, la soutenir et compatir, car la situation n\u00e9cessite un large appui du public et des m\u00e9dias \u00e0 travers tous les canaux d\u2019information\u00a0\u00bb, a-t-il lanc\u00e9.<\/p>\n<p>L\u2019islamologue et chercheur en soufisme qui se dit d\u2019abord perplexe s\u2019agissant du \u00ab\u00a0non-respect de la proc\u00e9dure l\u00e9gale\u00a0\u00bb, comme il n\u2019a pas \u00e9t\u00e9 auditionn\u00e9 pendant l\u2019instruction de l\u2019affaire, consid\u00e8re \u00ab\u00a0tr\u00e8s grave\u00a0\u00bb la compagne de lynchage\u00a0que lance contre lui ses d\u00e9tracteurs.\u00a0\u00a0<\/p>\n<p><img decoding=\"async\" alt=\"\" src=\"\/data\/upload\/Capture d\u2019\u00e9cran 2021-02-08 163206.png\" class=\"c7\"\/><\/p>\n<p>\u00ab\u00a0Lorsqu\u2019on porte une affaire devant un tribunal, on laisse, en principe, \u00a0la justice faire son travail. Mais de l\u00e0 \u00e0 lancer des appels, c\u2019est quelque chose de tr\u00e8s grave\u00a0\u00bb, d\u00e9nonce-t-il.<\/p>\n<p>Sa\u00efd Djabelkhir ne comprend pas \u00e9galement comment il peut \u00eatre poursuivi en justice pour des questions qui rel\u00e8vent \u00ab\u00a0strictement du d\u00e9bat acad\u00e9mique\u00a0\u00bb.<\/p>\n<p>\u00abJe crois que c\u2019est pour la premi\u00e8re fois qu\u2019on poursuit un chercheur pour ses id\u00e9es et son travail acad\u00e9mique. S\u2019il y a un sp\u00e9cialiste dans le domaine qui voit les choses diff\u00e9remment, je souhaite qu\u2019il m\u2019apporte la contradiction de fa\u00e7on acad\u00e9mique. Toutes les questions sont discutables et il n\u2019y a pas de v\u00e9rit\u00e9 absolue. Porter plainte contre quelqu\u2019un qui n\u2019est pas de son avis est quelque chose de jamais vu\u00bb, soutient-t-il.<\/p>\n<p>Me Zoubida Assoul qui s\u2019est port\u00e9e volontaire, ce lundi, pour la d\u00e9fense de l\u2019islamologue, a affirm\u00e9 \u00e0 Libert\u00e9 Web que son mandat est poursuivi sur la base de l\u2019article 144 bis 2, relatif \u00e0 l\u2019\u00aboffense \u00e0 l\u2019islam\u00a0\u00bb.<\/p>\n<p>Fait intriguant, rel\u00e8ve Me Assoul, les avocats qui ont accompagn\u00e9 l\u2019enseignant de l\u2019universit\u00e9 de Sidi Bel Abbes \u00ab\u00a0se sont constitu\u00e9s plaignants et avocats \u00e0 la fois\u00a0\u00bb.<\/p>\n<p>\u00abCes avocats sont mandat\u00e9s et n\u2019ont pas donc la qualit\u00e9 de porter plainte devant le juge d\u2019instruction. Ils ne sont pas les avocats de Dieu et de l\u2019Islam. Dans le cadre d\u2019offense \u00e0 l\u2019islam, seul le parquet est habilit\u00e9 \u00e0 s\u2019autosaisir et\u00a0 enclencher des poursuites judiciaires\u00a0\u00bbexplique-t-elle.<\/p>\n<p>S\u2019agissant de la \u00ab\u00a0campagne de lynchage\u00a0\u00bb lanc\u00e9e contre son client par l\u2019enseignant universitaire Bachir Bouyedjra Aberrezak, Me Zoubida Assoul \u00e9voque une forme \u00a0d\u2019\u00a0\u00abinquisition\u00a0\u00bb et d\u2019\u00a0\u00abincitation \u00e0 la violence\u00a0\u00bb.<\/p>\n<p>\u00ab\u00a0Dans un Etat de droit, la justice proc\u00e9derait imm\u00e9diatement \u00e0 la convocation de cette personne\u00a0\u00bb, conclut-elle.<\/p>\n<p class=\"c8\"><strong>Mehdi Mehenni<\/strong><\/p>\n<\/div>\n<p>Auteur:<br \/>\n<a href=\"https:\/\/www.liberte-algerie.com\/actualite\/said-djabelkhir-affirme-navoir-ete-ni-entendu-ni-convoque-par-la-justice-353749\">Cliquez ici pour lire l&rsquo;article depuis sa source.<\/a><\/p>\n","protected":false},"excerpt":{"rendered":"<p>L\u2019islamologue et chercheur en soufisme, Sa\u00efd Djabelkhir, fondateur du \u00ab\u00a0Cercle des Lumi\u00e8res pour la pens\u00e9e libre\u00a0\u00bb, comparaitra le 25 f\u00e9vrier prochain devant la chambre correctionnelle du tribunal de Sidi M\u2019hamed, \u00e0 Alger, pour \u00ab\u00a0atteinte \u00e0 la religion\u00a0\u00bb, aux pr\u00e9ceptes de l\u2019islam et \u00e0 des versets coraniques\u00bb notamment. Contact\u00e9, ce lundi, par Libert\u00e9 Web, Sa\u00efd Djabelkhir [&hellip;]<\/p>\n","protected":false},"author":1742,"featured_media":0,"comment_status":"closed","ping_status":"closed","sticky":false,"template":"","format":"standard","meta":{"fifu_image_url":"\/data\/upload\/147687448_218947729886145_7693870863512423913_n.jpg","fifu_image_alt":"Sa\u00efd Djabelkhir affirme n\u2019avoir \u00e9t\u00e9 ni entendu ni convoqu\u00e9 par la justice","footnotes":""},"categories":[73,53],"tags":[],"class_list":["post-110822","post","type-post","status-publish","format-standard","hentry","category-actualite","category-algerie"],"_links":{"self":[{"href":"https:\/\/linitiative.ca\/International\/wp-json\/wp\/v2\/posts\/110822","targetHints":{"allow":["GET"]}}],"collection":[{"href":"https:\/\/linitiative.ca\/International\/wp-json\/wp\/v2\/posts"}],"about":[{"href":"https:\/\/linitiative.ca\/International\/wp-json\/wp\/v2\/types\/post"}],"author":[{"embeddable":true,"href":"https:\/\/linitiative.ca\/International\/wp-json\/wp\/v2\/users\/1742"}],"replies":[{"embeddable":true,"href":"https:\/\/linitiative.ca\/International\/wp-json\/wp\/v2\/comments?post=110822"}],"version-history":[{"count":0,"href":"https:\/\/linitiative.ca\/International\/wp-json\/wp\/v2\/posts\/110822\/revisions"}],"wp:attachment":[{"href":"https:\/\/linitiative.ca\/International\/wp-json\/wp\/v2\/media?parent=110822"}],"wp:term":[{"taxonomy":"category","embeddable":true,"href":"https:\/\/linitiative.ca\/International\/wp-json\/wp\/v2\/categories?post=110822"},{"taxonomy":"post_tag","embeddable":true,"href":"https:\/\/linitiative.ca\/International\/wp-json\/wp\/v2\/tags?post=110822"}],"curies":[{"name":"wp","href":"https:\/\/api.w.org\/{rel}","templated":true}]}}