{"id":110823,"date":"2021-02-07T18:28:19","date_gmt":"2021-02-07T23:28:19","guid":{"rendered":"https:\/\/linitiative.ca\/International\/sm-le-roi-felicite-au-telephone-lentraineur-de-lequipe-nationale-des-joueurs-locaux-suite-au-sacre-du-maroc-champion-de-la-chan-2021\/"},"modified":"2021-02-07T18:28:19","modified_gmt":"2021-02-07T23:28:19","slug":"sm-le-roi-felicite-au-telephone-lentraineur-de-lequipe-nationale-des-joueurs-locaux-suite-au-sacre-du-maroc-champion-de-la-chan-2021","status":"publish","type":"post","link":"https:\/\/linitiative.ca\/International\/sm-le-roi-felicite-au-telephone-lentraineur-de-lequipe-nationale-des-joueurs-locaux-suite-au-sacre-du-maroc-champion-de-la-chan-2021\/","title":{"rendered":"SM le Roi f\u00e9licite au t\u00e9l\u00e9phone l\u2019entraineur de l\u2019\u00e9quipe nationale des joueurs locaux suite au sacre du Maroc champion de la CHAN-2021"},"content":{"rendered":"<div class=\"single-featured\"><img alt=\"\" data-src=\"http:\/\/www.mapmarrakech.ma\/map\/uploads\/2021\/02\/SM-le-Roi.jpg\"\/><\/div>\n<div class=\"single-post-excerpt post-excerpt-bc\" readability=\"35\">\n<p>Suite au sacre de l\u2019\u00e9quipe nationale au Championnat d\u2019Afrique des Nations des joueurs locaux (CHAN-2021), Sa Majest\u00e9 le Roi Mohammed VI a f\u00e9licit\u00e9 au t\u00e9l\u00e9phone l\u2019entraineur Houcine Ammouta pour la belle prestation du onze national.<\/p>\n<\/div>\n<div class=\"entry-content clearfix single-post-content\" readability=\"37\">\n<p>Dans cet entretien t\u00e9l\u00e9phonique, le Souverain a charg\u00e9 M. Ammouta de transmettre ses chaleureuses f\u00e9licitations \u00e0 l\u2019ensemble des joueurs et aux membres du staff technique et administratif de l\u2019\u00e9quipe nationale.<\/p>\n<p>Le Souverain a exprim\u00e9 Sa fiert\u00e9 quant \u00e0 cette belle r\u00e9alisation pour le sport marocain.<\/p>\n<\/div>\n<p>Auteur: Meriem IGASS<br \/>\n<a href=\"http:\/\/www.mapmarrakech.ma\/fr\/sm-le-roi-felicite-au-telephone-lentraineur-de-lequipe-nationale-des-joueurs-locaux-suite-au-sacre-du-maroc-champion-de-la-chan-2021\/\">Cliquez ici pour lire l&rsquo;article depuis sa source.<\/a><\/p>\n","protected":false},"excerpt":{"rendered":"<p>Suite au sacre de l\u2019\u00e9quipe nationale au Championnat d\u2019Afrique des Nations des joueurs locaux (CHAN-2021), Sa Majest\u00e9 le Roi Mohammed VI a f\u00e9licit\u00e9 au t\u00e9l\u00e9phone l\u2019entraineur Houcine Ammouta pour la belle prestation du onze national. Dans cet entretien t\u00e9l\u00e9phonique, le Souverain a charg\u00e9 M. Ammouta de transmettre ses chaleureuses f\u00e9licitations \u00e0 l\u2019ensemble des joueurs et [&hellip;]<\/p>\n","protected":false},"author":1788,"featured_media":0,"comment_status":"closed","ping_status":"closed","sticky":false,"template":"","format":"standard","meta":{"fifu_image_url":"http:\/\/www.mapmarrakech.ma\/map\/uploads\/2021\/02\/SM-le-Roi.jpg","fifu_image_alt":"SM le Roi f\u00e9licite au t\u00e9l\u00e9phone l\u2019entraineur de l\u2019\u00e9quipe nationale des joueurs locaux suite au sacre du Maroc champion de la CHAN-2021","footnotes":""},"categories":[54,76],"tags":[],"class_list":["post-110823","post","type-post","status-publish","format-standard","hentry","category-maroc","category-regions"],"_links":{"self":[{"href":"https:\/\/linitiative.ca\/International\/wp-json\/wp\/v2\/posts\/110823","targetHints":{"allow":["GET"]}}],"collection":[{"href":"https:\/\/linitiative.ca\/International\/wp-json\/wp\/v2\/posts"}],"about":[{"href":"https:\/\/linitiative.ca\/International\/wp-json\/wp\/v2\/types\/post"}],"author":[{"embeddable":true,"href":"https:\/\/linitiative.ca\/International\/wp-json\/wp\/v2\/users\/1788"}],"replies":[{"embeddable":true,"href":"https:\/\/linitiative.ca\/International\/wp-json\/wp\/v2\/comments?post=110823"}],"version-history":[{"count":0,"href":"https:\/\/linitiative.ca\/International\/wp-json\/wp\/v2\/posts\/110823\/revisions"}],"wp:attachment":[{"href":"https:\/\/linitiative.ca\/International\/wp-json\/wp\/v2\/media?parent=110823"}],"wp:term":[{"taxonomy":"category","embeddable":true,"href":"https:\/\/linitiative.ca\/International\/wp-json\/wp\/v2\/categories?post=110823"},{"taxonomy":"post_tag","embeddable":true,"href":"https:\/\/linitiative.ca\/International\/wp-json\/wp\/v2\/tags?post=110823"}],"curies":[{"name":"wp","href":"https:\/\/api.w.org\/{rel}","templated":true}]}}