{"id":110829,"date":"2021-02-08T14:54:20","date_gmt":"2021-02-08T19:54:20","guid":{"rendered":"https:\/\/linitiative.ca\/International\/echanges-energie-baisse-de-125\/"},"modified":"2021-02-08T14:54:20","modified_gmt":"2021-02-08T19:54:20","slug":"echanges-energie-baisse-de-125","status":"publish","type":"post","link":"https:\/\/linitiative.ca\/International\/echanges-energie-baisse-de-125\/","title":{"rendered":"Echanges \u00e9nergie: Baisse de 125%"},"content":{"rendered":"<p class=\"legend\">En 2020, le solde des \u00e9changes d&rsquo;\u00e9nergie avec l&rsquo;Alg\u00e9rie et l&rsquo;Espagne a affich\u00e9 une sensible baisse de 125%, recouvrant un repli de 57% des exportations et une hausse de 62,8% des importations, selon la DTFE&#8230;<\/p>\n<div class=\"authen\" readability=\"18.212311557789\">\n<h4>Ch\u00e8re lectrice, cher lecteur,<\/h4>\n<p class=\"rtejustify\"> L&rsquo;article auquel vous tentez d&rsquo;acc\u00e9der est r\u00e9serv\u00e9 \u00e0 la communaut\u00e9 des grands lecteurs de L&rsquo;Economiste. Nous vous invitons \u00e0 vous connecter \u00e0 l&rsquo;aide de vos identifiants pour le consulter. <br \/>Si vous n&rsquo;avez pas encore de compte, vous pouvez souscrire \u00e0 L&rsquo;Abonnement afin d&rsquo;acc\u00e9der \u00e0 l&rsquo;int\u00e9gralit\u00e9 de notre contenu et de profiter de nombreux autres avantages.<\/p>\n<p><a class=\"abonnement_1\" href=\"\/abonnement\">ABONNEZ-VOUS<\/a><\/p>\n<p>Vous \u00eates d\u00e9j\u00e0 abonn\u00e9 \u00e0 L&rsquo;Economiste mais vous n&rsquo;avez pas re\u00e7u vos identifiants?<br \/>Contactez-nous \u00e0 l\u2019adresse <span class=\"__cf_email__\" data-cfemail=\"1a7b787574747f777f746e5a767f797574757773696e7f34797577\">[email\u00a0protected]<\/span> pour les recevoir en indiquant: nom, pr\u00e9nom, email, entreprise, fonction et num\u00e9ro de t\u00e9l\u00e9phone.<\/p>\n<\/div>\n<div class=\"eco-conseil\">\n<div class=\"view view-eco-conseil-16 view-id-eco_conseil_16 view-display-id-cookies view-dom-id-5b8ddadc2e0b4fd3153fd68a59c16492\" readability=\"6\">\n<div class=\"view-header\" readability=\"7\">\n<p><h2><span> Retrouvez dans la m\u00eame rubrique<\/span><\/h2>\n<\/p>\n<\/div>\n<div class=\"view-content\">\n<div id=\"views-bootstrap-grid-1\" class=\"views-bootstrap-grid-plugin-style\">\n<div class=\"row\">\n<div class=\" col-xs-12 col-lg-4\">\n<div class=\"row\">\n<div class=\"col col-xs-12 col-lg-12\">\n<div class=\"field-content\"><a href=\"\/article\/1072949-sale-enquete-sur-un-crime-odieux\"><img loading=\"lazy\" decoding=\"async\" class=\"img-responsive\" typeof=\"foaf:Image\" src=\"https:\/\/www.leconomiste.com\/sites\/default\/files\/eco7\/public\/styles\/800x400\/public\/default_images\/default_une.jpg?itok=4jZlgnIZ\" width=\"660\" height=\"330\" alt=\"\"\/><\/a><\/div>\n<\/div>\n<div class=\" title_suite_2 col col-xs-12 col-lg-12\"> <a href=\"\/article\/1072949-sale-enquete-sur-un-crime-odieux\"\/><span class=\"field-content\">Sal\u00e9: Enqu\u00eate sur un crime odieux<\/span><\/div>\n<\/div>\n<\/div>\n<div class=\" col-xs-12 col-lg-4\">\n<div class=\"row\">\n<div class=\"col col-xs-12 col-lg-12\">\n<div class=\"field-content\"><a href=\"\/article\/1072947-baisse-de-la-consommation-industrielle\"><img loading=\"lazy\" decoding=\"async\" class=\"img-responsive\" typeof=\"foaf:Image\" src=\"https:\/\/www.leconomiste.com\/sites\/default\/files\/eco7\/public\/styles\/800x400\/public\/default_images\/default_une.jpg?itok=4jZlgnIZ\" width=\"660\" height=\"330\" alt=\"\"\/><\/a><\/div>\n<\/div>\n<div class=\" title_suite_2 col col-xs-12 col-lg-12\"> <a href=\"\/article\/1072947-baisse-de-la-consommation-industrielle\"\/><span class=\"field-content\">Baisse de la consommation industrielle<\/span><\/div>\n<\/div>\n<\/div>\n<div class=\" col-xs-12 col-lg-4\">\n<div class=\"row\">\n<div class=\"col col-xs-12 col-lg-12\">\n<div class=\"field-content\"><a href=\"\/article\/1072946-electricite-repli-de-la-production-de-4-1-en-2020\"><img loading=\"lazy\" decoding=\"async\" class=\"img-responsive\" typeof=\"foaf:Image\" src=\"https:\/\/www.leconomiste.com\/sites\/default\/files\/eco7\/public\/styles\/800x400\/public\/default_images\/default_une.jpg?itok=4jZlgnIZ\" width=\"660\" height=\"330\" alt=\"\"\/><\/a><\/div>\n<\/div>\n<div class=\" title_suite_2 col col-xs-12 col-lg-12\"> <a href=\"\/article\/1072946-electricite-repli-de-la-production-de-4-1-en-2020\"\/><span class=\"field-content\">Electricit\u00e9: Repli de la production de 4,1% en 2020<\/span><\/div>\n<\/div>\n<\/div>\n<\/div>\n<\/div>\n<\/div>\n<\/div>\n<\/div>\n<p>Auteur: hlafriqi<br \/>\n<a href=\"https:\/\/www.leconomiste.com\/article\/1072948-echanges-energie-baisse-de-125\">Cliquez ici pour lire l&rsquo;article depuis sa source.<\/a><\/p>\n","protected":false},"excerpt":{"rendered":"<p>En 2020, le solde des \u00e9changes d&rsquo;\u00e9nergie avec l&rsquo;Alg\u00e9rie et l&rsquo;Espagne a affich\u00e9 une sensible baisse de 125%, recouvrant un repli de 57% des exportations et une hausse de 62,8% des importations, selon la DTFE&#8230; Ch\u00e8re lectrice, cher lecteur, L&rsquo;article auquel vous tentez d&rsquo;acc\u00e9der est r\u00e9serv\u00e9 \u00e0 la communaut\u00e9 des grands lecteurs de L&rsquo;Economiste. Nous [&hellip;]<\/p>\n","protected":false},"author":1763,"featured_media":0,"comment_status":"closed","ping_status":"closed","sticky":false,"template":"","format":"standard","meta":{"fifu_image_url":"https:\/\/www.leconomiste.com\/sites\/default\/files\/eco7\/public\/styles\/800x400\/public\/default_images\/default_une.jpg?itok=4jZlgnIZ","fifu_image_alt":"Echanges \u00e9nergie: Baisse de 125%","footnotes":""},"categories":[78,54],"tags":[],"class_list":["post-110829","post","type-post","status-publish","format-standard","hentry","category-economie","category-maroc"],"_links":{"self":[{"href":"https:\/\/linitiative.ca\/International\/wp-json\/wp\/v2\/posts\/110829","targetHints":{"allow":["GET"]}}],"collection":[{"href":"https:\/\/linitiative.ca\/International\/wp-json\/wp\/v2\/posts"}],"about":[{"href":"https:\/\/linitiative.ca\/International\/wp-json\/wp\/v2\/types\/post"}],"author":[{"embeddable":true,"href":"https:\/\/linitiative.ca\/International\/wp-json\/wp\/v2\/users\/1763"}],"replies":[{"embeddable":true,"href":"https:\/\/linitiative.ca\/International\/wp-json\/wp\/v2\/comments?post=110829"}],"version-history":[{"count":0,"href":"https:\/\/linitiative.ca\/International\/wp-json\/wp\/v2\/posts\/110829\/revisions"}],"wp:attachment":[{"href":"https:\/\/linitiative.ca\/International\/wp-json\/wp\/v2\/media?parent=110829"}],"wp:term":[{"taxonomy":"category","embeddable":true,"href":"https:\/\/linitiative.ca\/International\/wp-json\/wp\/v2\/categories?post=110829"},{"taxonomy":"post_tag","embeddable":true,"href":"https:\/\/linitiative.ca\/International\/wp-json\/wp\/v2\/tags?post=110829"}],"curies":[{"name":"wp","href":"https:\/\/api.w.org\/{rel}","templated":true}]}}