{"id":110831,"date":"2021-02-08T09:30:00","date_gmt":"2021-02-08T14:30:00","guid":{"rendered":"https:\/\/linitiative.ca\/International\/des-ministres-sans-aveu-un-remaniement-sans-rime-ni-raison\/"},"modified":"2021-02-08T09:30:00","modified_gmt":"2021-02-08T14:30:00","slug":"des-ministres-sans-aveu-un-remaniement-sans-rime-ni-raison","status":"publish","type":"post","link":"https:\/\/linitiative.ca\/International\/des-ministres-sans-aveu-un-remaniement-sans-rime-ni-raison\/","title":{"rendered":"Des ministres sans aveu, un remaniement sans rime ni raison"},"content":{"rendered":"<p><span class=\"c2\">\u00a0<\/span><\/p>\n<p class=\"p1 c4\"><span class=\"s1 c3\"><strong><span id=\"cke_bm_50S\" class=\"c2\">\u00a0<\/span>Le Temps &#8211; Slim BEN YOUSSEF<span class=\"Apple-converted-space\">\u00a0<\/span><\/strong><\/span><\/p>\n<p class=\"p2 c7\"><span class=\"c6\"><span class=\"c5\"><strong>Par mesure de \u00ab pr\u00e9caution \u00bb, le Fakhfakh d\u00e9missionnaire avait limog\u00e9, en juillet dernier, et alors qu\u2019il \u00e9tait sur le point de quitter la Kasbah, tous les ministres nahdhaouis de son gouvernement. Une d\u00e9marche qui prend, bien entendu, tout son sens, quand on connait les pulsions tentaculaires, doubl\u00e9es d\u2019enjeux obscurs, du mouvement islamiste et de ses alli\u00e9s, qui tentent encore aujourd\u2019hui de remettre perfidement la main sur les rouages de l\u2019Etat, ou du moins sur ce qui \u00e9chappe encore \u00e0 leur contr\u00f4le, \u00e0 travers un remaniement minist\u00e9riel, aussi louche qu\u2019\u00e9minemment controvers\u00e9, notamment en raison des suspicions des corruption qui planent sur certains ministres. Malgr\u00e9 la \u00ab b\u00e9n\u00e9diction \u00bb du Parlement, le remaniement en question se heurte, pour le moment, \u00e0 un \u00ab veto \u00bb radical et pour le moins aventur\u00e9 de la part du Pr\u00e9sident de la R\u00e9publique.<span class=\"Apple-converted-space\">\u00a0<\/span><\/strong><\/span><\/span><\/p>\n<p class=\"p1 c8\"><span class=\"c6\"><span class=\"c5\">Lors de sa rencontre avec le secr\u00e9taire g\u00e9n\u00e9ral de l\u2019UGTT, Noureddine Taboubi, le pr\u00e9sident de la R\u00e9publique avait r\u00e9it\u00e9r\u00e9, mercredi dernier, sa position ferme par rapport au remaniement minist\u00e9riel. Il a ajout\u00e9 qu\u2019il respecte le r\u00f4le national de la centrale syndicale et reste attach\u00e9 aux principes et aux choix qu\u2019il s\u2019est engag\u00e9 \u00e0 respecter face au peuple, soulignant que tout dialogue doit \u00eatre fait dans le cadre de ces principes clairs et ces choix sans \u00e9quivoque. Ka\u00efs Sa\u00efed a assur\u00e9 qu\u2019il n\u2019est pas responsable de la crise actuelle, soulignant que depuis son investiture, il vit au rythme des concertations, soit pour la formation d\u2019un gouvernement, sa chute ou son remaniement.<span class=\"Apple-converted-space\">\u00a0<\/span><\/span><\/span><\/p>\n<p class=\"p2 c9\">\u00a0<\/p>\n<p class=\"p3 c10\"><span class=\"c6\"><span class=\"c5\"><strong>Proc\u00e9dure impossible<\/strong><\/span><\/span><\/p>\n<p class=\"p1 c8\"><span class=\"c6\"><span class=\"c5\">Concernant le principe de la \u00ab proc\u00e9dure impossible \u00bb, \u00e9voqu\u00e9 par les d\u00e9fenseurs du remaniement, notamment par quelques \u00ab sp\u00e9cialistes \u00bb du droit administratif, dont les positions pro-nahdhaouis suscitent bon nombre d\u2019interrogations, Ka\u00efs Sa\u00efed, ancien enseignant de droit constitutionnel, reste tout aussi ferme sur ses positions. Il a insist\u00e9 sur son respect absolu de la Constitution, et son refus de tous les d\u00e9passements enregistr\u00e9s sur la base de textes ayant un rang inf\u00e9rieur. \u00ab Ils parlent de la proc\u00e9dure impossible, mais ils ignorent qu\u2019il s\u2019agit d\u2019un principe relevant du droit administratif et non du droit constitutionnel. Je suis pr\u00eat au dialogue, mais surtout pas avec ceux qui ont appauvri les Tunisiens durant des d\u00e9cennies \u00bb, a-t-il martel\u00e9.<span class=\"Apple-converted-space\">\u00a0<\/span><\/span><\/span><\/p>\n<p class=\"p1 c8\"><span class=\"c6\"><span class=\"c5\">Dans le m\u00eame cadre, le fr\u00e8re du pr\u00e9sident de la R\u00e9publique, Naoufel Sa\u00efed, v\u00e9ritable \u00e9minence grise \u00e0 Carthage, a fait part, vendredi, de son soutien \u00e0 la position de Ka\u00efs Sa\u00efed concernant le remaniement minist\u00e9riel, estimant que le pr\u00e9sident, \u00e9tant le garant du respect de la Constitution et de la lutte contre la corruption, d\u00e9tient les pr\u00e9rogatives constitutionnelles pour le rejeter. Naoufel Sa\u00efed, lui-m\u00eame juriste, a affirm\u00e9 que la prestation de serment fait partie des pr\u00e9rogatives du Pr\u00e9sident, pr\u00e9cisant que son rejet est justifi\u00e9 par des motifs constitutionnels, invoquant le pr\u00e9c\u00e9dent B\u00e9ji Ca\u00efd Essebsi \u00e0 propos du remaniement op\u00e9r\u00e9 par Youssef Chahed. Invoquant l\u2019article 10 et l\u2019article 72 de la Constitution tunisienne, il estime \u00e9galement que le pr\u00e9sident se doit de veiller au respect des dispositions de la Constitution et d\u2019incarner la lutte de l\u2019Etat contre la corruption et contre tout ce qui porte atteinte \u00e0 la souverainet\u00e9 nationale. <span class=\"Apple-converted-space\">\u00a0<\/span><\/span><\/span><\/p>\n<p class=\"p2 c9\">\u00a0<\/p>\n<p class=\"p3 c10\"><span class=\"c6\"><span class=\"c5\"><strong>Ennahdha fait son beurre<\/strong><\/span><\/span><\/p>\n<p class=\"p1 c8\"><span class=\"c6\"><span class=\"c5\">Pendant ce temps, le secr\u00e9taire g\u00e9n\u00e9ral de l\u2019UGTT, Noureddine Taboubi a appel\u00e9 vendredi, dans une d\u00e9claration aux m\u00e9dias, les nouveaux ministres suspect\u00e9s de corruption \u00e0 se retirer afin de mettre un terme \u00e0 la situation de blocage. Noureddine Taboubi a assur\u00e9 que la position du pr\u00e9sident de la R\u00e9publique est claire \u00e0 ce sujet, estimant que le retrait des ministres suspect\u00e9s de corruption pourrait r\u00e9soudre la situation de blocage actuel. Il a consid\u00e9r\u00e9 que plusieurs personnes feront primer la voix de la sagesse dans les circonstances actuelles.<\/span><\/span><\/p>\n<p class=\"p1 c8\"><span class=\"c6\"><span class=\"c5\">Taboubi a estim\u00e9, par ailleurs, que le climat politique a fortement aiguillonn\u00e9 la crise socio-\u00e9conomique du pays, soulignant la n\u00e9cessit\u00e9 de rationaliser le discours politique, de r\u00e9tablir la cr\u00e9dibilit\u00e9 de l\u2019Etat et de veiller au respect de ses engagements. Et d\u2019ajouter que les r\u00e9formes doivent \u00eatre r\u00e9alis\u00e9es loin des surench\u00e8res et des tiraillements, pointant par l\u00e0 m\u00eame le doigt sur le climat malsain sur la sc\u00e8ne nationale, notamment, la mainmise de certaines parties influentes qui monopolisent les plus hautes fonctions de l\u2019Etat.<\/span><\/span><\/p>\n<p class=\"p1 c8\"><span class=\"c6\"><span class=\"c5\">Malgr\u00e9 les indiscr\u00e9tions faisant \u00e9tat d\u2019un M\u00e9chichi pr\u00eat \u00e0 calmer le jeu avec le Pr\u00e9sident de la R\u00e9publique, la crise actuelle d\u00e9passe le simple bras de fer autour de la prestation de serment et du remaniement minist\u00e9riel en soi. Il s\u2019agit plut\u00f4t de r\u00e9sister autant que faire ce peut aux pulsions tentaculaires du mouvement islamiste, qui, force est de la rappeler, n\u2019a pas cess\u00e9, par exemple, de r\u00e9clamer pendant longtemps le minist\u00e8re de l\u2019Agriculture. \u00ab Nous \u0153uvrons pour que des terres de l\u2019Etat soient distribu\u00e9es aux jeunes afin de cr\u00e9er de l\u2019emploi \u00bb, avaient d\u00e9clar\u00e9 Ghannouchi et autres dirigeant nahdhaouis \u00e0 maintes reprises, durant ces derniers mois. De quels jeunes parlent-ils au juste ? Comment et par quels crit\u00e8res ces terres vont-elles \u00eatre c\u00e9d\u00e9es ?<span class=\"Apple-converted-space\">\u00a0<\/span><\/span><\/span><\/p>\n<p class=\"p1 c8\"><span class=\"c6\"><span class=\"c5\">Apr\u00e8s les compensations, allou\u00e9es aux nahdhaouis, en guise de \u00ab d\u00e9dommagement \u00bb puis\u00e9s dans les poches du contribuable par coups de plusieurs millions de dinars, et apr\u00e8s les vagues de recrutements massifs des partisans nahdhaouis dans la fonction publique et dans les entreprises publiques du temps de la Tro\u00efka, le mouvement islamiste, on l\u2019a bien compris, s\u2019appr\u00eate cette fois-ci, \u00e0 faire encore son beurre et \u00e0 prendre profit d\u2019une \u00e9ventuelle \u00ab distribution \u00bb des terres domaniales.<span class=\"Apple-converted-space\">\u00a0<\/span><\/span><\/span><\/p>\n<p class=\"p2 c7\">\u00a0<\/p>\n<p class=\"p4 c11\"><span class=\"c6\"><span class=\"c5\"><strong>S.B.Y.<\/strong><\/span><\/span><strong><span id=\"cke_bm_50E\" class=\"c2\">\u00a0<\/span><\/strong><\/p>\n<p><span class=\"c2\">\u00a0<\/span><\/p>\n<p>Auteur: letemps1<br \/>\n<a href=\"http:\/\/www.letemps.com.tn\/article\/119178\/des-ministres-sans-aveu-un-remaniement-sans-rime-ni-raison\">Cliquez ici pour lire l&rsquo;article depuis sa source.<\/a><\/p>\n","protected":false},"excerpt":{"rendered":"<p>\u00a0 \u00a0Le Temps &#8211; Slim BEN YOUSSEF\u00a0 Par mesure de \u00ab pr\u00e9caution \u00bb, le Fakhfakh d\u00e9missionnaire avait limog\u00e9, en juillet dernier, et alors qu\u2019il \u00e9tait sur le point de quitter la Kasbah, tous les ministres nahdhaouis de son gouvernement. Une d\u00e9marche qui prend, bien entendu, tout son sens, quand on connait les pulsions tentaculaires, doubl\u00e9es [&hellip;]<\/p>\n","protected":false},"author":1773,"featured_media":0,"comment_status":"closed","ping_status":"closed","sticky":false,"template":"","format":"standard","meta":{"fifu_image_url":"","fifu_image_alt":"","footnotes":""},"categories":[73,55],"tags":[],"class_list":["post-110831","post","type-post","status-publish","format-standard","hentry","category-actualite","category-tunisie"],"_links":{"self":[{"href":"https:\/\/linitiative.ca\/International\/wp-json\/wp\/v2\/posts\/110831","targetHints":{"allow":["GET"]}}],"collection":[{"href":"https:\/\/linitiative.ca\/International\/wp-json\/wp\/v2\/posts"}],"about":[{"href":"https:\/\/linitiative.ca\/International\/wp-json\/wp\/v2\/types\/post"}],"author":[{"embeddable":true,"href":"https:\/\/linitiative.ca\/International\/wp-json\/wp\/v2\/users\/1773"}],"replies":[{"embeddable":true,"href":"https:\/\/linitiative.ca\/International\/wp-json\/wp\/v2\/comments?post=110831"}],"version-history":[{"count":0,"href":"https:\/\/linitiative.ca\/International\/wp-json\/wp\/v2\/posts\/110831\/revisions"}],"wp:attachment":[{"href":"https:\/\/linitiative.ca\/International\/wp-json\/wp\/v2\/media?parent=110831"}],"wp:term":[{"taxonomy":"category","embeddable":true,"href":"https:\/\/linitiative.ca\/International\/wp-json\/wp\/v2\/categories?post=110831"},{"taxonomy":"post_tag","embeddable":true,"href":"https:\/\/linitiative.ca\/International\/wp-json\/wp\/v2\/tags?post=110831"}],"curies":[{"name":"wp","href":"https:\/\/api.w.org\/{rel}","templated":true}]}}