{"id":110833,"date":"2021-02-08T10:03:00","date_gmt":"2021-02-08T15:03:00","guid":{"rendered":"https:\/\/linitiative.ca\/International\/la-contestation-sintensifie-en-birmanie\/"},"modified":"2021-02-08T10:03:00","modified_gmt":"2021-02-08T15:03:00","slug":"la-contestation-sintensifie-en-birmanie","status":"publish","type":"post","link":"https:\/\/linitiative.ca\/International\/la-contestation-sintensifie-en-birmanie\/","title":{"rendered":"La contestation s&rsquo;intensifie en Birmanie"},"content":{"rendered":"<p class=\"p1 c5\"><span class=\"c4\"><span class=\"c3\"><span class=\"s1 c2\"><strong>Le Temps- Agences-<\/strong><\/span> <strong>La contestation s&rsquo;intensifie en Birmanie. Plusieurs milliers de personnes ont manifest\u00e9 hier \u00e0 Rangoun, aux couleurs de la Ligue nationale pour la d\u00e9mocratie, le parti de Aung San Suu Kyi, arr\u00eat\u00e9e lundi.<\/strong><\/span><\/span><\/p>\n<p class=\"p1 c6\"><span class=\"c4\"><span class=\"c3\">C&rsquo;est le plus grand rassemblement depuis le coup d&rsquo;Etat militaire. \u00ab\u00a0A bas la dictature militaire\u00a0\u00bb, ont cri\u00e9 les contestataires, agitant des drapeaux de la LND et faisant le salut \u00e0 trois doigts, un geste de r\u00e9sistance emprunt\u00e9 au cin\u00e9ma am\u00e9ricain. \u00ab\u00a0Nous sommes ici pour nous battre pour la prochaine g\u00e9n\u00e9ration, pour les lib\u00e9rer de la dictature militaire\u00a0\u00bb, a d\u00e9clar\u00e9 une des manifestantes.<\/span><\/span><\/p>\n<p class=\"p1 c6\"><span class=\"c4\"><span class=\"c3\">Les Birmans sont donc parvenus \u00e0 s&rsquo;organiser pour manifester et passer outre les coupures internet que connaissent le pays pour la seconde fois cette semaine, selon l&rsquo;ONG de surveillance NetBlocks. L&rsquo;acc\u00e8s \u00e0 Twitter et Instagram est nettement restreint depuis la veille pour tenter de faire taire la contestation, \u00e9galement pr\u00e9sente sur les r\u00e9seaux sociaux o\u00f9 les hashtags #WeNeedDemocracy, #HeartheVoiceofMyanmar et #Freedomfromfear ont \u00e9t\u00e9 utilis\u00e9s des millions de fois.<\/span><\/span><\/p>\n<p class=\"p1 c6\"><span class=\"c4\"><span class=\"c3\">Le groupe norv\u00e9gien Telenor, l&rsquo;un des principaux op\u00e9rateurs de t\u00e9l\u00e9communications en Birmanie, a confirm\u00e9 que les autorit\u00e9s avaient ordonn\u00e9 le blocage de ces plateformes \u00ab\u00a0jusqu&rsquo;\u00e0 nouvel ordre\u00a0\u00bb. Cette injonction porte atteinte \u00ab\u00a0au droit des gens de faire entendre leurs voix\u00a0\u00bb, a relev\u00e9 un porte-parole de Twitter.<\/span><\/span><\/p>\n<p class=\"p1 c6\"><span class=\"c4\"><span class=\"c3\">Hier, un conseiller \u00e9conomique australien de l&rsquo;ex-dirigeante Aung San Suu Kyi a d\u00e9clar\u00e9 \u00e0 la BBC qu&rsquo;il avait \u00e9t\u00e9 arr\u00eat\u00e9 en Birmanie, quelques jours apr\u00e8s le coup d&rsquo;Etat. \u00ab\u00a0Je suis actuellement d\u00e9tenu et peut-\u00eatre accus\u00e9 de quelque chose. Je ne sais pas ce que cela peut \u00eatre\u00a0\u00bb, a d\u00e9clar\u00e9 Sean Turnell, professeur \u00e0 l&rsquo;Universit\u00e9 Macquarie en Australie. Il s&rsquo;agit de la premi\u00e8re arrestation connue d&rsquo;un ressortissant \u00e9tranger depuis le putsch militaire de lundi.<\/span><\/span><\/p>\n<p class=\"p1 c5\">\u00a0<\/p>\n<p class=\"p1 c6\"><span class=\"c4\"><span class=\"c3\">L&rsquo;envoy\u00e9e sp\u00e9ciale de l&rsquo;ONU pour la Birmanie a \u00e9chang\u00e9 avec les militaires. Elle leur demand\u00e9 de mettre un terme au coup d&rsquo;Etat et de lib\u00e9rer les personnes d\u00e9tenues. Mais le Conseil de s\u00e9curit\u00e9 n&rsquo;a pas formellement condamn\u00e9 le putsch dans sa d\u00e9claration commune, car Chinois et Russes s&rsquo;y opposent. Reste la menace de sanctions, que l&rsquo;Union europ\u00e9enne et les Etats-Unis font planer, m\u00eame si aucune d\u00e9cision n&rsquo;a pour l&rsquo;heure \u00e9t\u00e9 prise pr\u00e8s d&rsquo;une semaine apr\u00e8s le coup d&rsquo;\u00c9tat.<\/span><\/span><\/p>\n<p>Auteur: letemps1<br \/>\n<a href=\"http:\/\/www.letemps.com.tn\/article\/119180\/la-contestation-sintensifie-en-birmanie\">Cliquez ici pour lire l&rsquo;article depuis sa source.<\/a><\/p>\n","protected":false},"excerpt":{"rendered":"<p>Le Temps- Agences- La contestation s&rsquo;intensifie en Birmanie. Plusieurs milliers de personnes ont manifest\u00e9 hier \u00e0 Rangoun, aux couleurs de la Ligue nationale pour la d\u00e9mocratie, le parti de Aung San Suu Kyi, arr\u00eat\u00e9e lundi. C&rsquo;est le plus grand rassemblement depuis le coup d&rsquo;Etat militaire. \u00ab\u00a0A bas la dictature militaire\u00a0\u00bb, ont cri\u00e9 les contestataires, agitant [&hellip;]<\/p>\n","protected":false},"author":1773,"featured_media":0,"comment_status":"closed","ping_status":"closed","sticky":false,"template":"","format":"standard","meta":{"fifu_image_url":"","fifu_image_alt":"","footnotes":""},"categories":[73,55],"tags":[],"class_list":["post-110833","post","type-post","status-publish","format-standard","hentry","category-actualite","category-tunisie"],"_links":{"self":[{"href":"https:\/\/linitiative.ca\/International\/wp-json\/wp\/v2\/posts\/110833","targetHints":{"allow":["GET"]}}],"collection":[{"href":"https:\/\/linitiative.ca\/International\/wp-json\/wp\/v2\/posts"}],"about":[{"href":"https:\/\/linitiative.ca\/International\/wp-json\/wp\/v2\/types\/post"}],"author":[{"embeddable":true,"href":"https:\/\/linitiative.ca\/International\/wp-json\/wp\/v2\/users\/1773"}],"replies":[{"embeddable":true,"href":"https:\/\/linitiative.ca\/International\/wp-json\/wp\/v2\/comments?post=110833"}],"version-history":[{"count":0,"href":"https:\/\/linitiative.ca\/International\/wp-json\/wp\/v2\/posts\/110833\/revisions"}],"wp:attachment":[{"href":"https:\/\/linitiative.ca\/International\/wp-json\/wp\/v2\/media?parent=110833"}],"wp:term":[{"taxonomy":"category","embeddable":true,"href":"https:\/\/linitiative.ca\/International\/wp-json\/wp\/v2\/categories?post=110833"},{"taxonomy":"post_tag","embeddable":true,"href":"https:\/\/linitiative.ca\/International\/wp-json\/wp\/v2\/tags?post=110833"}],"curies":[{"name":"wp","href":"https:\/\/api.w.org\/{rel}","templated":true}]}}