{"id":110835,"date":"2021-02-08T12:15:00","date_gmt":"2021-02-08T17:15:00","guid":{"rendered":"https:\/\/linitiative.ca\/International\/un-partenariat-pour-la-mise-en-valeur-et-le-developpement-du-patrimoine\/"},"modified":"2021-02-08T12:15:00","modified_gmt":"2021-02-08T17:15:00","slug":"un-partenariat-pour-la-mise-en-valeur-et-le-developpement-du-patrimoine","status":"publish","type":"post","link":"https:\/\/linitiative.ca\/International\/un-partenariat-pour-la-mise-en-valeur-et-le-developpement-du-patrimoine\/","title":{"rendered":"Un partenariat pour la mise en valeur et le d\u00e9veloppement du patrimoine"},"content":{"rendered":"<p>L\u2019AMVPPC et le Centre International de la culture num\u00e9rique\u00a0:<\/p>\n<footer class=\"submitted clearfix\">\n<p><span class=\"date-display-single\" property=\"dc:date\" datatype=\"xsd:dateTime\" content=\"2021-02-08T00:00:00+01:00\">Lundi 8 F\u00e9vrier 2021<\/span><\/p>\n<\/footer>\n<div class=\"content clearfix\" readability=\"40.900097465887\"><span class=\"print-link\"><span class=\"print_html\"><a href=\"http:\/\/www.letemps.com.tn\/print\/119182\" title=\"Display a printer-friendly version of this page.\" class=\"print-page\" onclick=\"window.open(this.href); return false\" rel=\"nofollow\"><img decoding=\"async\" class=\"print-icon\" typeof=\"foaf:Image\" src=\"http:\/\/www.letemps.com.tn\/sites\/all\/modules\/print\/icons\/print_icon.gif\" alt=\"\u0646\u0633\u062e\u0629 \u0644\u0644\u0637\u0628\u0627\u0639\u0629\" title=\"\u0646\u0633\u062e\u0629 \u0644\u0644\u0637\u0628\u0627\u0639\u0629\"\/><\/a><\/span><\/span><\/p>\n<div class=\"beacon9-social\">\n<p><iframe src=\"http:\/\/www.facebook.com\/plugins\/like.php?href=http%3A%2F%2Fwww.letemps.com.tn%2Farticle%2F119182%2Fun-partenariat-pour-la-mise-en-valeur-et-le-d%25C3%25A9veloppement-du-patrimoine&amp;layout=button_count&amp;show_faces=false&amp;action=like&amp;font=arial&amp;colorscheme=light\" scrolling=\"no\" frameborder=\"0\" class=\"c1\" allowtransparency=\"true\">[embedded content]<\/iframe><\/p>\n<\/div>\n<div class=\"field field-name-field-op-main-image field-type-image field-label-hidden field-items field-item even\"><img loading=\"lazy\" decoding=\"async\" typeof=\"foaf:Image\" src=\"http:\/\/www.letemps.com.tn\/sites\/www.letemps.com.tn\/files\/styles\/620px_wide\/public\/main\/articles\/received_699250744100977.jpeg\" width=\"675\" height=\"451\" alt=\"\"\/><\/div>\n<div class=\"field field-name-body field-type-text-with-summary field-label-hidden field-items field-item even\" readability=\"52\">\n<p>Dans le cadre des directives nationales dans le domaine de la culture num\u00e9rique et afin de nouer des partenariats entre les Institutions publiques, l&rsquo;Agence de mise en valeur du patrimoine et de promotion culturelle, (AMVPPC), repr\u00e9sent\u00e9e par sa directrice g\u00e9n\u00e9rale Mme Amel Hachana, vient de signer \u00e0 la cit\u00e9 de la Culture, un accord de partenariat avec le Centre international de Tunis pour l\u2019\u00e9conomie culturelle num\u00e9rique.<br \/>Cet accord a pour but de d\u00e9finir un cadre de partenariat et d&rsquo;entraide entre les deux parties afin de coordonner et de collaborer ensemble quant \u00e0 l&rsquo;accompagnement des startups et des entrepreneurs dans le domaine de la culture num\u00e9rique qui s&rsquo;attellent \u00e0 la mise en valeur et au d\u00e9veloppement du patrimoine.<br \/>Le partenariat entre les deux acteurs comprend aussi l&rsquo;organisation de manifestations communes, \u00e0 savoir, l&rsquo;accompagnement des startups et des entrepreneurs dans des projets culturels num\u00e9riques dans les domaines scientifiques, artistiques et techniques en particulier. Ainsi que la subvention commune de ces projets qui porteront sur la mise en valeur et la promotion du patrimoine mat\u00e9riel et immat\u00e9riel.<br \/>Il est question \u00e9galement, d\u2019associer les startups et les entrepreneurs dans le domaine de la culture num\u00e9rique dans les manifestations et les expositions locales et internationales de l&rsquo;AMVPPC. Sans oublier, l\u2019\u00e9change d&rsquo;expertises, la formation et la sensibilisation, la collaboration dans la prestation des services et dans tout domaine d&rsquo;int\u00e9r\u00eat commun.<br \/>C\u2019est dire qu\u2019actuellement, la plateforme num\u00e9rique constitue un \u00e9l\u00e9ment primordial pour conserver et valoriser le patrimoine qu\u2019il soit culturel, naturel, mat\u00e9riel ou immat\u00e9riel. Elle permet de mettre \u00e0 disposition du public, l\u2019acc\u00e8s aux \u00e9l\u00e9ments du patrimoine gratuitement, sans contrainte temporelle ou g\u00e9ographique. C\u2019est dans ce contexte que s\u2019inscrit ce partenariat entre l\u2019AMVPPC et le Centre international de Tunis pour l\u2019\u00e9conomie culturelle num\u00e9rique\u2026 Bon vent\u00a0!<\/p>\n<p>Sayda BEN ZINEB<\/p>\n<\/div>\n<\/div>\n<p>Auteur: letemps1<br \/>\n<a href=\"http:\/\/www.letemps.com.tn\/article\/119182\/un-partenariat-pour-la-mise-en-valeur-et-le-d%C3%A9veloppement-du-patrimoine\">Cliquez ici pour lire l&rsquo;article depuis sa source.<\/a><\/p>\n","protected":false},"excerpt":{"rendered":"<p>L\u2019AMVPPC et le Centre International de la culture num\u00e9rique\u00a0: Lundi 8 F\u00e9vrier 2021 [embedded content] Dans le cadre des directives nationales dans le domaine de la culture num\u00e9rique et afin de nouer des partenariats entre les Institutions publiques, l&rsquo;Agence de mise en valeur du patrimoine et de promotion culturelle, (AMVPPC), repr\u00e9sent\u00e9e par sa directrice g\u00e9n\u00e9rale [&hellip;]<\/p>\n","protected":false},"author":1773,"featured_media":0,"comment_status":"closed","ping_status":"closed","sticky":false,"template":"","format":"standard","meta":{"fifu_image_url":"http:\/\/www.letemps.com.tn\/sites\/all\/modules\/print\/icons\/print_icon.gif","fifu_image_alt":"Un partenariat pour la mise en valeur et le d\u00e9veloppement du patrimoine","footnotes":""},"categories":[73,55],"tags":[],"class_list":["post-110835","post","type-post","status-publish","format-standard","hentry","category-actualite","category-tunisie"],"_links":{"self":[{"href":"https:\/\/linitiative.ca\/International\/wp-json\/wp\/v2\/posts\/110835","targetHints":{"allow":["GET"]}}],"collection":[{"href":"https:\/\/linitiative.ca\/International\/wp-json\/wp\/v2\/posts"}],"about":[{"href":"https:\/\/linitiative.ca\/International\/wp-json\/wp\/v2\/types\/post"}],"author":[{"embeddable":true,"href":"https:\/\/linitiative.ca\/International\/wp-json\/wp\/v2\/users\/1773"}],"replies":[{"embeddable":true,"href":"https:\/\/linitiative.ca\/International\/wp-json\/wp\/v2\/comments?post=110835"}],"version-history":[{"count":0,"href":"https:\/\/linitiative.ca\/International\/wp-json\/wp\/v2\/posts\/110835\/revisions"}],"wp:attachment":[{"href":"https:\/\/linitiative.ca\/International\/wp-json\/wp\/v2\/media?parent=110835"}],"wp:term":[{"taxonomy":"category","embeddable":true,"href":"https:\/\/linitiative.ca\/International\/wp-json\/wp\/v2\/categories?post=110835"},{"taxonomy":"post_tag","embeddable":true,"href":"https:\/\/linitiative.ca\/International\/wp-json\/wp\/v2\/tags?post=110835"}],"curies":[{"name":"wp","href":"https:\/\/api.w.org\/{rel}","templated":true}]}}