{"id":110837,"date":"2021-02-08T15:14:06","date_gmt":"2021-02-08T20:14:06","guid":{"rendered":"https:\/\/linitiative.ca\/International\/international-om-mazzarri-tres-interesse-par-le-projet\/"},"modified":"2021-02-08T15:14:06","modified_gmt":"2021-02-08T20:14:06","slug":"international-om-mazzarri-tres-interesse-par-le-projet","status":"publish","type":"post","link":"https:\/\/linitiative.ca\/International\/international-om-mazzarri-tres-interesse-par-le-projet\/","title":{"rendered":"International : OM : Mazzarri tr\u00e8s int\u00e9ress\u00e9 par le projet"},"content":{"rendered":"<div readability=\"32\">\n<p>Auteur : <span class=\"time\">lundi 08 f\u00e9vrier 2021 15:00<\/span><\/p>\n<\/div>\n<div id=\"post_core\" readability=\"42\">\n<p>Pour embaucher l&rsquo;actuel coach de l&rsquo;Atl\u00e9tico Mineiro, il faut d\u00e9bourser les 670 000 euros de sa clause lib\u00e9ratoire. Du coup, Pablo Longoria pourrait se pencher sur le profil d&rsquo;un technicien libre. Ce lundi, La Provence et Maxifoot confirment les informations de La Gazzetta dello Sport sur un int\u00e9r\u00eat r\u00e9ciproque entre l&rsquo;OM et Walter Mazzarri. L&rsquo;Italien pr\u00e9sente l&rsquo;avantage d&rsquo;\u00eatre disponible tout de suite puisqu&rsquo;il est sans club depuis son licenciement par le Torino en f\u00e9vrier 2020. \u00c9galement courtis\u00e9 par Naples, o\u00f9 il a pass\u00e9 ses meilleures ann\u00e9es entre 2009 et 2013, Mazzarri est pr\u00eat \u00e0 prendre le train marseillais en marche.<\/p>\n<p><strong>Publi\u00e9 dans :<\/strong> <span>Mazzarri<\/span> <span>OM<\/span><\/p>\n<\/div>\n<p>Auteur:<br \/>\n<a href=\"http:\/\/www.lebuteur.com\/article\/detail?titre=om-mazzarri-tres-interesse-par-le-projet&#038;id=99005&#038;utm_source=feedburner&#038;utm_medium=feed&#038;utm_campaign=Feed%3A+GalerieFArtciles+%28Les+derniers+articles++-+lebuteur.com%29\">Cliquez ici pour lire l&rsquo;article depuis sa source.<\/a><\/p>\n","protected":false},"excerpt":{"rendered":"<p>Auteur : lundi 08 f\u00e9vrier 2021 15:00 Pour embaucher l&rsquo;actuel coach de l&rsquo;Atl\u00e9tico Mineiro, il faut d\u00e9bourser les 670 000 euros de sa clause lib\u00e9ratoire. Du coup, Pablo Longoria pourrait se pencher sur le profil d&rsquo;un technicien libre. Ce lundi, La Provence et Maxifoot confirment les informations de La Gazzetta dello Sport sur un int\u00e9r\u00eat [&hellip;]<\/p>\n","protected":false},"author":1738,"featured_media":0,"comment_status":"closed","ping_status":"closed","sticky":false,"template":"","format":"standard","meta":{"fifu_image_url":"\/\/cdn.lebuteur.com\/data\/images\/article\/thumbs\/large-om-mazzarri-tres-interesse-par-le-projet-59777.jpg","fifu_image_alt":"International : OM : Mazzarri tr\u00e8s int\u00e9ress\u00e9 par le projet","footnotes":""},"categories":[53,75],"tags":[],"class_list":["post-110837","post","type-post","status-publish","format-standard","hentry","category-algerie","category-sport"],"_links":{"self":[{"href":"https:\/\/linitiative.ca\/International\/wp-json\/wp\/v2\/posts\/110837","targetHints":{"allow":["GET"]}}],"collection":[{"href":"https:\/\/linitiative.ca\/International\/wp-json\/wp\/v2\/posts"}],"about":[{"href":"https:\/\/linitiative.ca\/International\/wp-json\/wp\/v2\/types\/post"}],"author":[{"embeddable":true,"href":"https:\/\/linitiative.ca\/International\/wp-json\/wp\/v2\/users\/1738"}],"replies":[{"embeddable":true,"href":"https:\/\/linitiative.ca\/International\/wp-json\/wp\/v2\/comments?post=110837"}],"version-history":[{"count":0,"href":"https:\/\/linitiative.ca\/International\/wp-json\/wp\/v2\/posts\/110837\/revisions"}],"wp:attachment":[{"href":"https:\/\/linitiative.ca\/International\/wp-json\/wp\/v2\/media?parent=110837"}],"wp:term":[{"taxonomy":"category","embeddable":true,"href":"https:\/\/linitiative.ca\/International\/wp-json\/wp\/v2\/categories?post=110837"},{"taxonomy":"post_tag","embeddable":true,"href":"https:\/\/linitiative.ca\/International\/wp-json\/wp\/v2\/tags?post=110837"}],"curies":[{"name":"wp","href":"https:\/\/api.w.org\/{rel}","templated":true}]}}