{"id":110838,"date":"2021-02-08T15:14:07","date_gmt":"2021-02-08T20:14:07","guid":{"rendered":"https:\/\/linitiative.ca\/International\/international-francfort-andre-silva-dans-le-viseur-dun-cador-europeen\/"},"modified":"2021-02-08T15:14:07","modified_gmt":"2021-02-08T20:14:07","slug":"international-francfort-andre-silva-dans-le-viseur-dun-cador-europeen","status":"publish","type":"post","link":"https:\/\/linitiative.ca\/International\/international-francfort-andre-silva-dans-le-viseur-dun-cador-europeen\/","title":{"rendered":"International : Francfort : Andr\u00e9 Silva dans le viseur d&rsquo;un cador europ\u00e9en"},"content":{"rendered":"<div readability=\"32\">\n<p>Auteur : <span class=\"time\">lundi 08 f\u00e9vrier 2021 16:20<\/span><\/p>\n<\/div>\n<div id=\"post_core\" readability=\"41\">\n<p>Apr\u00e8s un passage rat\u00e9 en Espagne du c\u00f4t\u00e9 du S\u00e9ville FC, l\u2019attaquant portugais est sur un nuage cette saison avec son club. Auteur de d\u00e9j\u00e0 17 buts en Bundesliga, le joueur de 25 ans serait m\u00eame dans les petits papiers de l\u2019Atl\u00e9tico de Madrid.\u00a0Selon Footmercato et\u00a0Bild, l\u2019Atl\u00e9tico de Madrid aurait fait d\u2019Andr\u00e9 Silva sa priorit\u00e9 offensive pour le mercato d\u2019\u00e9t\u00e9. Apr\u00e8s avoir enregistr\u00e9 le pr\u00eat avec option d\u2019achat de Moussa Demb\u00e9l\u00e9 cet hiver, les\u00a0Colchoneros\u00a0pr\u00e9voient d\u00e9j\u00e0 la saison prochaine et appr\u00e9cieraient fortement les performances de l&rsquo;ancien du FC Porto. Il faudra, par contre, d\u00e9bourser plus de 30 millions d\u2019euros pour que Francfort soit pr\u00eat \u00e0 n\u00e9gocier le d\u00e9part de son attaquant.<\/p>\n<\/div>\n<p>Auteur:<br \/>\n<a href=\"http:\/\/www.lebuteur.com\/article\/detail?titre=francfort-andre-silva-dans-le-viseur-dun-cador-europeen&#038;id=99006&#038;utm_source=feedburner&#038;utm_medium=feed&#038;utm_campaign=Feed%3A+GalerieFArtciles+%28Les+derniers+articles++-+lebuteur.com%29\">Cliquez ici pour lire l&rsquo;article depuis sa source.<\/a><\/p>\n","protected":false},"excerpt":{"rendered":"<p>Auteur : lundi 08 f\u00e9vrier 2021 16:20 Apr\u00e8s un passage rat\u00e9 en Espagne du c\u00f4t\u00e9 du S\u00e9ville FC, l\u2019attaquant portugais est sur un nuage cette saison avec son club. Auteur de d\u00e9j\u00e0 17 buts en Bundesliga, le joueur de 25 ans serait m\u00eame dans les petits papiers de l\u2019Atl\u00e9tico de Madrid.\u00a0Selon Footmercato et\u00a0Bild, l\u2019Atl\u00e9tico de [&hellip;]<\/p>\n","protected":false},"author":1738,"featured_media":0,"comment_status":"closed","ping_status":"closed","sticky":false,"template":"","format":"standard","meta":{"fifu_image_url":"\/\/cdn.lebuteur.com\/data\/images\/article\/thumbs\/large-francfort-andre-silva-dans-le-viseur-dun-cador-europeen-04b73.jpg","fifu_image_alt":"International : Francfort : Andr\u00e9 Silva dans le viseur d'un cador europ\u00e9en","footnotes":""},"categories":[53,75],"tags":[],"class_list":["post-110838","post","type-post","status-publish","format-standard","hentry","category-algerie","category-sport"],"_links":{"self":[{"href":"https:\/\/linitiative.ca\/International\/wp-json\/wp\/v2\/posts\/110838","targetHints":{"allow":["GET"]}}],"collection":[{"href":"https:\/\/linitiative.ca\/International\/wp-json\/wp\/v2\/posts"}],"about":[{"href":"https:\/\/linitiative.ca\/International\/wp-json\/wp\/v2\/types\/post"}],"author":[{"embeddable":true,"href":"https:\/\/linitiative.ca\/International\/wp-json\/wp\/v2\/users\/1738"}],"replies":[{"embeddable":true,"href":"https:\/\/linitiative.ca\/International\/wp-json\/wp\/v2\/comments?post=110838"}],"version-history":[{"count":0,"href":"https:\/\/linitiative.ca\/International\/wp-json\/wp\/v2\/posts\/110838\/revisions"}],"wp:attachment":[{"href":"https:\/\/linitiative.ca\/International\/wp-json\/wp\/v2\/media?parent=110838"}],"wp:term":[{"taxonomy":"category","embeddable":true,"href":"https:\/\/linitiative.ca\/International\/wp-json\/wp\/v2\/categories?post=110838"},{"taxonomy":"post_tag","embeddable":true,"href":"https:\/\/linitiative.ca\/International\/wp-json\/wp\/v2\/tags?post=110838"}],"curies":[{"name":"wp","href":"https:\/\/api.w.org\/{rel}","templated":true}]}}