{"id":110840,"date":"2021-02-08T15:14:11","date_gmt":"2021-02-08T20:14:11","guid":{"rendered":"https:\/\/linitiative.ca\/International\/pros-ldc-mahrez-et-bensebaini-se-donnent-rendez-vous-en-hongrie\/"},"modified":"2021-02-08T15:14:11","modified_gmt":"2021-02-08T20:14:11","slug":"pros-ldc-mahrez-et-bensebaini-se-donnent-rendez-vous-en-hongrie","status":"publish","type":"post","link":"https:\/\/linitiative.ca\/International\/pros-ldc-mahrez-et-bensebaini-se-donnent-rendez-vous-en-hongrie\/","title":{"rendered":"Pros : LDC : Mahrez et Bensebaini se donnent rendez-vous en Hongrie"},"content":{"rendered":"<div readability=\"32\">\n<p>Auteur : <span class=\"time\">lundi 08 f\u00e9vrier 2021 20:27<\/span><\/p>\n<\/div>\n<div id=\"post_core\" readability=\"42\">\n<p>Les huiti\u00e8mes de finale de Ligue des Champions continuent d&rsquo;\u00eatre impact\u00e9s par l&rsquo;\u00e9pid\u00e9mie toujours galopante li\u00e9e au coronavirus et ses diff\u00e9rents variants. Apr\u00e8s RB Leipzig-Liverpool, c&rsquo;est au tour de la rencontre entre le Borussia M\u00f6nchengladbach et Manchester City d&rsquo;\u00eatre d\u00e9localis\u00e9 comme l&rsquo;indique Footmercato.<\/p>\n<p>Comme pour Leipzig et Liverpool (le 16 f\u00e9vrier), la rencontre se tiendra \u00e0 Budapest, en Hongrie, \u00e0 la Pusk\u00e1s Ar\u00e9na le 24 f\u00e9vrier prochain. L&rsquo;UEFA a officialis\u00e9 la nouvelle ce lundi.<\/p>\n<p><strong>Publi\u00e9 dans :<\/strong> <span>Mahrez<\/span><\/p>\n<\/div>\n<p>Auteur:<br \/>\n<a href=\"http:\/\/www.lebuteur.com\/article\/detail?titre=ldc-mahrez-et-bensebaini-se-donnent-rendez-vous-en-hongrie&#038;id=99008&#038;utm_source=feedburner&#038;utm_medium=feed&#038;utm_campaign=Feed%3A+GalerieFArtciles+%28Les+derniers+articles++-+lebuteur.com%29\">Cliquez ici pour lire l&rsquo;article depuis sa source.<\/a><\/p>\n","protected":false},"excerpt":{"rendered":"<p>Auteur : lundi 08 f\u00e9vrier 2021 20:27 Les huiti\u00e8mes de finale de Ligue des Champions continuent d&rsquo;\u00eatre impact\u00e9s par l&rsquo;\u00e9pid\u00e9mie toujours galopante li\u00e9e au coronavirus et ses diff\u00e9rents variants. Apr\u00e8s RB Leipzig-Liverpool, c&rsquo;est au tour de la rencontre entre le Borussia M\u00f6nchengladbach et Manchester City d&rsquo;\u00eatre d\u00e9localis\u00e9 comme l&rsquo;indique Footmercato. Comme pour Leipzig et Liverpool [&hellip;]<\/p>\n","protected":false},"author":1738,"featured_media":0,"comment_status":"closed","ping_status":"closed","sticky":false,"template":"","format":"standard","meta":{"fifu_image_url":"\/\/cdn.lebuteur.com\/data\/images\/article\/thumbs\/large-ldc-mahrez-et-bensebaini-vont-se-retrouver-en-hongrie-b0489.jpg","fifu_image_alt":"Pros : LDC : Mahrez et Bensebaini se donnent rendez-vous en Hongrie","footnotes":""},"categories":[53,75],"tags":[],"class_list":["post-110840","post","type-post","status-publish","format-standard","hentry","category-algerie","category-sport"],"_links":{"self":[{"href":"https:\/\/linitiative.ca\/International\/wp-json\/wp\/v2\/posts\/110840","targetHints":{"allow":["GET"]}}],"collection":[{"href":"https:\/\/linitiative.ca\/International\/wp-json\/wp\/v2\/posts"}],"about":[{"href":"https:\/\/linitiative.ca\/International\/wp-json\/wp\/v2\/types\/post"}],"author":[{"embeddable":true,"href":"https:\/\/linitiative.ca\/International\/wp-json\/wp\/v2\/users\/1738"}],"replies":[{"embeddable":true,"href":"https:\/\/linitiative.ca\/International\/wp-json\/wp\/v2\/comments?post=110840"}],"version-history":[{"count":0,"href":"https:\/\/linitiative.ca\/International\/wp-json\/wp\/v2\/posts\/110840\/revisions"}],"wp:attachment":[{"href":"https:\/\/linitiative.ca\/International\/wp-json\/wp\/v2\/media?parent=110840"}],"wp:term":[{"taxonomy":"category","embeddable":true,"href":"https:\/\/linitiative.ca\/International\/wp-json\/wp\/v2\/categories?post=110840"},{"taxonomy":"post_tag","embeddable":true,"href":"https:\/\/linitiative.ca\/International\/wp-json\/wp\/v2\/tags?post=110840"}],"curies":[{"name":"wp","href":"https:\/\/api.w.org\/{rel}","templated":true}]}}