{"id":110841,"date":"2021-02-08T09:12:00","date_gmt":"2021-02-08T14:12:00","guid":{"rendered":"https:\/\/linitiative.ca\/International\/inauguration-du-sepulcre-erige-a-la-memoire-du-martyr-chokri-belaid-album-photos\/"},"modified":"2021-02-08T09:12:00","modified_gmt":"2021-02-08T14:12:00","slug":"inauguration-du-sepulcre-erige-a-la-memoire-du-martyr-chokri-belaid-album-photos","status":"publish","type":"post","link":"https:\/\/linitiative.ca\/International\/inauguration-du-sepulcre-erige-a-la-memoire-du-martyr-chokri-belaid-album-photos\/","title":{"rendered":"Inauguration du s\u00e9pulcre \u00e9rig\u00e9 \u00e0 la m\u00e9moire du martyr Chokri Bela\u00efd (Album photos)"},"content":{"rendered":"<p>Au grands hommes, la patrie reconaissante. Huit ans apr\u00e8s son assassinat, un s\u00e9pulcre comm\u00e9moratif a \u00e9t\u00e9 \u00e9rig\u00e9 \u00e0 la m\u00e9moire du martyr Chokri Bela\u00efd \u00e0 quelques m\u00e8tres de l&rsquo;endroit de l&rsquo;attentat dont il a \u00e9t\u00e9 victime. C&rsquo;est en pr\u00e9sence de sa famille, de ses camarades de lutte, de ses partisans et de citoyens anonymes et l&rsquo;absence remarqu\u00e9e des officiels\u00a0 que cette c\u00e9r\u00e9monie a eu lieu en comm\u00e9moration de ce l\u00e2che attentat perp\u00e9tr\u00e9 le 6 f\u00e9vrier 2013.<\/p>\n<p>Auteur:<br \/>\n<a href=\"https:\/\/www.leaders.com.tn\/article\/31397-inauguration-du-memorial-erige-a-la-memoire-du-martyr-chokri-belaid-album-photos\">Cliquez ici pour lire l&rsquo;article depuis sa source.<\/a><\/p>\n","protected":false},"excerpt":{"rendered":"<p>Au grands hommes, la patrie reconaissante. Huit ans apr\u00e8s son assassinat, un s\u00e9pulcre comm\u00e9moratif a \u00e9t\u00e9 \u00e9rig\u00e9 \u00e0 la m\u00e9moire du martyr Chokri Bela\u00efd \u00e0 quelques m\u00e8tres de l&rsquo;endroit de l&rsquo;attentat dont il a \u00e9t\u00e9 victime. C&rsquo;est en pr\u00e9sence de sa famille, de ses camarades de lutte, de ses partisans et de citoyens anonymes et [&hellip;]<\/p>\n","protected":false},"author":1772,"featured_media":0,"comment_status":"closed","ping_status":"closed","sticky":false,"template":"","format":"standard","meta":{"fifu_image_url":"","fifu_image_alt":"","footnotes":""},"categories":[73,55],"tags":[],"class_list":["post-110841","post","type-post","status-publish","format-standard","hentry","category-actualite","category-tunisie"],"_links":{"self":[{"href":"https:\/\/linitiative.ca\/International\/wp-json\/wp\/v2\/posts\/110841","targetHints":{"allow":["GET"]}}],"collection":[{"href":"https:\/\/linitiative.ca\/International\/wp-json\/wp\/v2\/posts"}],"about":[{"href":"https:\/\/linitiative.ca\/International\/wp-json\/wp\/v2\/types\/post"}],"author":[{"embeddable":true,"href":"https:\/\/linitiative.ca\/International\/wp-json\/wp\/v2\/users\/1772"}],"replies":[{"embeddable":true,"href":"https:\/\/linitiative.ca\/International\/wp-json\/wp\/v2\/comments?post=110841"}],"version-history":[{"count":0,"href":"https:\/\/linitiative.ca\/International\/wp-json\/wp\/v2\/posts\/110841\/revisions"}],"wp:attachment":[{"href":"https:\/\/linitiative.ca\/International\/wp-json\/wp\/v2\/media?parent=110841"}],"wp:term":[{"taxonomy":"category","embeddable":true,"href":"https:\/\/linitiative.ca\/International\/wp-json\/wp\/v2\/categories?post=110841"},{"taxonomy":"post_tag","embeddable":true,"href":"https:\/\/linitiative.ca\/International\/wp-json\/wp\/v2\/tags?post=110841"}],"curies":[{"name":"wp","href":"https:\/\/api.w.org\/{rel}","templated":true}]}}