{"id":110844,"date":"2021-02-08T10:15:00","date_gmt":"2021-02-08T15:15:00","guid":{"rendered":"https:\/\/linitiative.ca\/International\/union-africaine-le-premier-sommet-en-mode-virtuel-dans-la-vie-de-lorganisation-panafricaine\/"},"modified":"2021-02-08T10:15:00","modified_gmt":"2021-02-08T15:15:00","slug":"union-africaine-le-premier-sommet-en-mode-virtuel-dans-la-vie-de-lorganisation-panafricaine","status":"publish","type":"post","link":"https:\/\/linitiative.ca\/International\/union-africaine-le-premier-sommet-en-mode-virtuel-dans-la-vie-de-lorganisation-panafricaine\/","title":{"rendered":"Union africaine : Le premier sommet en mode virtuel dans la vie de l\u2019organisation panafricaine"},"content":{"rendered":"<p><span class=\"c3\"><span class=\"c2\"><em><strong>Par Hajer Gueldich &#8211;<\/strong><\/em><\/span><\/span> Les 6 et 7 f\u00e9vrier 2021 ont \u00e9t\u00e9 marqu\u00e9s par un \u00e9v\u00e9nement fort important pour l\u2019Union africaine. Il s\u2019agit de la 34e session ordinaire de la Conf\u00e9rence des Chefs d\u2019Etat et de gouvernement de l\u2019Union africaine, un RDV annuel que tous les pays africains suivent avec grand int\u00e9r\u00eat pour conna\u00eetre les nouvelles d\u00e9clarations, r\u00e9solutions et d\u00e9cisions prises au niveau des plus hautes autorit\u00e9s de chaque Etat de l\u2019Afrique, des d\u00e9cisions qui peuvent \u00eatre d\u00e9terminantes pour l\u2019avenir de certains dossiers politiques, \u00e9conomiques et strat\u00e9giques pour l\u2019Afrique.<\/p>\n<p>Malheureusement (et ce n\u2019est pas nouveau), ni les autorit\u00e9s tunisiennes, ni les m\u00e9dias n\u2019y avaient accord\u00e9 la moindre attention. Tout comme les sommets qui ont pr\u00e9c\u00e9d\u00e9, cet \u00e9v\u00e9nement majeur passe toujours inaper\u00e7u en Tunisie et ses d\u00e9cisions restent toujours inconnues du grand public.<\/p>\n<p>C\u2019est une nouvelle opportunit\u00e9\u00a0 de perdue, pour notre Etat, pour marquer sa pr\u00e9sence, au moins virtuelle, sur l\u2019\u00e9chiquier africain. Il est pour le moins bizarre de ne voir ni le Chef de l\u2019Etat, ni le Ministre des affaires \u00e9trang\u00e8res repr\u00e9sentant la R\u00e9publique tunisienne, online, dans le plus grand rendez-vous annuel de l\u2019Afrique. La politique \u00e9trang\u00e8re tunisienne, jadis pionni\u00e8re et source d&rsquo;inspiration pour les autres pays d&rsquo;Afrique, est aujourd&rsquo;hui afflig\u00e9e aujourd\u2019hui d&rsquo;une myopie intellectuelle av\u00e9r\u00e9e et d\u00e9cevante, mettant ainsi l\u2019Etat tunisien et le peuple tunisien en d\u00e9calage avec l\u2019actualit\u00e9 africaine et en d\u00e9phasage latent avec des d\u00e9cisions qui peuvent changer le visage de l\u2019Afrique \u00e0 moyen et \u00e0 long terme.<\/p>\n<p>Quelles furent les d\u00e9cisions et les moments forts de ce 34e sommet de l\u2019Union africaine ? Et qu\u2019est ce qui a chang\u00e9, cette ann\u00e9e, par rapport aux sessions pr\u00e9c\u00e9dentes ?<\/p>\n<p><span class=\"c5\"><span class=\"c4\"><strong>1. Un sommet organis\u00e9 en mode hybride en raison de la pand\u00e9mie Covid-19<\/strong><\/span><\/span><\/p>\n<p>Organis\u00e9 exceptionnellement en ligne pour \u00e9viter toute contamination, ce sommet de l&rsquo;UA s\u2019est d\u00e9roul\u00e9 \u00e0 Addis abeba en pr\u00e9sence du Pr\u00e9sident entrant de la Conf\u00e9rence, le Pr\u00e9sident de la R\u00e9publique d\u00e9mocratique du Congo, S.E.M. F\u00e9lix Tshiseked qui succ\u00e9da au Pr\u00e9sident de l\u2019Afrique du sud, S.E M. Cyril Ramaphosa, dans le cadre de la pr\u00e9sidence tournante annuelle de l&rsquo;organisation.<\/p>\n<p>Les membres du Bureau de la Conf\u00e9rence de l&rsquo;Union africaine sont S.E. M. F\u00e9lix Tshisekedi, Pr\u00e9sident de la R\u00e9publique d\u00e9mocratique du Congo, S.E.M. Abdel\u00a0 Fattah el-Sissi, Pr\u00e9sident de la R\u00e9publique arabe d&rsquo;\u00c9gypte, S.E.M. Uhuru Kenyatta, Pr\u00e9sident de la R\u00e9publique du Kenya, et S.E.M. Ibrahim Boubacar Ke\u00efta, Pr\u00e9sident de la R\u00e9publique du Mali.<\/p>\n<p>Pour ce qui est la r\u00e9ponse de l\u2019Afrique \u00e0 la pand\u00e9mie de Covid-19, il a \u00e9t\u00e9 rappel\u00e9 les progr\u00e8s appr\u00e9ciables accomplis par l&rsquo;Union africaine dans la r\u00e9ponse \u00e0 la pand\u00e9mie, notamment la mise en \u0153uvre de la Strat\u00e9gie continentale africaine conjointe de lutte contre Covid-19, la cr\u00e9ation du Fonds d&rsquo;intervention Covid-19 de l&rsquo;Union africaine, la formation d&rsquo;une plate-forme africaine d&rsquo;approvisionnement en m\u00e9dicaments, le Partenariat pour acc\u00e9l\u00e9rer les tests de la Covid-19, la nomination d&rsquo;Envoy\u00e9s sp\u00e9ciaux de l&rsquo;Union africaine pour la r\u00e9ponse \u00e0 la Covid-19 et le travail inestimable effectu\u00e9 par le groupe de travail africain nouvellement cr\u00e9\u00e9 pour l&rsquo;acquisition des vaccins.<\/p>\n<p>La conf\u00e9rence a estim\u00e9 n\u00e9cessaire d&rsquo;assurer \u00e0 tous les \u00c9tats membres de l&rsquo;UA un acc\u00e8s \u00e9quitable et rapide au vaccin contre la Covid-19, ce qui demande des m\u00e9canismes suppl\u00e9mentaires pour garantir qu&rsquo;au moins 60% de la population du continent soit vaccin\u00e9e. Elle a soulign\u00e9 la n\u00e9cessit\u00e9 d&rsquo;un acc\u00e8s universel, \u00e9quitable et rapide \u00e0 des produits m\u00e9dicaux abordables, notamment aux kits de diagnostic, aux vaccins, aux \u00e9quipements de protection individuelle et aux appareils de ventilation pour une r\u00e9ponse rapide et efficace \u00e0 la pand\u00e9mie de Covid-19.<\/p>\n<p>En outre, elle a constat\u00e9 que, compte tenu de ce qui pr\u00e9c\u00e8de, il existe des circonstances exceptionnelles justifiant une d\u00e9rogation aux obligations de l&rsquo;Accord sur les aspects des droits de propri\u00e9t\u00e9 intellectuelle qui touchent au commerce (Accord sur les ADPIC) sp\u00e9cifiquement pour la pr\u00e9vention, l\u2019endiguement et le traitement de la Covid-19 et a d\u00e9cid\u00e9 d\u2019appuyer la proposition de d\u00e9rogation de l&rsquo;OMC \u00e0 certaines dispositions de l&rsquo;Accord sur les ADPIC pour la pr\u00e9vention, l\u2019endiguement et le traitement de la Covid-19.<\/p>\n<p><span class=\"c4\"><span class=\"c5\"><strong>2. \u00c9lections de la nouvelle Commission de l\u2019Union africaine et autres postes de leadership au sein de l\u2019Union africaine<\/strong><\/span><\/span><\/p>\n<p>L\u2019\u00e9v\u00e9nement le plus attendu de ce Sommet fut l\u2019\u00e9lection de la nouvelle Commission de l\u2019UA pour les 4 prochaines ann\u00e9es dans sa nouvelle formule apr\u00e8s l\u2019application de la r\u00e9forme institutionnelle de l\u2019Union africaine, c\u2019est \u00e0 dire passer de 8 \u00e0 6 Commissaires, en sus du Pr\u00e9sident et du Vice Pr\u00e9sident de la Commission.<\/p>\n<p>C\u2019\u00e9tait la premi\u00e8re fois, dans la vie de notre cette organisation, que les \u00e9lections ont \u00e9t\u00e9 faites en mode virtuel. De grands efforts ont \u00e9t\u00e9 d\u00e9ploy\u00e9s au niveau du bureau du Conseiller juridique et des services techniques de l\u2019Union africaine, afin de veiller \u00e0 la bonne organisation et au succ\u00e8s de cet \u00e9v\u00e9nement.<\/p>\n<p>En r\u00e9alit\u00e9, les r\u00e9sultats \u00e9taient attendus. S.E.M Moussa Faki (candidat unique \u00e0 la Pr\u00e9sidence) a \u00e9t\u00e9 r\u00e9\u00e9lu Pr\u00e9sident de la Commission de l&rsquo;Union africaine avec 51 voix sur 54, 3 abstentions. La rwandaise Dr. Monique Nsanzabaganwa, ancienne gouverneure adjointe de la Banque Nationale du Rwanda, a \u00e9t\u00e9 \u00e9lue vice-pr\u00e9sidente de la Commission de l&rsquo;Union africaine avec 42 voix sur 54.<\/p>\n<p>En ce qui concerne les Commissaires, pour l&rsquo;Agriculture et d\u00e9veloppement rural, c&rsquo;est Josefa Leonel Coreeia Sacko (Angola &#8211; r\u00e9gion Sud) qui a \u00e9t\u00e9 r\u00e9\u00e9lue. Pour le D\u00e9veloppement \u00e9conomique, commerce et industrie, ce fut\u00a0 Albert Muchanga (Zambie &#8211; R\u00e9gion du Sud) qui a \u00e9t\u00e9 r\u00e9\u00e9lu. Pour l\u2019Infrastructure et l\u2019\u00e9nergie, Amani About Zeid (\u00c9gypte- R\u00e9gion du Nord) fut r\u00e9\u00e9lue. Pour les Affaires politiques, paix et s\u00e9curit\u00e9, le candidat du Nigeria, Ambassadeur Bankole Adobe a \u00e9t\u00e9 \u00e9lu.<\/p>\n<p>L\u2019\u00e9lection de la nouvelle Commission de l\u2019Union africaine est cens\u00e9e apporter du sang niveau, des id\u00e9es nouvelles et un leadership nouveau pour l\u2019Afrique, on se demande alors si la r\u00e9\u00e9lection des 4 m\u00eames personnes sur les 6 peut \u00eatre consid\u00e9r\u00e9e comme une nouvelle configuration de la Commission ? En tout cas, c\u2019est un droit \u00e9tabli dans l\u2019Acte constitutif de l\u2019Union africaine et autres textes pertinents, le mandat de ces Commissaires est de 4 ans renouvelable une fois. Cela pourra assurer la continuit\u00e9 des programmes, de la vision et des strat\u00e9gies con\u00e7ues lors des 4 derni\u00e8res ann\u00e9es.<\/p>\n<p>N\u00e9anmoins, et pour les deux postes Affaires sociales, sant\u00e9 et \u00c9ducation, science et technologie, les \u00e9lections ont \u00e9t\u00e9 suspendues. De nouvelles \u00e9lections avec de nouveaux candidats sont pr\u00e9vus lors de la 39e session ordinaire du Conseil ex\u00e9cutif en juin 2021.<\/p>\n<p>En raison des nouvelles exigences de la r\u00e9forme institutionnelle de l\u2019Union africaine concernant la r\u00e9partition g\u00e9ographique \u00e9quitable par r\u00e9gion et par genre au niveau des postes de Leadership au sein de la Commission de l\u2019Union africaine, il faut avoir parmi les candidats pour ces deux postes qui restent, des candidats de sexe masculin de la r\u00e9gion Nord et des candidats de sexe f\u00e9minin de la r\u00e9gion Ouest. C\u2019est donc une nouvelle opportunit\u00e9 qui s\u2019offre \u00e0 notre pays pour d\u00e9crocher des postes cl\u00e9 au sein de la Commission, ceux des Affaires sociales et sant\u00e9 et de l\u2019Education, science et technologie.<\/p>\n<p>Les autorit\u00e9s tunisiennes seraint bien inspir\u00e9es de pr\u00e9parer, d\u00e8s \u00e0 pr\u00e9sent, la candidature de la Tunisie pour ces deux portefeuilles et de cesser de rester \u00e0 la marge de l\u2019histoire et des \u00e9v\u00e9nements importants qui se d\u00e9cident et se mettent en \u0153uvre, au niveau africain, toujours sans nous. La Tunisie n\u2019a jamais eu repr\u00e9sentants au niveau de ces portefeuilles alors qu&rsquo;elle\u00a0 ne manque pas de comp\u00e9tences pour repr\u00e9senter notre pays au niveau de la Commission de l\u2019UA pour les 4 prochaines ann\u00e9es.<\/p>\n<p>Rappelons, par ailleurs, que la r\u00e9\u00e9lection du Professeur Rafa\u00e2 Ben Achour comme juge \u00e0 la Cour africaine des droits de l&rsquo;Homme et des peuples pour un deuxi\u00e8me mandat de 6 ans, par le Conseil ex\u00e9cutif r\u00e9uni virtuellement les 3 et 4 f\u00e9vrier 2021, est pass\u00e9 aussi presque totalement inaper\u00e7ue, alors que dans d\u2019autres pays africains, ce genre d\u2019\u00e9v\u00e9nements est tr\u00e8s m\u00e9diatis\u00e9 et tr\u00e8s mis en valeur.<\/p>\n<p><span class=\"c4\"><span class=\"c5\"><strong>3. Les activit\u00e9s dans le cadre du th\u00e8me de l\u2019ann\u00e9e 2021 \u00abAnn\u00e9e pour les arts, la culture et le patrimoine\u00bb<\/strong><\/span><\/span><\/p>\n<p>Il est rappeler que les Chefs d\u2019\u00c9tats africains avaient d\u00e9clar\u00e9 l\u2019ann\u00e9e 2021 \u00ab Ann\u00e9e pour les arts, la culture et le patrimoine: leviers pour construire l\u2019Afrique que nous voulons \u00bb, pour l\u2019Union africaine, afin de promouvoir le secteur des arts, de la culture et du patrimoine et \u00e0 construire une Afrique r\u00e9siliente qui puisse, apr\u00e8s la pand\u00e9mie de Covid-19, assurer \u00e0 tous des soins de sant\u00e9 primaires et des services sociaux au moyen d\u2019une \u00e9conomie cr\u00e9ative.<\/p>\n<p>Par ailleurs, il a \u00e9t\u00e9 demand\u00e9 \u00e0 la Commission de l&rsquo;UA, en collaboration avec les \u00c9tats membres, \u00e0 d\u00e9ployer des efforts \u00e9nergiques en vue de la pleine mise en \u0153uvre des activit\u00e9s pr\u00e9vues dans le cadre du Th\u00e8me de l&rsquo;ann\u00e9e 2021 : \u00ab Les arts, la culture et le patrimoine : leviers pour construire l\u2019Afrique que nous voulons \u00bb\u00a0 et de la n\u00e9cessit\u00e9 de profiter de l&rsquo;occasion en or qu\u2019offre l&rsquo;ann\u00e9e des arts, de la culture et du patrimoine pour faire passer ce secteur \u00e0 un autre niveau en lui accordant une plus grande importance et des efforts plus concert\u00e9s car il s\u2019agit d\u2019un secteur essentiel qui a un grand potentiel pour contribuer consid\u00e9rablement \u00e0 l&rsquo;\u00e9conomie du continent.<\/p>\n<p>Dans ce sens, il a \u00e9t\u00e9 exhort\u00e9 aux \u00c9tats membres de l&rsquo;UA, qui ne l&rsquo;ont pas encore fait, \u00e0 acc\u00e9l\u00e9rer le processus de ratification de la Charte de la renaissance culturelle africaine et du Statut de la Commission africaine de l&rsquo;audiovisuel et du cin\u00e9ma en vue d\u2019assurer leur entr\u00e9e en vigueur et leur mise en \u0153uvre.<\/p>\n<p>En outre, il a \u00e9t\u00e9 demand\u00e9 au Gouvernement du Kenya de travailler en \u00e9troite collaboration avec la Commission de l&rsquo;UA pour rendre op\u00e9rationnel le Secr\u00e9tariat provisoire de la Commission africaine de l&rsquo;audiovisuel et du cin\u00e9ma (CAAC) et de faire rapport sur les progr\u00e8s accomplis dans ce domaine \u00e0 la 40e session ordinaire du Conseil ex\u00e9cutif.<\/p>\n<p>Il a aussi \u00e9t\u00e9 demand\u00e9 \u00e0 tous les \u00c9tats membres de l&rsquo;UA, \u00e0 l&rsquo;UNESCO et aux institutions culturelles panafricaines de soutenir le Gouvernement de la R\u00e9publique alg\u00e9rienne d\u00e9mocratique et populaire, ainsi que la Commission de l\u2019UA, dans la r\u00e9alisation concr\u00e8te du Grand Mus\u00e9e de l&rsquo;Afrique (GMA), et dans sa promotion en tant que projet phare de l&rsquo;Agenda 2063 de l&rsquo;UA et les invite \u00e0 participer au lancement continental du Grand Mus\u00e9e de l&rsquo;Afrique qui aura lieu en 2021 dans le cadre de l&rsquo;ann\u00e9e des arts, de la culture et du patrimoine.<\/p>\n<p>Il a \u00e9t\u00e9 demand\u00e9, de surcroit, \u00e0 tous les \u00c9tats membres et \u00e0 la Commission de l&rsquo;UA de promouvoir et de participer au lancement du Grand Mus\u00e9e \u00e9gyptien (GEM), le Mus\u00e9e de Gizeh au Caire et \u00e0 soutenir et \u00e0 participer \u00e0 la deuxi\u00e8me Biennale de Luanda sur une culture de la paix, qui se tiendra \u00e0 Luanda (Angola) en 2021. Cette initiative qui s\u2019inscrit dans le cadre de la feuille de route de la note conceptuelle du th\u00e8me de l&rsquo;UA pour l&rsquo;ann\u00e9e 2021 et qui devrait \u00eatre organis\u00e9e par la R\u00e9publique d&rsquo;Angola en collaboration avec l&rsquo;UNESCO et la Commission de l\u2019UA.<\/p>\n<p><span class=\"c4\"><span class=\"c5\"><strong>4. Rapport int\u00e9rimaire portant sur la r\u00e9forme institutionnelle de l\u2019Union africaine<\/strong><\/span><\/span><\/p>\n<p>Comme il avait l\u2019habitude de faire depuis qu\u2019il fut nomm\u00e9 champion des r\u00e9formes institutionnelles de l\u2019UA en 2016,\u00a0 le Pr\u00e9sident rwandais Paul Kagame a pr\u00e9sent\u00e9 le rapport int\u00e9rimaire sur la r\u00e9forme institutionnelle de l&rsquo;UA.<\/p>\n<p>Dans l&rsquo;ensemble, des progr\u00e8s satisfaisants ont \u00e9t\u00e9 accomplis dans la mise en \u0153uvre du programme de r\u00e9forme. Parmi les principaux faits saillants, il conviendra de noter la r\u00e9forme des hautes autorit\u00e9s de la Commission de l\u2019UA ; l&rsquo;adoption d&rsquo;une nouvelle structure d\u00e9partementale de cette Commission \u00e9tablissant un r\u00e9gime de sanctions plus strict contre les \u00c9tats membres ne versant pas leurs contributions statutaires ; la mise en place d\u2019un nouveau bar\u00e8me de contributions des \u00c9tats membres au budget de l&rsquo;UA, qui a permis d\u2019am\u00e9liorer le partage de la charge globale ; la cr\u00e9ation d\u2019un Fonds pour la paix revitalis\u00e9 gr\u00e2ce \u00e0 un syst\u00e8me de gouvernance et de contr\u00f4le renforc\u00e9s, ainsi que 206,6 millions de dollars de contributions des \u00c9tats membres de l\u2019UA depuis 2017. Enfin, les r\u00e9formes budg\u00e9taires visant \u00e0 am\u00e9liorer l\u2019efficacit\u00e9 et l\u2019efficience globales de l\u2019utilisation des ressources de l\u2019Union.<\/p>\n<p>Pour 2021, la priorit\u00e9 devra \u00eatre donn\u00e9e aux domaines de travail suivants :<\/p>\n<p class=\"c6\"><span class=\"c2\"><strong>a)<\/strong><\/span> L\u2019ach\u00e8vement des travaux sur une r\u00e9partition efficace des t\u00e2ches entre l&rsquo;Union africaine (UA), les Communaut\u00e9s \u00e9conomiques r\u00e9gionales (CER) et les \u00c9tats membres.<\/p>\n<p class=\"c6\"><span class=\"c2\"><strong>b)<\/strong><\/span> La r\u00e9forme de la Commission de l&rsquo;UA n&rsquo;est pas encore achev\u00e9e. Si la nouvelle structure d\u00e9partementale a \u00e9t\u00e9 adopt\u00e9e, le processus d&rsquo;\u00e9laboration de propositions pour la restructuration des bureaux r\u00e9gionaux et des bureaux de liaison et de repr\u00e9sentation reste \u00e0 conclure.<\/p>\n<p class=\"c6\"><span class=\"c2\"><strong>c)<\/strong><\/span> Les propositions de r\u00e9forme du Parlement panafricain et des organes judiciaires et quasi judiciaires.<\/p>\n<p class=\"c6\"><span class=\"c2\"><strong>d)<\/strong><\/span> La mise en \u0153uvre de la nouvelle structure de la Commission de l&rsquo;UA \u00e0 laquelle il conviendra de donner la priorit\u00e9 en veillant \u00e0 ce que l&rsquo;audit des comp\u00e9tences et les recrutements de la phase 1 du plan de transition soient entrepris de mani\u00e8re cr\u00e9dible et transparente.<\/p>\n<p class=\"c6\"><span class=\"c2\"><strong>e)<\/strong><\/span> L&rsquo;am\u00e9lioration de l&rsquo;administration g\u00e9n\u00e9rale et du fonctionnement des services de la Commission de l&rsquo;UA ainsi que le traitement des goulets d&rsquo;\u00e9tranglement administratifs restent \u00e0 r\u00e9aliser et n\u00e9cessiteront une attention particuli\u00e8re.<\/p>\n<p class=\"c6\"><span class=\"c2\"><strong>f)<\/strong><\/span> La question du renforcement des partenariats de l\u2019UA est toujours en discussion entre les \u00c9tats membres.<\/p>\n<p class=\"c6\"><span class=\"c2\"><strong>g)<\/strong><\/span> Il y a encore du travail \u00e0 effectuer sur la r\u00e9forme des m\u00e9thodes de travail du Comit\u00e9 des repr\u00e9sentants permanents. Cela n\u00e9cessitera une grande pr\u00e9paration, un engagement des \u00c9tats membres ainsi qu\u2019une collaboration \u00e9troite avec le Bureau du COREP pour convenir d&rsquo;une feuille de route et des principales \u00e9tapes \u00e0 franchir.<\/p>\n<p class=\"c6\"><span class=\"c2\"><strong>h)<\/strong><\/span> Le renforcement de l&rsquo;efficacit\u00e9 du Conseil de paix et de s\u00e9curit\u00e9 (CPS), conform\u00e9ment \u00e0 son mandat, constitue un autre progr\u00e8s remarquable, qui n\u00e9cessitera la d\u00e9finition d\u2019une approche et d\u2019une feuille de route en accord avec les membres du CPS.<\/p>\n<p>Par ailleurs, il a \u00e9t\u00e9 demand\u00e9 \u00e0 la Commission de finaliser les priorit\u00e9s de r\u00e9forme restantes pour examen par les organes d\u00e9lib\u00e9rants en janvier\/f\u00e9vrier 2022 et de veiller \u00e0 ce que des consultations approfondies soient men\u00e9es avec toutes les parties prenantes concern\u00e9es et \u00e0 ce qu&rsquo;il soit fait appel \u00e0 des experts africains ind\u00e9pendants lors de l&rsquo;\u00e9laboration de toutes les propositions de r\u00e9forme.<\/p>\n<p>Il a \u00e9t\u00e9 rappel\u00e9, en outre, la n\u00e9cessit\u00e9 de prendre des mesures urgentes et imm\u00e9diates pour faire respecter les r\u00e8gles et obliger les int\u00e9ress\u00e9s \u00e0 rendre des comptes et de mettre imm\u00e9diatement en \u0153uvre les recommandations de l&rsquo;audit m\u00e9dico-l\u00e9gal ind\u00e9pendant, y compris les mesures disciplinaires \u00e0 l&rsquo;encontre du personnel concern\u00e9.<\/p>\n<p>Aussi et en ce qui concerne la d\u00e9cision sur le nouveau syst\u00e8me des quotas \u00e0 l\u2019\u00e9chelle de l\u2019UA, la conf\u00e9rence a approuv\u00e9 le nouveau syst\u00e8me qui consiste en une \u00e9quation bas\u00e9e sur les deux principes fondamentaux de solidarit\u00e9 (adh\u00e9sion) et d&rsquo;\u00e9quit\u00e9 (bar\u00e8me des contributions) \u00e0 taux \u00e9gal de 50% chacun, qui s&rsquo;appliquera au recrutement de chaque cat\u00e9gorie de postes professionnels \u00e0 pourvoir \u00e0 titre permanent, \u00e0 dur\u00e9e d\u00e9termin\u00e9e ou \u00e0 titre non permanent dans toutes les structures de l&rsquo;Union et qui devra tenir compte de la parit\u00e9 hommes-femmes et des jeunes.<\/p>\n<p><span class=\"c4\"><span class=\"c5\"><strong>5. Pour les questions de l\u2019int\u00e9gration continentale en Afrique<\/strong><\/span><\/span><\/p>\n<p>Il a \u00e9t\u00e9 rappel\u00e9 la r\u00e9union de coordination semestrielle qui constitua le principal forum permettant \u00e0 l&rsquo;Union africaine et aux CER d&rsquo;harmoniser leurs travaux et de coordonner la mise en \u0153uvre du programme d&rsquo;int\u00e9gration continental.<br \/>Il a \u00e9t\u00e9 rappel\u00e9 aussi le rapport de la deuxi\u00e8me r\u00e9union de coordination semestrielle qui s&rsquo;est tenue virtuellement le 22 octobre 2020, ainsi que de sa d\u00e9claration et des recommandations qu&rsquo;il contient, notamment en:<\/p>\n<p><span class=\"c2\"><strong>a.<\/strong><\/span> se f\u00e9licitant des progr\u00e8s louables accomplis par la Commission de l\u2019UA, l&rsquo;ADUA-NEPAD, le Secr\u00e9tariat de la ZLECAf, le MAEP, les CER, les MR et les \u00c9tats membres dans l&rsquo;\u00e9laboration de la proposition d\u00e9taill\u00e9e sur la division du travail dans les secteurs du commerce, des affaires politiques et de la paix et de la s\u00e9curit\u00e9 ;<\/p>\n<p><span class=\"c2\"><strong>b.<\/strong><\/span> demandant aux \u00c9tats membres, \u00e0 la Commission de l&rsquo;UA, \u00e0 l&rsquo;ADUA-NEPAD et aux CER \/ MR de finaliser la question de la division du travail dans les secteurs restants en vue de sa pr\u00e9sentation \u00e0 la 35e session ordinaire de la Conf\u00e9rence de l&rsquo;UA en f\u00e9vrier 2022 apr\u00e8s avoir \u00e9t\u00e9 examin\u00e9e de fa\u00e7on appropri\u00e9e par la troisi\u00e8me r\u00e9union de coordination semestrielle pr\u00e9vue en juillet 2021, ainsi que par d\u2019autres organes d\u00e9lib\u00e9rants comp\u00e9tents.<\/p>\n<p>Par ailleurs, la conf\u00e9rence a f\u00e9licit\u00e9 les \u00c9tats membres qui ont ratifi\u00e9 les instruments juridiques relatifs \u00e0 la cr\u00e9ation des institutions financi\u00e8res pertinentes de l&rsquo;UA et leur a demand\u00e9 de les int\u00e9grer. Elle exhorta \u00e9galement les \u00c9tats membres qui ne l&rsquo;ont pas encore fait \u00e0 signer et \u00e0 ratifier les instruments relatifs aux Institutions financi\u00e8res de l\u2019UA.<\/p>\n<p>Le Pr\u00e9sident de la R\u00e9publique du Tchad va accueillir la troisi\u00e8me r\u00e9union de coordination semestrielle, pr\u00e9vue en juillet 2021, \u00e0 N&rsquo;djamena (Tchad).<\/p>\n<p><span class=\"c4\"><span class=\"c5\"><strong>En conclusion<\/strong><\/span><\/span><\/p>\n<p>En d\u00e9pit de la pand\u00e9mie Covid-19, le 34e Sommet de l\u2019Union africaine a eu lieu, comme d\u2019habitude, dans les d\u00e9lais pr\u00e9vus, de fa\u00e7on virtuelle.<\/p>\n<p>Certes, c\u2019est la premi\u00e8re fois que l\u2019organisation panafricaine organise une rencontre d\u2019une telle envergure online, s\u00e9curit\u00e9 et sant\u00e9 obligent. Il est important de souligner, par ailleurs, les grands efforts entrepris par les techniciens de l\u2019UA, ainsi que le bureau du Conseiller juridique de l\u2019UA. N\u00e9anmoins, ceux qui avaient suivi l\u2019\u00e9v\u00e9nement sur la cha\u00eene Youtube de l\u2019UA ont pu d\u00e9tecter des probl\u00e8mes de son, au point de rendre les discours compl\u00e8tement incompr\u00e9hensibles. De surcroit, il n\u2019\u00e9tait pas possible d\u2019avoir un service de traduction pour ceux qui suivaient l\u2019\u00e9v\u00e9nement sur la chaine Youtube. Ce sont des probl\u00e8mes techniques auxquels l\u2019UA pourrait certainement rem\u00e9dier lors des prochains RDV virtuels, si jamais la crise sanitaire va continuer.<\/p>\n<p>Pour ce qui est de la date et lieu de la 35e session ordinaire de la Conf\u00e9rence de l\u2019UA, il a \u00e9t\u00e9 d\u00e9cid\u00e9 qu\u2019elle se tiendra \u00e0 Addis-Abeba (\u00c9thiopie), comme suit :<\/p>\n<p class=\"c6\"><span class=\"c2\"><strong>\u2022<\/strong><\/span> Quarante-troisi\u00e8me (43e) session ordinaire du Comit\u00e9 des Repr\u00e9sentants permanents COREP): 20 et 21 janvier 2022 ;<br \/><span class=\"c2\"><strong>\u2022<\/strong><\/span> Quaranti\u00e8me (40e) session ordinaire du Conseil ex\u00e9cutif : 02 et 03 f\u00e9vrier 2022 ;<br \/><span class=\"c2\"><strong>\u2022<\/strong><\/span> Trente-cinqui\u00e8me (35e) session ordinaire de la Conf\u00e9rence : 05 et 06 f\u00e9vrier 2022.<\/p>\n<p>Pour ce qui est des dates de la 3e r\u00e9union de coordination semestrielle et des sessions pr\u00e9c\u00e9dentes du Conseil ex\u00e9cutif et du COREP, qui se tiendront au si\u00e8ge de l&rsquo;UA \u00e0 Addis-Abeba (\u00c9thiopie), seront les suivantes :<\/p>\n<p class=\"c6\"><span class=\"c2\"><strong>\u2022<\/strong><\/span> Quarante-deuxi\u00e8me (42e) session ordinaire du COREP : les 15 et 16 juin 2021 au si\u00e8ge de l&rsquo;UA ;<\/p>\n<p class=\"c6\"><span class=\"c2\"><strong>\u2022<\/strong><\/span> Trente-neuvi\u00e8me (39e) session ordinaire du Conseil ex\u00e9cutif : les 1er et 2 juillet 2021, \u00e0 Ndjamena (R\u00e9publique du Tchad) ;<\/p>\n<p class=\"c6\"><span class=\"c2\"><strong>\u2022<\/strong><\/span> Troisi\u00e8me (3e) r\u00e9union de coordination semestrielle entre l&rsquo;Union africaine et les CER : le 4 juillet 2021, \u00e0 Ndjamena (R\u00e9publique du Tchad) ;<\/p>\n<p>Il a \u00e9t\u00e9 d\u00e9cid\u00e9, en outre, que le nouveau Pr\u00e9sident de l&rsquo;Union africaine pour 2022 sera la R\u00e9publique du S\u00e9n\u00e9gal.<br \/>Par ailleurs, la Conf\u00e9rence a pris note de l\u2019excellente proposition, pr\u00e9sent\u00e9e par la R\u00e9publique du Togo, de d\u00e9clarer la d\u00e9cennie 2021-2031 \u00ab\u00a0D\u00e9cennie des racines africaines et des diasporas\u00a0\u00bb et demanda au Togo, en collaboration avec la Commission, de mettre en place un Haut Comit\u00e9 charg\u00e9 de l&rsquo;Agenda 2021-2031, D\u00e9cennie des racines africaines et des diasporas ; prendre les mesures et dispositions n\u00e9cessaires pour la mise en \u0153uvre et l&rsquo;ach\u00e8vement effectifs de ce projet de \u00ab\u00a0D\u00e9cennie des racines africaines et des diasporas\u00a0\u00bb et de soutenir la tenue de tous les \u00e9v\u00e9nements, tels que l&rsquo;organisation du Forum des descendants africains en ao\u00fbt 2021 ou en mars 2022 en Guin\u00e9e \u00e9quatoriale, un Congr\u00e8s annuel des diasporas africaines et d&rsquo;autres initiatives impliquant des membres des diasporas et des communaut\u00e9s d&rsquo;origine africaine o\u00f9 qu&rsquo;ils se trouvent dans le monde ; collaborer avec tous les \u00c9tats membres de l&rsquo;Union africaine et les autres parties prenantes (les communaut\u00e9s \u00e9conomiques r\u00e9gionales, les institutions internationales telles que le syst\u00e8me des Nations unies, le FMI, la Banque mondiale et autres partenaires internationaux, les organisations de communaut\u00e9s d&rsquo;ascendance africaine, les ONG de d\u00e9veloppement et la diaspora africaine&#8230;) afin d&rsquo;atteindre les r\u00e9sultats escompt\u00e9s de la \u00ab\u00a0D\u00e9cennie 2021-2031, D\u00e9cennie des racines africaines et des diasporas\u00a0\u00bb.<\/p>\n<p><strong>Hajer Gueldich<\/strong><br \/><span class=\"c3\"><em>Professeure agr\u00e9g\u00e9e des Universit\u00e9s \u00e0 la Facult\u00e9 des sciences juridiques, politiques et sociales de Tunis- Universit\u00e9 de Carthage,<br \/>Directrice du Master de recherche en droit et politiques de l\u2019Union africaine et\u00a0 Responsable de la Chaire des \u00e9tudes africaines<\/em><\/span><br \/>\u00a0<\/p>\n<p>Auteur:<br \/>\n<a href=\"https:\/\/www.leaders.com.tn\/article\/31400-la-34e-session-ordinaire-de-la-conference-des-chefs-d-etat-et-de-gouvernement-africains-le-premier-sommet-en-mode-virtuel-dans-la-vie-de-l-organisation-panafricaine\">Cliquez ici pour lire l&rsquo;article depuis sa source.<\/a><\/p>\n","protected":false},"excerpt":{"rendered":"<p>Par Hajer Gueldich &#8211; Les 6 et 7 f\u00e9vrier 2021 ont \u00e9t\u00e9 marqu\u00e9s par un \u00e9v\u00e9nement fort important pour l\u2019Union africaine. Il s\u2019agit de la 34e session ordinaire de la Conf\u00e9rence des Chefs d\u2019Etat et de gouvernement de l\u2019Union africaine, un RDV annuel que tous les pays africains suivent avec grand int\u00e9r\u00eat pour conna\u00eetre les [&hellip;]<\/p>\n","protected":false},"author":1772,"featured_media":0,"comment_status":"closed","ping_status":"closed","sticky":false,"template":"","format":"standard","meta":{"fifu_image_url":"","fifu_image_alt":"","footnotes":""},"categories":[73,55],"tags":[],"class_list":["post-110844","post","type-post","status-publish","format-standard","hentry","category-actualite","category-tunisie"],"_links":{"self":[{"href":"https:\/\/linitiative.ca\/International\/wp-json\/wp\/v2\/posts\/110844","targetHints":{"allow":["GET"]}}],"collection":[{"href":"https:\/\/linitiative.ca\/International\/wp-json\/wp\/v2\/posts"}],"about":[{"href":"https:\/\/linitiative.ca\/International\/wp-json\/wp\/v2\/types\/post"}],"author":[{"embeddable":true,"href":"https:\/\/linitiative.ca\/International\/wp-json\/wp\/v2\/users\/1772"}],"replies":[{"embeddable":true,"href":"https:\/\/linitiative.ca\/International\/wp-json\/wp\/v2\/comments?post=110844"}],"version-history":[{"count":0,"href":"https:\/\/linitiative.ca\/International\/wp-json\/wp\/v2\/posts\/110844\/revisions"}],"wp:attachment":[{"href":"https:\/\/linitiative.ca\/International\/wp-json\/wp\/v2\/media?parent=110844"}],"wp:term":[{"taxonomy":"category","embeddable":true,"href":"https:\/\/linitiative.ca\/International\/wp-json\/wp\/v2\/categories?post=110844"},{"taxonomy":"post_tag","embeddable":true,"href":"https:\/\/linitiative.ca\/International\/wp-json\/wp\/v2\/tags?post=110844"}],"curies":[{"name":"wp","href":"https:\/\/api.w.org\/{rel}","templated":true}]}}